{"id":8093,"date":"2018-12-14T10:23:19","date_gmt":"2018-12-14T09:23:19","guid":{"rendered":"http:\/\/bisbalpenedes.com\/web\/?p=8093"},"modified":"2018-12-14T10:28:01","modified_gmt":"2018-12-14T09:28:01","slug":"saprova-la-licitacio-dels-serveis-del-raco-de-la-gent-gran","status":"publish","type":"post","link":"https:\/\/bisbalpenedes.com\/web\/2018\/12\/14\/saprova-la-licitacio-dels-serveis-del-raco-de-la-gent-gran\/","title":{"rendered":"S&#8217;aprova la licitaci\u00f3 de diversos serveis del Rac\u00f3 de la Gent Gran"},"content":{"rendered":"<p><a href=\"http:\/\/bisbalpenedes.com\/web\/wp-content\/uploads\/2018\/12\/RACO-GENT-GRAN-3.jpg\"><img loading=\"lazy\" class=\"aligncenter size-large wp-image-8094\" src=\"http:\/\/bisbalpenedes.com\/web\/wp-content\/uploads\/2018\/12\/RACO-GENT-GRAN-3-1024x576.jpg\" alt=\"RACO GENT GRAN 3\" width=\"630\" height=\"354\" srcset=\"https:\/\/bisbalpenedes.com\/web\/wp-content\/uploads\/2018\/12\/RACO-GENT-GRAN-3-1024x576.jpg 1024w, https:\/\/bisbalpenedes.com\/web\/wp-content\/uploads\/2018\/12\/RACO-GENT-GRAN-3-600x338.jpg 600w, https:\/\/bisbalpenedes.com\/web\/wp-content\/uploads\/2018\/12\/RACO-GENT-GRAN-3-300x169.jpg 300w, https:\/\/bisbalpenedes.com\/web\/wp-content\/uploads\/2018\/12\/RACO-GENT-GRAN-3-768x432.jpg 768w, https:\/\/bisbalpenedes.com\/web\/wp-content\/uploads\/2018\/12\/RACO-GENT-GRAN-3.jpg 1600w\" sizes=\"(max-width: 630px) 100vw, 630px\" \/><\/a><\/p>\n<p><span style=\"color: #000000;\">La Junta de Govern Local del dilluns 10 de desembre de 2018 ha aprovat la licitaci\u00f3 per dos anys (2019 i 2020) per un import de 45.436,20 euros anuals (IVA incl\u00f2s) dels seg\u00fcents serveis del Rac\u00f3 de la Gent Gran:<\/span><\/p>\n<p style=\"padding-left: 30px;\"><span style=\"color: #000000;\">-Dinamitzaci\u00f3 del Rac\u00f3 de la Gent Gran de dilluns a divendres (4 hores per tarda). Es tracta d\u2019un servei que s\u2019ofereix gratu\u00eftament als majors de 65 anys.<\/span><\/p>\n<p style=\"padding-left: 30px;\"><span style=\"color: #000000;\">-Dinamitzaci\u00f3 del Parc de Salut (3 hores a la setmana). Per gaudir d\u2019aquest servei, els usuaris paguen 30\u20ac de forma trimestral.<\/span><\/p>\n<p style=\"padding-left: 30px;\"><span style=\"color: #000000;\">-Benestar emocional (2 hores a la setmana). Per participar en aquests tallers, els usuaris abonen la quantitat de 15\u20ac per trimestre.<\/span><\/p>\n<p><span style=\"color: #000000;\">El Rac\u00f3 de la Gent Gran \u00e9s un espai, ubicat a la pla\u00e7a de l\u2019Era de Batre, que est\u00e0 dedicat als majors de 65 anys del municipi. Aquest equipament va comen\u00e7ar a prestar servei el passat mes de setembre i, aleshores, es va fer un contracte menor per poder oferir els serveis a les tardes mentre s\u2019hi traslladaven els serveis que, fins aquell moment, s\u2019havien fet al Centre Municipal de Cultura, com ara els tallers de Benestar Emocional.<\/span><\/p>\n<p>&nbsp;<\/p>\n<p><span style=\"color: #000000;\"><strong>CASTELLANO |<\/strong> La Junta de Gobierno Local del lunes 10 de diciembre del 2018 ha aprobado la licitaci\u00f3n para dos a\u00f1os (2019 y 2020) por un importe de 45.436,20 euros anuales (IVA incluido) de los siguientes servicios del Rac\u00f3 de la Gent Gran:<\/span><\/p>\n<p style=\"padding-left: 30px;\"><span style=\"color: #000000;\">-Dinamizaci\u00f3n del Rac\u00f3 de la Gent Gran de lunes a viernes (4 horas por la tarde). Se trata de un servicio que se ofrece gratuitamente a los mayores de 65 a\u00f1os.<\/span><\/p>\n<p style=\"padding-left: 30px;\"><span style=\"color: #000000;\">-Dinamizaci\u00f3n del Parc de la Salut (3 horas a la semana). Para disfrutar de este servicio, los usuarios pagan 30\u20ac de forma trimestral.<\/span><\/p>\n<p style=\"padding-left: 30px;\"><span style=\"color: #000000;\">-Bienestar emocional (2 horas a la semana). Para participar en estos talleres, los usuarios abonan la cantidad de 15\u20ac por trimestre.<\/span><\/p>\n<p><span style=\"color: #000000;\">El Rac\u00f3 de la Gent Gran es un espacio, ubicado en la pla\u00e7a de l\u2019Era de Batre, que est\u00e1 dedicado a los mayores de 65 a\u00f1os del municipio. Este equipamiento empez\u00f3 a prestar servicio el pasado mes de septiembre y, entonces, se hizo un contrato menor para poder ofrecer los servicios por las tardes mientras se trasladaban all\u00ed los servicios que, hasta este momento, se hab\u00edan hecho en el Centre Municipal de Cultura, como por ejemplo los talleres de Bienestar Emocional.<\/span><\/p>\n","protected":false},"excerpt":{"rendered":"<p>La Junta de Govern Local del dilluns 10 de desembre de 2018 ha aprovat la licitaci\u00f3 per dos anys (2019 i 2020) per un import de 45.436,20 euros anuals (IVA &hellip; <a href=\"https:\/\/bisbalpenedes.com\/web\/2018\/12\/14\/saprova-la-licitacio-dels-serveis-del-raco-de-la-gent-gran\/\" class=\"more-link\">Read More<\/a><\/p>\n","protected":false},"author":4,"featured_media":8094,"comment_status":"closed","ping_status":"closed","sticky":false,"template":"","format":"standard","meta":[],"categories":[464],"tags":[230,304,1359,736,2115],"_links":{"self":[{"href":"https:\/\/bisbalpenedes.com\/web\/wp-json\/wp\/v2\/posts\/8093"}],"collection":[{"href":"https:\/\/bisbalpenedes.com\/web\/wp-json\/wp\/v2\/posts"}],"about":[{"href":"https:\/\/bisbalpenedes.com\/web\/wp-json\/wp\/v2\/types\/post"}],"author":[{"embeddable":true,"href":"https:\/\/bisbalpenedes.com\/web\/wp-json\/wp\/v2\/users\/4"}],"replies":[{"embeddable":true,"href":"https:\/\/bisbalpenedes.com\/web\/wp-json\/wp\/v2\/comments?post=8093"}],"version-history":[{"count":2,"href":"https:\/\/bisbalpenedes.com\/web\/wp-json\/wp\/v2\/posts\/8093\/revisions"}],"predecessor-version":[{"id":8096,"href":"https:\/\/bisbalpenedes.com\/web\/wp-json\/wp\/v2\/posts\/8093\/revisions\/8096"}],"wp:featuredmedia":[{"embeddable":true,"href":"https:\/\/bisbalpenedes.com\/web\/wp-json\/wp\/v2\/media\/8094"}],"wp:attachment":[{"href":"https:\/\/bisbalpenedes.com\/web\/wp-json\/wp\/v2\/media?parent=8093"}],"wp:term":[{"taxonomy":"category","embeddable":true,"href":"https:\/\/bisbalpenedes.com\/web\/wp-json\/wp\/v2\/categories?post=8093"},{"taxonomy":"post_tag","embeddable":true,"href":"https:\/\/bisbalpenedes.com\/web\/wp-json\/wp\/v2\/tags?post=8093"}],"curies":[{"name":"wp","href":"https:\/\/api.w.org\/{rel}","templated":true}]}}