{"id":8085,"date":"2018-12-13T15:47:02","date_gmt":"2018-12-13T14:47:02","guid":{"rendered":"http:\/\/bisbalpenedes.com\/web\/?p=8085"},"modified":"2018-12-13T15:51:32","modified_gmt":"2018-12-13T14:51:32","slug":"lalcaldessa-us-desitja-bones-festes-i-us-convida-a-recollir-el-calendari-que-edita-lajuntament","status":"publish","type":"post","link":"https:\/\/bisbalpenedes.com\/web\/2018\/12\/13\/lalcaldessa-us-desitja-bones-festes-i-us-convida-a-recollir-el-calendari-que-edita-lajuntament\/","title":{"rendered":"L&#8217;alcaldessa us desitja bones festes i us convida a recollir el calendari que edita l&#8217;Ajuntament"},"content":{"rendered":"<p><a href=\"http:\/\/bisbalpenedes.com\/web\/wp-content\/uploads\/2018\/12\/Felicitacio-calendari.jpg\"><img loading=\"lazy\" class=\"aligncenter size-large wp-image-8087\" src=\"http:\/\/bisbalpenedes.com\/web\/wp-content\/uploads\/2018\/12\/Felicitacio-calendari-724x1024.jpg\" alt=\"Felicitacio calendari\" width=\"630\" height=\"891\" srcset=\"https:\/\/bisbalpenedes.com\/web\/wp-content\/uploads\/2018\/12\/Felicitacio-calendari-724x1024.jpg 724w, https:\/\/bisbalpenedes.com\/web\/wp-content\/uploads\/2018\/12\/Felicitacio-calendari-600x849.jpg 600w, https:\/\/bisbalpenedes.com\/web\/wp-content\/uploads\/2018\/12\/Felicitacio-calendari-212x300.jpg 212w, https:\/\/bisbalpenedes.com\/web\/wp-content\/uploads\/2018\/12\/Felicitacio-calendari-768x1086.jpg 768w, https:\/\/bisbalpenedes.com\/web\/wp-content\/uploads\/2018\/12\/Felicitacio-calendari-scaled.jpg 1810w\" sizes=\"(max-width: 630px) 100vw, 630px\" \/><\/a><\/p>\n<p>&nbsp;<\/p>\n<p><span style=\"color: #000000;\">A partir del dilluns 17 de desembre podreu recollir el calendari de l&#8217;any 2019 a l&#8217;Ajuntament. Se n&#8217;entregar\u00e0 un per habitatge. Bones festes!<\/span><\/p>\n<hr \/>\n<p><span style=\"color: #000000;\">A partir del lunes 17 de diciembre podr\u00e9is recoger el calendario del a\u00f1o 2019 en el Ayuntamiento. Se entregar\u00e1 uno por vivienda. \u00a1Felicies fiestas!<\/span><\/p>\n","protected":false},"excerpt":{"rendered":"<p>&nbsp; A partir del dilluns 17 de desembre podreu recollir el calendari de l&#8217;any 2019 a l&#8217;Ajuntament. Se n&#8217;entregar\u00e0 un per habitatge. Bones festes! A partir del lunes 17 de &hellip; <a href=\"https:\/\/bisbalpenedes.com\/web\/2018\/12\/13\/lalcaldessa-us-desitja-bones-festes-i-us-convida-a-recollir-el-calendari-que-edita-lajuntament\/\" class=\"more-link\">Read More<\/a><\/p>\n","protected":false},"author":4,"featured_media":8087,"comment_status":"closed","ping_status":"closed","sticky":false,"template":"","format":"standard","meta":[],"categories":[2402],"tags":[738,2664,1023],"_links":{"self":[{"href":"https:\/\/bisbalpenedes.com\/web\/wp-json\/wp\/v2\/posts\/8085"}],"collection":[{"href":"https:\/\/bisbalpenedes.com\/web\/wp-json\/wp\/v2\/posts"}],"about":[{"href":"https:\/\/bisbalpenedes.com\/web\/wp-json\/wp\/v2\/types\/post"}],"author":[{"embeddable":true,"href":"https:\/\/bisbalpenedes.com\/web\/wp-json\/wp\/v2\/users\/4"}],"replies":[{"embeddable":true,"href":"https:\/\/bisbalpenedes.com\/web\/wp-json\/wp\/v2\/comments?post=8085"}],"version-history":[{"count":5,"href":"https:\/\/bisbalpenedes.com\/web\/wp-json\/wp\/v2\/posts\/8085\/revisions"}],"predecessor-version":[{"id":8092,"href":"https:\/\/bisbalpenedes.com\/web\/wp-json\/wp\/v2\/posts\/8085\/revisions\/8092"}],"wp:featuredmedia":[{"embeddable":true,"href":"https:\/\/bisbalpenedes.com\/web\/wp-json\/wp\/v2\/media\/8087"}],"wp:attachment":[{"href":"https:\/\/bisbalpenedes.com\/web\/wp-json\/wp\/v2\/media?parent=8085"}],"wp:term":[{"taxonomy":"category","embeddable":true,"href":"https:\/\/bisbalpenedes.com\/web\/wp-json\/wp\/v2\/categories?post=8085"},{"taxonomy":"post_tag","embeddable":true,"href":"https:\/\/bisbalpenedes.com\/web\/wp-json\/wp\/v2\/tags?post=8085"}],"curies":[{"name":"wp","href":"https:\/\/api.w.org\/{rel}","templated":true}]}}