{"id":8081,"date":"2018-12-13T15:33:09","date_gmt":"2018-12-13T14:33:09","guid":{"rendered":"http:\/\/bisbalpenedes.com\/web\/?p=8081"},"modified":"2018-12-13T15:33:09","modified_gmt":"2018-12-13T14:33:09","slug":"lalcaldessa-ha-assistit-a-la-presentacio-de-el-mapa-municipal-de-catalunya-aquest-dijous-13-de-desembre","status":"publish","type":"post","link":"https:\/\/bisbalpenedes.com\/web\/2018\/12\/13\/lalcaldessa-ha-assistit-a-la-presentacio-de-el-mapa-municipal-de-catalunya-aquest-dijous-13-de-desembre\/","title":{"rendered":"L&#8217;alcaldessa ha assistit a la presentaci\u00f3 de &#8220;El mapa municipal de Catalunya&#8221; aquest dijous 13 de desembre"},"content":{"rendered":"<p style=\"text-align: justify;\"><a href=\"http:\/\/bisbalpenedes.com\/web\/wp-content\/uploads\/2018\/12\/PHOTO-2018-12-13-10-05-36.jpg\"><img loading=\"lazy\" class=\"aligncenter size-medium wp-image-8083\" src=\"http:\/\/bisbalpenedes.com\/web\/wp-content\/uploads\/2018\/12\/PHOTO-2018-12-13-10-05-36-300x225.jpg\" alt=\"mapa catalunya presentacio\" width=\"300\" height=\"225\" srcset=\"https:\/\/bisbalpenedes.com\/web\/wp-content\/uploads\/2018\/12\/PHOTO-2018-12-13-10-05-36-300x225.jpg 300w, https:\/\/bisbalpenedes.com\/web\/wp-content\/uploads\/2018\/12\/PHOTO-2018-12-13-10-05-36-600x450.jpg 600w, https:\/\/bisbalpenedes.com\/web\/wp-content\/uploads\/2018\/12\/PHOTO-2018-12-13-10-05-36-768x576.jpg 768w, https:\/\/bisbalpenedes.com\/web\/wp-content\/uploads\/2018\/12\/PHOTO-2018-12-13-10-05-36-1024x768.jpg 1024w, https:\/\/bisbalpenedes.com\/web\/wp-content\/uploads\/2018\/12\/PHOTO-2018-12-13-10-05-36.jpg 1599w\" sizes=\"(max-width: 300px) 100vw, 300px\" \/><\/a><\/p>\n<p style=\"text-align: justify;\"><span style=\"font-size: 10pt; font-family: Verdana, sans-serif; color: #000000;\">L\u2019alcaldessa de la Bisbal del Pened\u00e8s, Agn\u00e8s Ferr\u00e9, ha assistit aquest dijous al mat\u00ed a la presentaci\u00f3 de \u201cEl mapa municipal de Catalunya. Una eina de pa\u00eds\u201d, un document en el qual s\u2019est\u00e0 treballant des de la Direcci\u00f3 General d\u2019Administraci\u00f3 Local i l\u2019Institut Cartogr\u00e0fic i Geol\u00f2gic de Catalunya. Es tracta d\u2019una base de dades 2D d\u2019escala 1:5 000 dels tra\u00e7ats de les l\u00ednies i fites corresponents als l\u00edmits municipals oficials del territori i que conforma l\u2019arxiu general de dades i metadades del conjunt de termes municipals de Catalunya. El prop\u00f2sit del mapa \u00e9s l\u2019acompliment del Decret 244\/2007, de 6 de novembre, pel qual es regula la constituci\u00f3 i la demarcaci\u00f3 territorial dels municipis, les entitats municipals descentralitzades i de les mancomunitats de Catalunya que tamb\u00e9 donar\u00e0 resposta a altres usos: efectuar an\u00e0lisi espacial; representaci\u00f3 en visors geogr\u00e0fics, descarregar dades, consultar informaci\u00f3 i generar informes. En aquest sentit, com que les dades referides a la validesa legal dels objectes s\u00f3n consistents i correctes, ser\u00e0 una eina que donar\u00e0 garanties jur\u00eddiques als t\u00e8cnics que n\u2019extreguin informaci\u00f3.<\/span><\/p>\n<p style=\"text-align: justify;\"><span style=\"font-size: 10pt; font-family: Verdana, sans-serif; color: #000000;\">La presentaci\u00f3 de la jornada ha anat a c\u00e0rrec de Miquel \u00c0ngel Escobar, secretari d\u2019Administracions Locals i de Relacions amb l\u2019Aran, i Jaume Mass\u00f3, director de l\u2019Institut Cartogr\u00e0fic i Geol\u00f2gic de Catalunya. Durant la presentaci\u00f3 han tingut lloc les seg\u00fcents pon\u00e8ncies:<\/span><\/p>\n<p style=\"text-align: justify; padding-left: 30px;\"><span style=\"font-size: 10pt; font-family: Verdana, sans-serif; color: #000000;\">-\u201cQu\u00e8 \u00e9s el mapa municipal de Catalunya\u201d a c\u00e0rrec de la subdirectora general d\u2019Assist\u00e8ncia Jur\u00eddica i R\u00e8gim Local, \u00c0ngels Canals.<\/span><\/p>\n<p style=\"text-align: justify; padding-left: 30px;\"><span style=\"font-size: 10pt; font-family: Verdana, sans-serif; color: #000000;\">-\u201cDelimitaci\u00f3 municipal. Segles XX i XXI\u201d a c\u00e0rrec de Jaume Mass\u00f3<\/span><\/p>\n<p style=\"text-align: justify; padding-left: 30px;\"><span style=\"font-size: 10pt; font-family: Verdana, sans-serif; color: #000000;\">-\u201cEls nous instruments per a la fixaci\u00f3 de la l\u00ednia de terme\u201d a c\u00e0rrec de Francesc Carb\u00f3, cap de l\u2019\u00c0rea de cartografia de l\u2019institut Cartogr\u00e0fic i Geol\u00f2gic de Catalunya<\/span><\/p>\n<p style=\"text-align: justify; padding-left: 30px;\"><span style=\"font-size: 10pt; font-family: Verdana, sans-serif; color: #000000;\">-\u201cUna eina viva\u201d a c\u00e0rrec de Jaume Surroca, t\u00e8cnic de la Direcci\u00f3 General d\u2019Administraci\u00f3 Local.<\/span><\/p>\n<p style=\"text-align: justify;\"><span style=\"font-size: 10pt; font-family: Verdana, sans-serif; color: #000000;\">La cloenda ha anat a c\u00e0rrec de Rosa Vestit, directora general d\u2019Administraci\u00f3 Local.<\/span><\/p>\n<hr \/>\n<p style=\"text-align: justify;\"><span style=\"font-size: 10pt; font-family: Verdana, sans-serif; color: #000000;\"><strong>CASTELLANO |<\/strong> La alcaldesa de la Bisbal del Pened\u00e8s, Agn\u00e8s Ferr\u00e9, ha asistido este jueves por la ma\u00f1ana a la presentaci\u00f3n de &#8220;El mapa municipal de Catalunya. Una herramienta de pa\u00eds&#8221;, un documento en el cual se est\u00e1 trabajando desde la Direcci\u00f3 General d&#8217;Administraci\u00f3 Local y el Institut Cartogr\u00e0fic i Geol\u00f2gic de Catalunya. Se trata de una base de datos 2D de escala 1:5 000 de los trazados de las l\u00edneas y los hitos correspondientes a los l\u00edmites municipales oficiales del territorio y que conforma el archivo general de datos y metadatos del conjunto de t\u00e9rminos municipales de Catalunya. El prop\u00f3sito del mapa es el cumplimiento del Decreto 244\/2007, del 6 de noviembre, por el cual se regula la constituci\u00f3n y la demarcaci\u00f3n territorial de los municipios, las entidades municipales descentralizadas y de las mancomunidades de Catalunya que tambi\u00e9n dar\u00e1 respuesta a otros usos: efectuar an\u00e1lisis espacial; representaci\u00f3n en visores geogr\u00e1ficos, descargar datos, consultar informaci\u00f3n y generar informes. En este sentido, como que los datos referidos a la validez legal de los objetos son consistentes y correctos, ser\u00e1 una herramienta que dar\u00e1 garant\u00edas jur\u00eddicas a los t\u00e9cnicos que extraigan informaci\u00f3n del mapa.<\/span><\/p>\n<p style=\"text-align: justify;\"><span style=\"font-size: 10pt; font-family: Verdana, sans-serif; color: #000000;\">La presentaci\u00f3n de la jornada ha ido a cargo de Miquel \u00c0ngel Escobar, secretario de Administraciones Locales y de Relaciones con el Aran, y Jaume Mass\u00f3, director del Institut Cartogr\u00e0fic i Geol\u00f2gic de Catalunya. Durante la presentaci\u00f3n han tenido lugar las siguientes ponencias:<\/span><\/p>\n<p style=\"text-align: justify; padding-left: 30px;\"><span style=\"font-size: 10pt; font-family: Verdana, sans-serif; color: #000000;\">-\u201cQu\u00e9 es el\u00a0 mapa municipal de Catalunya&#8221; a cargo de la subdirectora general de Asistencia Jur\u00eddica y R\u00e9gimen Local, \u00c1ngels Canals.\u00a0<\/span><\/p>\n<p style=\"text-align: justify; padding-left: 30px;\"><span style=\"font-size: 10pt; font-family: Verdana, sans-serif; color: #000000;\">-\u201cDelimitaci\u00f3n municipal. Siglos XX y XXI&#8221; a cargo de Jaume Mass\u00f3<\/span><\/p>\n<p style=\"text-align: justify; padding-left: 30px;\"><span style=\"font-size: 10pt; font-family: Verdana, sans-serif; color: #000000;\">-\u201cLos nuevos instrumentos para la fijaci\u00f3n de la l\u00ednea del t\u00e9rmino&#8221; a cargo de Francesc Carb\u00f3, jefe del \u00c1rea de cartograf\u00eda del Institut Cartogr\u00e0fic i Geol\u00f2gic de Catalunya.\u00a0<\/span><\/p>\n<p style=\"text-align: justify; padding-left: 30px;\"><span style=\"font-size: 10pt; font-family: Verdana, sans-serif; color: #000000;\">-\u201cUna herramienta viva\u201d a cargo de Jaume Surroca, t\u00e9cnico de la Direcci\u00f3n General de Administraci\u00f3n Local.\u00a0<\/span><\/p>\n<p style=\"text-align: justify;\"><span style=\"font-size: 10pt; font-family: Verdana, sans-serif; color: #000000;\">La clausura ha ido a cargo de Rosa Vestit, directora general de Administraci\u00f3n Local.\u00a0<\/span><\/p>\n","protected":false},"excerpt":{"rendered":"<p>L\u2019alcaldessa de la Bisbal del Pened\u00e8s, Agn\u00e8s Ferr\u00e9, ha assistit aquest dijous al mat\u00ed a la presentaci\u00f3 de \u201cEl mapa municipal de Catalunya. Una eina de pa\u00eds\u201d, un document en &hellip; <a href=\"https:\/\/bisbalpenedes.com\/web\/2018\/12\/13\/lalcaldessa-ha-assistit-a-la-presentacio-de-el-mapa-municipal-de-catalunya-aquest-dijous-13-de-desembre\/\" class=\"more-link\">Read More<\/a><\/p>\n","protected":false},"author":4,"featured_media":8082,"comment_status":"closed","ping_status":"closed","sticky":false,"template":"","format":"standard","meta":[],"categories":[2057],"tags":[1816,2662,851,2661,2660,2659,2663],"_links":{"self":[{"href":"https:\/\/bisbalpenedes.com\/web\/wp-json\/wp\/v2\/posts\/8081"}],"collection":[{"href":"https:\/\/bisbalpenedes.com\/web\/wp-json\/wp\/v2\/posts"}],"about":[{"href":"https:\/\/bisbalpenedes.com\/web\/wp-json\/wp\/v2\/types\/post"}],"author":[{"embeddable":true,"href":"https:\/\/bisbalpenedes.com\/web\/wp-json\/wp\/v2\/users\/4"}],"replies":[{"embeddable":true,"href":"https:\/\/bisbalpenedes.com\/web\/wp-json\/wp\/v2\/comments?post=8081"}],"version-history":[{"count":1,"href":"https:\/\/bisbalpenedes.com\/web\/wp-json\/wp\/v2\/posts\/8081\/revisions"}],"predecessor-version":[{"id":8084,"href":"https:\/\/bisbalpenedes.com\/web\/wp-json\/wp\/v2\/posts\/8081\/revisions\/8084"}],"wp:featuredmedia":[{"embeddable":true,"href":"https:\/\/bisbalpenedes.com\/web\/wp-json\/wp\/v2\/media\/8082"}],"wp:attachment":[{"href":"https:\/\/bisbalpenedes.com\/web\/wp-json\/wp\/v2\/media?parent=8081"}],"wp:term":[{"taxonomy":"category","embeddable":true,"href":"https:\/\/bisbalpenedes.com\/web\/wp-json\/wp\/v2\/categories?post=8081"},{"taxonomy":"post_tag","embeddable":true,"href":"https:\/\/bisbalpenedes.com\/web\/wp-json\/wp\/v2\/tags?post=8081"}],"curies":[{"name":"wp","href":"https:\/\/api.w.org\/{rel}","templated":true}]}}