{"id":8077,"date":"2018-12-13T15:06:28","date_gmt":"2018-12-13T14:06:28","guid":{"rendered":"http:\/\/bisbalpenedes.com\/web\/?p=8077"},"modified":"2018-12-13T15:17:01","modified_gmt":"2018-12-13T14:17:01","slug":"lajuntament-treballa-per-fer-realitat-les-propostes-del-pressupost-participatiu-del-2018-a-can-gordei-i-la-miralba","status":"publish","type":"post","link":"https:\/\/bisbalpenedes.com\/web\/2018\/12\/13\/lajuntament-treballa-per-fer-realitat-les-propostes-del-pressupost-participatiu-del-2018-a-can-gordei-i-la-miralba\/","title":{"rendered":"L\u2019Ajuntament treballa per fer realitat les propostes del Pressupost Participatiu del 2018 a Can Gordei i la Miralba"},"content":{"rendered":"<p><span style=\"color: #000000;\">L\u2019Ajuntament de la Bisbal del Pened\u00e8s est\u00e0 treballant per fer realitat les propostes del Pressupost Participatiu de l\u2019any 2018 de Can Gordei i la Miralba.<\/span><\/p>\n<p style=\"text-align: justify;\"><span style=\"color: #000000;\">Per una banda, les Regidories de Medi Ambient i Territori han arranjat els gronxadors i han fet un tancament de seguretat al parc infantil. Ara, la Junta de Govern ha aprovat un contracte menor per arreglar els sots de la cal\u00e7ada provocats per les arrels dels arbres en les seg\u00fcents ubicacions: carrer Segre, 13; carrer Gai\u00e0, 10; carrer Ter, 77, 79 i 85; carrer Cardener, 11; i avinguda Can Gordei, 79. El cost d\u2019aquesta actuaci\u00f3 \u00e9s de 8.015,98\u20ac.<\/span><\/p>\n<p style=\"text-align: justify;\"><span style=\"color: #000000;\">Quant a la Miralba, la Junta de Govern ha aprovat el contracte menor per posar una tanca de protecci\u00f3 a la zona verda del carrer Cam\u00e8lia per un import de 2.958,76\u20ac. Es tracta d\u2019una zona verda amb desnivell i, per aix\u00f2, els ve\u00efns van considerar que seria interessant instal\u00b7lar una tanca de seguretat.<\/span><\/p>\n<hr \/>\n<p style=\"text-align: justify;\"><span style=\"color: #000000;\"><strong>CASTELLANO |<\/strong> El Ayuntamiento de la Bisbal del Pened\u00e8s est\u00e1 trabajando para hacer realidad las propuestas del Presupuesto Participativo del a\u00f1o 2018 de Can Gordei y la Miralba.<\/span><\/p>\n<p style=\"text-align: justify;\"><span style=\"color: #000000;\">Por un lado, las Regidories de Medi Ambient y Territori han arreglado los columpios y han hecho un vallado de seguridad en el parque infantil. Ahora, la Junta de Gobierno ha aprobado un contrato menor para arreglar los baches de la calzada provocados por las ra\u00edces de los \u00e1rboles en las siguientes ubicaciones: calle Segre, 13; calle Gai\u00e0, 10; calle Ter, 77, 79 y 85; calle Cardener, 11; y avenida Can Gordei, 79. El coste de esta actuaci\u00f3n es de 8.015,98\u20ac.<\/span><\/p>\n<p style=\"text-align: justify;\"><span style=\"color: #000000;\">En cuanto a la Miralba, la Junta de Gobierno ha aprobado el contrato menor para poner una valla de protecci\u00f3n en la zona verde de la calle Camelia por un importe de 2.958,76\u20ac. Se trata de una zona verde con desnivel y, por este motivo, los vecinos consideraron que ser\u00eda interesante instalar una valla de seguridad.<\/span><\/p>\n","protected":false},"excerpt":{"rendered":"<p>L\u2019Ajuntament de la Bisbal del Pened\u00e8s est\u00e0 treballant per fer realitat les propostes del Pressupost Participatiu de l\u2019any 2018 de Can Gordei i la Miralba. Per una banda, les Regidories &hellip; <a href=\"https:\/\/bisbalpenedes.com\/web\/2018\/12\/13\/lajuntament-treballa-per-fer-realitat-les-propostes-del-pressupost-participatiu-del-2018-a-can-gordei-i-la-miralba\/\" class=\"more-link\">Read More<\/a><\/p>\n","protected":false},"author":4,"featured_media":8080,"comment_status":"closed","ping_status":"closed","sticky":false,"template":"","format":"standard","meta":[],"categories":[1047],"tags":[1745,531,2658,198,246,897,2657,1224,452],"_links":{"self":[{"href":"https:\/\/bisbalpenedes.com\/web\/wp-json\/wp\/v2\/posts\/8077"}],"collection":[{"href":"https:\/\/bisbalpenedes.com\/web\/wp-json\/wp\/v2\/posts"}],"about":[{"href":"https:\/\/bisbalpenedes.com\/web\/wp-json\/wp\/v2\/types\/post"}],"author":[{"embeddable":true,"href":"https:\/\/bisbalpenedes.com\/web\/wp-json\/wp\/v2\/users\/4"}],"replies":[{"embeddable":true,"href":"https:\/\/bisbalpenedes.com\/web\/wp-json\/wp\/v2\/comments?post=8077"}],"version-history":[{"count":1,"href":"https:\/\/bisbalpenedes.com\/web\/wp-json\/wp\/v2\/posts\/8077\/revisions"}],"predecessor-version":[{"id":8079,"href":"https:\/\/bisbalpenedes.com\/web\/wp-json\/wp\/v2\/posts\/8077\/revisions\/8079"}],"wp:featuredmedia":[{"embeddable":true,"href":"https:\/\/bisbalpenedes.com\/web\/wp-json\/wp\/v2\/media\/8080"}],"wp:attachment":[{"href":"https:\/\/bisbalpenedes.com\/web\/wp-json\/wp\/v2\/media?parent=8077"}],"wp:term":[{"taxonomy":"category","embeddable":true,"href":"https:\/\/bisbalpenedes.com\/web\/wp-json\/wp\/v2\/categories?post=8077"},{"taxonomy":"post_tag","embeddable":true,"href":"https:\/\/bisbalpenedes.com\/web\/wp-json\/wp\/v2\/tags?post=8077"}],"curies":[{"name":"wp","href":"https:\/\/api.w.org\/{rel}","templated":true}]}}