{"id":8055,"date":"2018-12-11T17:11:06","date_gmt":"2018-12-11T16:11:06","guid":{"rendered":"http:\/\/bisbalpenedes.com\/web\/?p=8055"},"modified":"2018-12-11T17:12:29","modified_gmt":"2018-12-11T16:12:29","slug":"diumenge-16-de-desembre-celebrarem-la-marato-de-tv3-a-partir-de-les-11h","status":"publish","type":"post","link":"https:\/\/bisbalpenedes.com\/web\/2018\/12\/11\/diumenge-16-de-desembre-celebrarem-la-marato-de-tv3-a-partir-de-les-11h\/","title":{"rendered":"Diumenge 16 de desembre celebrarem la Marat\u00f3 de TV3 a partir de les 11h"},"content":{"rendered":"<div class=\"\" data-block=\"true\" data-editor=\"2jcab\" data-offset-key=\"80jo2-0-0\">\n<div class=\"_1mf _1mj\" style=\"text-align: justify;\" data-offset-key=\"80jo2-0-0\"><span style=\"color: #000000;\"><a style=\"color: #000000;\" href=\"http:\/\/bisbalpenedes.com\/web\/wp-content\/uploads\/2018\/12\/MARATO-2018-POSTER_def.jpg\"><img loading=\"lazy\" class=\"aligncenter size-large wp-image-8056\" src=\"http:\/\/bisbalpenedes.com\/web\/wp-content\/uploads\/2018\/12\/MARATO-2018-POSTER_def-724x1024.jpg\" alt=\"MARATO-2018-POSTER_def\" width=\"630\" height=\"891\" srcset=\"https:\/\/bisbalpenedes.com\/web\/wp-content\/uploads\/2018\/12\/MARATO-2018-POSTER_def-724x1024.jpg 724w, https:\/\/bisbalpenedes.com\/web\/wp-content\/uploads\/2018\/12\/MARATO-2018-POSTER_def-600x849.jpg 600w, https:\/\/bisbalpenedes.com\/web\/wp-content\/uploads\/2018\/12\/MARATO-2018-POSTER_def-212x300.jpg 212w, https:\/\/bisbalpenedes.com\/web\/wp-content\/uploads\/2018\/12\/MARATO-2018-POSTER_def-768x1086.jpg 768w, https:\/\/bisbalpenedes.com\/web\/wp-content\/uploads\/2018\/12\/MARATO-2018-POSTER_def-scaled.jpg 1810w\" sizes=\"(max-width: 630px) 100vw, 630px\" \/><\/a><\/span><\/div>\n<div class=\"_1mf _1mj\" style=\"text-align: justify;\" data-offset-key=\"80jo2-0-0\"><span style=\"color: #000000;\"><span data-offset-key=\"80jo2-0-0\"><span data-text=\"true\">Diumenge, a partir de les 11h a la pista, tindr\u00e0 lloc <\/span><\/span><span class=\"_247o\" spellcheck=\"false\" data-offset-key=\"80jo2-1-0\"><span data-offset-key=\"80jo2-1-0\"><span data-text=\"true\">La Marat\u00f3 de TV3<\/span><\/span><\/span><span data-offset-key=\"80jo2-2-0\"><span data-text=\"true\"> i, com cada any, s&#8217;han organitzat activitats amb la finalitat d&#8217;ajudar en la investigaci\u00f3 contra el c\u00e0ncer. Agra\u00efm la col\u00b7laboraci\u00f3 de totes les entitats i persones que fan possible l&#8217;esdeveniment. A les 11h hi haur\u00e0 xocolatada i comptarem amb la col\u00b7laboraci\u00f3 d&#8217;Edgar Gonmar, Leticia Mercal, Vero Krahmer i Davixo y Walter, que oferiran una Masterclass de Zumba i, tot seguit, actuaran diverses entitats: <\/span><\/span><span class=\"_247o\" spellcheck=\"false\" data-offset-key=\"80jo2-3-0\"><span data-offset-key=\"80jo2-3-0\"><span data-text=\"true\">Colla Castellera Bous<\/span><\/span><\/span><span data-offset-key=\"80jo2-4-0\"><span data-text=\"true\">, <\/span><\/span><span class=\"_247o\" spellcheck=\"false\" data-offset-key=\"80jo2-5-0\"><span data-offset-key=\"80jo2-5-0\"><span data-text=\"true\">Geganters i grallers de la Societat Cultural i Recreativa Bisbalenca,<\/span><\/span><\/span><span data-offset-key=\"80jo2-6-0\"><span data-text=\"true\">\u00a0<\/span><\/span><span class=\"_247o\" spellcheck=\"false\" data-offset-key=\"80jo2-7-0\"><span data-offset-key=\"80jo2-7-0\"><span data-text=\"true\">Ball de Diables de la Bisbal del Pened\u00e8s<\/span><\/span><\/span><span data-offset-key=\"80jo2-8-0\"><span data-text=\"true\">, <\/span><\/span><span class=\"_247o\" spellcheck=\"false\" data-offset-key=\"80jo2-9-0\"><span data-offset-key=\"80jo2-9-0\"><span data-text=\"true\">Ball de Gitanes de la Bisbal del Pened\u00e8s<\/span><\/span><\/span><span data-offset-key=\"80jo2-10-0\"><span data-text=\"true\"> i <\/span><\/span><span class=\"_247o\" spellcheck=\"false\" data-offset-key=\"80jo2-11-0\"><span data-offset-key=\"80jo2-11-0\"><span data-text=\"true\">Esventats Bisbal<\/span><\/span><\/span><span data-offset-key=\"80jo2-12-0\"><span data-text=\"true\">.<\/span><\/span><\/span><\/div>\n<\/div>\n<div class=\"\" style=\"text-align: justify;\" data-block=\"true\" data-editor=\"2jcab\" data-offset-key=\"hl87-0-0\">\n<div class=\"_1mf _1mj\" data-offset-key=\"hl87-0-0\">\n<hr \/>\n<\/div>\n<\/div>\n<div class=\"\" data-block=\"true\" data-editor=\"2jcab\" data-offset-key=\"f20et-0-0\">\n<div class=\"_1mf _1mj\" style=\"text-align: justify;\" data-offset-key=\"f20et-0-0\"><span style=\"color: #000000;\" data-offset-key=\"f20et-0-0\"><span data-text=\"true\"><strong>CASTELLANO |<\/strong> El domingo, a partir de las 11h en la pista, tendr\u00e1n lugar los actos en el marco de La Marat\u00f3 de TV3 y como cada a\u00f1o, se han organizado actividades con la finalidad de ayudar en la investigaci\u00f3n contra el c\u00e1ncer. Agradecemos la colaboraci\u00f3n de todas las entidades y personas que hacen posible el evento. A las 11h habr\u00e1 chocolatada y contaremos con la colaboraci\u00f3n de Edgar Gonmar, Leticia Mercal, Vero Drahmer y Davixo y Walter, que ofrecer\u00e1n una Masterclass de Zumba y, a continuaci\u00f3n, actuar\u00e1n varias entidades: Colla Castellera Bous, Geganters i Grallers de la Societat Cultural i Recreativa Bisbalenca, Ball de Diables de la Bisbal del Pened\u00e8s, Ball de Gitanes de la Bisbal del Pened\u00e8s i Esventats Bisbal.<\/span><\/span><\/div>\n<\/div>\n<div class=\"\" data-block=\"true\" data-editor=\"2jcab\" data-offset-key=\"3p18s-0-0\"><\/div>\n","protected":false},"excerpt":{"rendered":"<p>Diumenge, a partir de les 11h a la pista, tindr\u00e0 lloc La Marat\u00f3 de TV3 i, com cada any, s&#8217;han organitzat activitats amb la finalitat d&#8217;ajudar en la investigaci\u00f3 contra &hellip; <a href=\"https:\/\/bisbalpenedes.com\/web\/2018\/12\/11\/diumenge-16-de-desembre-celebrarem-la-marato-de-tv3-a-partir-de-les-11h\/\" class=\"more-link\">Read More<\/a><\/p>\n","protected":false},"author":4,"featured_media":8056,"comment_status":"closed","ping_status":"closed","sticky":false,"template":"","format":"standard","meta":[],"categories":[1042],"tags":[498,351,899],"_links":{"self":[{"href":"https:\/\/bisbalpenedes.com\/web\/wp-json\/wp\/v2\/posts\/8055"}],"collection":[{"href":"https:\/\/bisbalpenedes.com\/web\/wp-json\/wp\/v2\/posts"}],"about":[{"href":"https:\/\/bisbalpenedes.com\/web\/wp-json\/wp\/v2\/types\/post"}],"author":[{"embeddable":true,"href":"https:\/\/bisbalpenedes.com\/web\/wp-json\/wp\/v2\/users\/4"}],"replies":[{"embeddable":true,"href":"https:\/\/bisbalpenedes.com\/web\/wp-json\/wp\/v2\/comments?post=8055"}],"version-history":[{"count":3,"href":"https:\/\/bisbalpenedes.com\/web\/wp-json\/wp\/v2\/posts\/8055\/revisions"}],"predecessor-version":[{"id":8059,"href":"https:\/\/bisbalpenedes.com\/web\/wp-json\/wp\/v2\/posts\/8055\/revisions\/8059"}],"wp:featuredmedia":[{"embeddable":true,"href":"https:\/\/bisbalpenedes.com\/web\/wp-json\/wp\/v2\/media\/8056"}],"wp:attachment":[{"href":"https:\/\/bisbalpenedes.com\/web\/wp-json\/wp\/v2\/media?parent=8055"}],"wp:term":[{"taxonomy":"category","embeddable":true,"href":"https:\/\/bisbalpenedes.com\/web\/wp-json\/wp\/v2\/categories?post=8055"},{"taxonomy":"post_tag","embeddable":true,"href":"https:\/\/bisbalpenedes.com\/web\/wp-json\/wp\/v2\/tags?post=8055"}],"curies":[{"name":"wp","href":"https:\/\/api.w.org\/{rel}","templated":true}]}}