{"id":8044,"date":"2018-12-10T19:09:47","date_gmt":"2018-12-10T18:09:47","guid":{"rendered":"http:\/\/bisbalpenedes.com\/web\/?p=8044"},"modified":"2018-12-12T13:31:05","modified_gmt":"2018-12-12T12:31:05","slug":"aquest-dimecres-fem-un-taller-per-aprendre-com-podem-reduir-la-factura-de-la-llum","status":"publish","type":"post","link":"https:\/\/bisbalpenedes.com\/web\/2018\/12\/10\/aquest-dimecres-fem-un-taller-per-aprendre-com-podem-reduir-la-factura-de-la-llum\/","title":{"rendered":"Aquest dimecres 12 de desembre fem un taller per aprendre com podem reduir la factura de la llum"},"content":{"rendered":"<p><a href=\"http:\/\/bisbalpenedes.com\/web\/wp-content\/uploads\/2018\/12\/TALLER_FACTURA_LLUM_18A.jpg\"><img loading=\"lazy\" class=\"aligncenter size-large wp-image-8045\" src=\"http:\/\/bisbalpenedes.com\/web\/wp-content\/uploads\/2018\/12\/TALLER_FACTURA_LLUM_18A-1024x724.jpg\" alt=\"TALLER_FACTURA_LLUM_18A\" width=\"630\" height=\"445\" srcset=\"https:\/\/bisbalpenedes.com\/web\/wp-content\/uploads\/2018\/12\/TALLER_FACTURA_LLUM_18A-1024x724.jpg 1024w, https:\/\/bisbalpenedes.com\/web\/wp-content\/uploads\/2018\/12\/TALLER_FACTURA_LLUM_18A-600x424.jpg 600w, https:\/\/bisbalpenedes.com\/web\/wp-content\/uploads\/2018\/12\/TALLER_FACTURA_LLUM_18A-300x212.jpg 300w, https:\/\/bisbalpenedes.com\/web\/wp-content\/uploads\/2018\/12\/TALLER_FACTURA_LLUM_18A-768x543.jpg 768w, https:\/\/bisbalpenedes.com\/web\/wp-content\/uploads\/2018\/12\/TALLER_FACTURA_LLUM_18A.jpg 1587w\" sizes=\"(max-width: 630px) 100vw, 630px\" \/><\/a><\/p>\n<p><span style=\"color: #000000;\">Voleu saber com podeu reduir la factura de la llum? Us convidem a la xerrada que tindr\u00e0 lloc el dimecres 12 de desembre a les 19h al CMC. Us recomanem que porteu una factura de la llum.<\/span><\/p>\n<hr \/>\n<p><span style=\"color: #000000;\"><strong>CASTELLANO |<\/strong> \u00bfQuer\u00e9is saber c\u00f3mo pod\u00e9is reducir la factura de la luz? Os invitamos a la charla que tendr\u00e1 lugar el mi\u00e9rcoles 12 de diciembre a las 19h en el CMC. Os recomendamos que traig\u00e1is una factura de la luz.<\/span><\/p>\n","protected":false},"excerpt":{"rendered":"<p>Voleu saber com podeu reduir la factura de la llum? Us convidem a la xerrada que tindr\u00e0 lloc el dimecres 12 de desembre a les 19h al CMC. Us recomanem &hellip; <a href=\"https:\/\/bisbalpenedes.com\/web\/2018\/12\/10\/aquest-dimecres-fem-un-taller-per-aprendre-com-podem-reduir-la-factura-de-la-llum\/\" class=\"more-link\">Read More<\/a><\/p>\n","protected":false},"author":4,"featured_media":8045,"comment_status":"closed","ping_status":"closed","sticky":false,"template":"","format":"standard","meta":[],"categories":[32],"tags":[120,711,762,441,45],"_links":{"self":[{"href":"https:\/\/bisbalpenedes.com\/web\/wp-json\/wp\/v2\/posts\/8044"}],"collection":[{"href":"https:\/\/bisbalpenedes.com\/web\/wp-json\/wp\/v2\/posts"}],"about":[{"href":"https:\/\/bisbalpenedes.com\/web\/wp-json\/wp\/v2\/types\/post"}],"author":[{"embeddable":true,"href":"https:\/\/bisbalpenedes.com\/web\/wp-json\/wp\/v2\/users\/4"}],"replies":[{"embeddable":true,"href":"https:\/\/bisbalpenedes.com\/web\/wp-json\/wp\/v2\/comments?post=8044"}],"version-history":[{"count":2,"href":"https:\/\/bisbalpenedes.com\/web\/wp-json\/wp\/v2\/posts\/8044\/revisions"}],"predecessor-version":[{"id":8064,"href":"https:\/\/bisbalpenedes.com\/web\/wp-json\/wp\/v2\/posts\/8044\/revisions\/8064"}],"wp:featuredmedia":[{"embeddable":true,"href":"https:\/\/bisbalpenedes.com\/web\/wp-json\/wp\/v2\/media\/8045"}],"wp:attachment":[{"href":"https:\/\/bisbalpenedes.com\/web\/wp-json\/wp\/v2\/media?parent=8044"}],"wp:term":[{"taxonomy":"category","embeddable":true,"href":"https:\/\/bisbalpenedes.com\/web\/wp-json\/wp\/v2\/categories?post=8044"},{"taxonomy":"post_tag","embeddable":true,"href":"https:\/\/bisbalpenedes.com\/web\/wp-json\/wp\/v2\/tags?post=8044"}],"curies":[{"name":"wp","href":"https:\/\/api.w.org\/{rel}","templated":true}]}}