{"id":8037,"date":"2018-12-10T18:33:22","date_gmt":"2018-12-10T17:33:22","guid":{"rendered":"http:\/\/bisbalpenedes.com\/web\/?p=8037"},"modified":"2018-12-10T18:39:19","modified_gmt":"2018-12-10T17:39:19","slug":"una-alumna-de-lescola-ull-de-vent-ha-guanyat-un-premi-per-representar-el-cami-de-laigua-fins-a-arribar-a-laixeta-en-un-dibuix","status":"publish","type":"post","link":"https:\/\/bisbalpenedes.com\/web\/2018\/12\/10\/una-alumna-de-lescola-ull-de-vent-ha-guanyat-un-premi-per-representar-el-cami-de-laigua-fins-a-arribar-a-laixeta-en-un-dibuix\/","title":{"rendered":"Una alumna de l\u2019Escola Ull de Vent ha guanyat un premi per representar el cam\u00ed de l\u2019aigua fins a  arribar a l\u2019aixeta en un dibuix"},"content":{"rendered":"<p><a href=\"http:\/\/bisbalpenedes.com\/web\/wp-content\/uploads\/2018\/12\/Premi-2018-la-Bisbal-Josep-Mestre-Clara-Valles-Leo-Uceda.jpg\"><img loading=\"lazy\" class=\"aligncenter size-large wp-image-8038\" src=\"http:\/\/bisbalpenedes.com\/web\/wp-content\/uploads\/2018\/12\/Premi-2018-la-Bisbal-Josep-Mestre-Clara-Valles-Leo-Uceda-1024x683.jpg\" alt=\"Premi 2018 la Bisbal Josep Mestre - Clara Valles - Leo Uceda\" width=\"630\" height=\"420\" srcset=\"https:\/\/bisbalpenedes.com\/web\/wp-content\/uploads\/2018\/12\/Premi-2018-la-Bisbal-Josep-Mestre-Clara-Valles-Leo-Uceda-1024x683.jpg 1024w, https:\/\/bisbalpenedes.com\/web\/wp-content\/uploads\/2018\/12\/Premi-2018-la-Bisbal-Josep-Mestre-Clara-Valles-Leo-Uceda-600x400.jpg 600w, https:\/\/bisbalpenedes.com\/web\/wp-content\/uploads\/2018\/12\/Premi-2018-la-Bisbal-Josep-Mestre-Clara-Valles-Leo-Uceda-300x200.jpg 300w, https:\/\/bisbalpenedes.com\/web\/wp-content\/uploads\/2018\/12\/Premi-2018-la-Bisbal-Josep-Mestre-Clara-Valles-Leo-Uceda-768x512.jpg 768w\" sizes=\"(max-width: 630px) 100vw, 630px\" \/><\/a><\/p>\n<p><span style=\"color: #000000;\">La Regidora d\u2019Ensenyament de l\u2019Ajuntament de la Bisbal del Pened\u00e8s, Leo Uceda, acompanyada del responsable del Servei Municipal d\u2019Aig\u00fces, Josep Mestre, ha lliurat una c\u00e0mera subaqu\u00e0tica a la Clara Vall\u00e8s, del CEIP Ull de Vent, per quedar finalista en la 16a edici\u00f3 del Concurs Digital Infantil que organitza cada any Aqualia el 22 de mar\u00e7, Dia Mundial de l\u2019Aigua.<\/span><\/p>\n<p><span style=\"color: #000000;\">El dibuix d\u2019aquesta alumna bisbalenca ha estat seleccionat d\u2019entre els m\u00e9s de 8.000 escolars participants de diferents municipis de l\u2019estat espanyol i Portugal en els que Aqualia presta servei. El jurat ha valorat la seva capacitat per representar el cam\u00ed que segueix l\u2019aigua des de la seva captaci\u00f3 fins a la seva devoluci\u00f3 al medi natural.<\/span><\/p>\n<p><span style=\"color: #000000;\">Enguany, el concurs ha girat entorn del <em>microsite<\/em> <a style=\"color: #000000;\" href=\"http:\/\/www.aiguaperagrifus.cat\">www.aiguaperagrifus.cat<\/a> i, per decidir els premiats, el jurat ha valorat \u201cla capacitat per representar el cam\u00ed que porta l\u2019aigua des de la natura fins a casa, aix\u00ed com la manera com es retorna al medi natural\u201d.<\/span><\/p>\n<p><span style=\"color: #000000;\">Tots els treballs guanyadors i finalistes es poden veure al web del concurs, <a style=\"color: #000000;\" href=\"http:\/\/www.aiguaperagrifus.cat\">www.aiguaperagrifus.cat<\/a> <\/span><\/p>\n<p><a href=\"http:\/\/bisbalpenedes.com\/web\/wp-content\/uploads\/2018\/12\/Dibuix-Clara-Valles-001.jpg\"><img loading=\"lazy\" class=\"aligncenter size-large wp-image-8039\" src=\"http:\/\/bisbalpenedes.com\/web\/wp-content\/uploads\/2018\/12\/Dibuix-Clara-Valles-001-1024x724.jpg\" alt=\"Dibuix Clara Valles Aqualia\" width=\"630\" height=\"445\" srcset=\"https:\/\/bisbalpenedes.com\/web\/wp-content\/uploads\/2018\/12\/Dibuix-Clara-Valles-001-1024x724.jpg 1024w, https:\/\/bisbalpenedes.com\/web\/wp-content\/uploads\/2018\/12\/Dibuix-Clara-Valles-001-600x424.jpg 600w, https:\/\/bisbalpenedes.com\/web\/wp-content\/uploads\/2018\/12\/Dibuix-Clara-Valles-001-300x212.jpg 300w, https:\/\/bisbalpenedes.com\/web\/wp-content\/uploads\/2018\/12\/Dibuix-Clara-Valles-001-768x543.jpg 768w, https:\/\/bisbalpenedes.com\/web\/wp-content\/uploads\/2018\/12\/Dibuix-Clara-Valles-001.jpg 1684w\" sizes=\"(max-width: 630px) 100vw, 630px\" \/><\/a><\/p>\n<p><a href=\"http:\/\/bisbalpenedes.com\/web\/wp-content\/uploads\/2018\/12\/Premi-2018-la-Bisbal.jpg\"><img loading=\"lazy\" class=\"aligncenter size-large wp-image-8042\" src=\"http:\/\/bisbalpenedes.com\/web\/wp-content\/uploads\/2018\/12\/Premi-2018-la-Bisbal-1024x683.jpg\" alt=\"Premi 2018 la Bisbal\" width=\"630\" height=\"420\" srcset=\"https:\/\/bisbalpenedes.com\/web\/wp-content\/uploads\/2018\/12\/Premi-2018-la-Bisbal-1024x683.jpg 1024w, https:\/\/bisbalpenedes.com\/web\/wp-content\/uploads\/2018\/12\/Premi-2018-la-Bisbal-600x400.jpg 600w, https:\/\/bisbalpenedes.com\/web\/wp-content\/uploads\/2018\/12\/Premi-2018-la-Bisbal-300x200.jpg 300w, https:\/\/bisbalpenedes.com\/web\/wp-content\/uploads\/2018\/12\/Premi-2018-la-Bisbal-768x512.jpg 768w\" sizes=\"(max-width: 630px) 100vw, 630px\" \/><\/a><\/p>\n<hr \/>\n<p><a href=\"http:\/\/bisbalpenedes.com\/web\/wp-content\/uploads\/2018\/12\/Premi-2018-la-Bisbal-Josep-Mestre-Clara-Valles-Leo-Uceda.jpg\"><img loading=\"lazy\" class=\"aligncenter size-large wp-image-8038\" src=\"http:\/\/bisbalpenedes.com\/web\/wp-content\/uploads\/2018\/12\/Premi-2018-la-Bisbal-Josep-Mestre-Clara-Valles-Leo-Uceda-1024x683.jpg\" alt=\"Premi 2018 la Bisbal Josep Mestre - Clara Valles - Leo Uceda\" width=\"630\" height=\"420\" srcset=\"https:\/\/bisbalpenedes.com\/web\/wp-content\/uploads\/2018\/12\/Premi-2018-la-Bisbal-Josep-Mestre-Clara-Valles-Leo-Uceda-1024x683.jpg 1024w, https:\/\/bisbalpenedes.com\/web\/wp-content\/uploads\/2018\/12\/Premi-2018-la-Bisbal-Josep-Mestre-Clara-Valles-Leo-Uceda-600x400.jpg 600w, https:\/\/bisbalpenedes.com\/web\/wp-content\/uploads\/2018\/12\/Premi-2018-la-Bisbal-Josep-Mestre-Clara-Valles-Leo-Uceda-300x200.jpg 300w, https:\/\/bisbalpenedes.com\/web\/wp-content\/uploads\/2018\/12\/Premi-2018-la-Bisbal-Josep-Mestre-Clara-Valles-Leo-Uceda-768x512.jpg 768w\" sizes=\"(max-width: 630px) 100vw, 630px\" \/><\/a><\/p>\n<p><span style=\"color: #000000;\"><strong>CASTELLANO |<\/strong> La Regidora d&#8217;Ensenyament del Ayuntamiento de la Bisbal del Pened\u00e8s, Leo Uceda, acompa\u00f1ada del responsable del Servicio Municipal de Aguas, Josep Mestre, ha entregado una c\u00e1mara subacu\u00e1tica a Clara Vall\u00e8s, del CEIP Ull de Vent, por quedar finalista en la 16a edici\u00f3n del Concurso Digital Infantil que organiza cada a\u00f1o Aqualia el 22 de marzo, D\u00eda Mundial del Agua.<\/span><\/p>\n<p><span style=\"color: #000000;\">El dibujo de esta alumna bisbalenca ha sido seleccionado de entre los m\u00e1s de 8.000 escolares participantes de diferentes municipios del estado espa\u00f1ol y Portugal en los que Aqualia presta servicio. El jurado ha valorado su capacidad de representar el camino que sigue el agua desde su captaci\u00f3n hasta su devoluci\u00f3n al medio natural.<\/span><\/p>\n<p><span style=\"color: #000000;\">Este a\u00f1o, el concurso ha girado entorno del microsite <a style=\"color: #000000;\" href=\"http:\/\/www.aiguaperagrifus.cat\">www.aiguaperagrifus.cat<\/a> y, para decidir los premiados, el jurado ha valorado &#8220;la capacidad para representar el camino que lleva el agua desde la naturaleza hasta casa, as\u00ed como la manera como se devuelve al medio natural&#8221;.<\/span><\/p>\n<p><span style=\"color: #000000;\">Todos los trabajos ganadores y finalistas se pueden ver en la web del concurso, <a style=\"color: #000000;\" href=\"http:\/\/www.aiguaperagrifus.cat\" target=\"_blank\">www.aiguaperagrifus.cat<\/a>.<\/span><\/p>\n<p><a href=\"http:\/\/bisbalpenedes.com\/web\/wp-content\/uploads\/2018\/12\/Dibuix-Clara-Valles-001.jpg\"><img loading=\"lazy\" class=\"aligncenter size-large wp-image-8039\" src=\"http:\/\/bisbalpenedes.com\/web\/wp-content\/uploads\/2018\/12\/Dibuix-Clara-Valles-001-1024x724.jpg\" alt=\"Dibuix Clara Valles Aqualia\" width=\"630\" height=\"445\" srcset=\"https:\/\/bisbalpenedes.com\/web\/wp-content\/uploads\/2018\/12\/Dibuix-Clara-Valles-001-1024x724.jpg 1024w, https:\/\/bisbalpenedes.com\/web\/wp-content\/uploads\/2018\/12\/Dibuix-Clara-Valles-001-600x424.jpg 600w, https:\/\/bisbalpenedes.com\/web\/wp-content\/uploads\/2018\/12\/Dibuix-Clara-Valles-001-300x212.jpg 300w, https:\/\/bisbalpenedes.com\/web\/wp-content\/uploads\/2018\/12\/Dibuix-Clara-Valles-001-768x543.jpg 768w, https:\/\/bisbalpenedes.com\/web\/wp-content\/uploads\/2018\/12\/Dibuix-Clara-Valles-001.jpg 1684w\" sizes=\"(max-width: 630px) 100vw, 630px\" \/><\/a><\/p>\n<p><a href=\"http:\/\/bisbalpenedes.com\/web\/wp-content\/uploads\/2018\/12\/Premi-2018-la-Bisbal.jpg\"><img loading=\"lazy\" class=\"aligncenter size-large wp-image-8042\" src=\"http:\/\/bisbalpenedes.com\/web\/wp-content\/uploads\/2018\/12\/Premi-2018-la-Bisbal-1024x683.jpg\" alt=\"Premi 2018 la Bisbal\" width=\"630\" height=\"420\" srcset=\"https:\/\/bisbalpenedes.com\/web\/wp-content\/uploads\/2018\/12\/Premi-2018-la-Bisbal-1024x683.jpg 1024w, https:\/\/bisbalpenedes.com\/web\/wp-content\/uploads\/2018\/12\/Premi-2018-la-Bisbal-600x400.jpg 600w, https:\/\/bisbalpenedes.com\/web\/wp-content\/uploads\/2018\/12\/Premi-2018-la-Bisbal-300x200.jpg 300w, https:\/\/bisbalpenedes.com\/web\/wp-content\/uploads\/2018\/12\/Premi-2018-la-Bisbal-768x512.jpg 768w\" sizes=\"(max-width: 630px) 100vw, 630px\" \/><\/a><\/p>\n","protected":false},"excerpt":{"rendered":"<p>La Regidora d\u2019Ensenyament de l\u2019Ajuntament de la Bisbal del Pened\u00e8s, Leo Uceda, acompanyada del responsable del Servei Municipal d\u2019Aig\u00fces, Josep Mestre, ha lliurat una c\u00e0mera subaqu\u00e0tica a la Clara Vall\u00e8s, &hellip; <a href=\"https:\/\/bisbalpenedes.com\/web\/2018\/12\/10\/una-alumna-de-lescola-ull-de-vent-ha-guanyat-un-premi-per-representar-el-cami-de-laigua-fins-a-arribar-a-laixeta-en-un-dibuix\/\" class=\"more-link\">Read More<\/a><\/p>\n","protected":false},"author":4,"featured_media":8038,"comment_status":"closed","ping_status":"closed","sticky":false,"template":"","format":"standard","meta":[],"categories":[2397],"tags":[649,2647,154,918,222],"_links":{"self":[{"href":"https:\/\/bisbalpenedes.com\/web\/wp-json\/wp\/v2\/posts\/8037"}],"collection":[{"href":"https:\/\/bisbalpenedes.com\/web\/wp-json\/wp\/v2\/posts"}],"about":[{"href":"https:\/\/bisbalpenedes.com\/web\/wp-json\/wp\/v2\/types\/post"}],"author":[{"embeddable":true,"href":"https:\/\/bisbalpenedes.com\/web\/wp-json\/wp\/v2\/users\/4"}],"replies":[{"embeddable":true,"href":"https:\/\/bisbalpenedes.com\/web\/wp-json\/wp\/v2\/comments?post=8037"}],"version-history":[{"count":3,"href":"https:\/\/bisbalpenedes.com\/web\/wp-json\/wp\/v2\/posts\/8037\/revisions"}],"predecessor-version":[{"id":8043,"href":"https:\/\/bisbalpenedes.com\/web\/wp-json\/wp\/v2\/posts\/8037\/revisions\/8043"}],"wp:featuredmedia":[{"embeddable":true,"href":"https:\/\/bisbalpenedes.com\/web\/wp-json\/wp\/v2\/media\/8038"}],"wp:attachment":[{"href":"https:\/\/bisbalpenedes.com\/web\/wp-json\/wp\/v2\/media?parent=8037"}],"wp:term":[{"taxonomy":"category","embeddable":true,"href":"https:\/\/bisbalpenedes.com\/web\/wp-json\/wp\/v2\/categories?post=8037"},{"taxonomy":"post_tag","embeddable":true,"href":"https:\/\/bisbalpenedes.com\/web\/wp-json\/wp\/v2\/tags?post=8037"}],"curies":[{"name":"wp","href":"https:\/\/api.w.org\/{rel}","templated":true}]}}