{"id":8026,"date":"2018-12-10T17:46:43","date_gmt":"2018-12-10T16:46:43","guid":{"rendered":"http:\/\/bisbalpenedes.com\/web\/?p=8026"},"modified":"2018-12-10T17:51:29","modified_gmt":"2018-12-10T16:51:29","slug":"la-bisbal-es-solidaria-gracies-a-tots-els-que-vau-donar-aliments-per-als-qui-mes-els-necessiten-durant-el-gran-recapte","status":"publish","type":"post","link":"https:\/\/bisbalpenedes.com\/web\/2018\/12\/10\/la-bisbal-es-solidaria-gracies-a-tots-els-que-vau-donar-aliments-per-als-qui-mes-els-necessiten-durant-el-gran-recapte\/","title":{"rendered":"La Bisbal \u00e9s solid\u00e0ria! Gr\u00e0cies a tots els que vau donar aliments per als qui m\u00e9s els necessiten durant el Gran Recapte"},"content":{"rendered":"<p><a href=\"http:\/\/bisbalpenedes.com\/web\/wp-content\/uploads\/2018\/12\/gran-recapte-bisbal-2018-foto.jpg\"><img loading=\"lazy\" class=\"aligncenter size-medium wp-image-8019\" src=\"http:\/\/bisbalpenedes.com\/web\/wp-content\/uploads\/2018\/12\/gran-recapte-bisbal-2018-foto-300x225.jpg\" alt=\"gran recapte bisbal 2018 foto\" width=\"300\" height=\"225\" srcset=\"https:\/\/bisbalpenedes.com\/web\/wp-content\/uploads\/2018\/12\/gran-recapte-bisbal-2018-foto-300x225.jpg 300w, https:\/\/bisbalpenedes.com\/web\/wp-content\/uploads\/2018\/12\/gran-recapte-bisbal-2018-foto-600x450.jpg 600w, https:\/\/bisbalpenedes.com\/web\/wp-content\/uploads\/2018\/12\/gran-recapte-bisbal-2018-foto-768x576.jpg 768w, https:\/\/bisbalpenedes.com\/web\/wp-content\/uploads\/2018\/12\/gran-recapte-bisbal-2018-foto-1024x768.jpg 1024w, https:\/\/bisbalpenedes.com\/web\/wp-content\/uploads\/2018\/12\/gran-recapte-bisbal-2018-foto.jpg 1600w\" sizes=\"(max-width: 300px) 100vw, 300px\" \/><\/a><a href=\"http:\/\/bisbalpenedes.com\/web\/wp-content\/uploads\/2018\/12\/gran-recapte-bisbal-2018-foto.jpg\"><br \/>\n<\/a><\/p>\n<p style=\"text-align: justify;\"><span style=\"color: #000000;\">Des de l\u2019Ajuntament de la Bisbal del Pened\u00e8s volem agrair la solidaritat dels bisbalencs i les bisbalenques que han donat productes d\u2019alimentaci\u00f3 i higiene personal durant el Gran Recapte, que va tenir lloc els dies 30 de novembre i 1 de desembre. A la Bisbal hi va haver tres punts de recollida d\u2019aliments, ubicats al Supermercat Jaume, Agro-Verd i Cal Pere Busquet.<\/span><\/p>\n<p style=\"text-align: justify;\"><span style=\"color: #000000;\">Recordem que el Rebost Solidari (abans Banc d\u2019Aliments de la Bisbal) est\u00e0 sempre disposat a rebre donacions. Els productes que m\u00e9s es necessiten en l\u2019actualitat s\u00f3n:<\/span><\/p>\n<p style=\"padding-left: 30px; text-align: justify;\"><span style=\"color: #000000;\">-Oli<\/span><\/p>\n<p style=\"padding-left: 30px; text-align: justify;\"><span style=\"color: #000000;\">-Farina<\/span><\/p>\n<p style=\"padding-left: 30px; text-align: justify;\"><span style=\"color: #000000;\">-Sucre<\/span><\/p>\n<p style=\"padding-left: 30px; text-align: justify;\"><span style=\"color: #000000;\">-Llaunes de menjar cuinat en conserva (favada, mandonguilles, llenties guisades\u2026)<\/span><\/p>\n<p style=\"text-align: justify;\"><span style=\"color: #000000;\">Si voleu fer alguna donaci\u00f3, a l&#8217;entrada de l&#8217;Ajuntament hi trobareu un punt de recollida d&#8217;aliments i productes de neteja i higiene personal.<\/span><\/p>\n<p><span style=\"color: #000000;\"><strong>CASTELLANO |<\/strong>\u00a0Desde el Ayuntamiento de la Bisbal del Pened\u00e8s queremos agradecer la solidaridad de los bisbalencs y las bisbalenques que han donado productos de alimentaci\u00f3n e higiene personal durante el Gran Recapte, que tuvo lugar los d\u00edas 30 de noviembre y 1 de diciembre. En la Bisbal hubo tres puntos de recogida de alimentos, ubicados en el Supermercat Jaume, Agro-Verd i Cal Pere Busquet.<\/span><\/p>\n<p><span style=\"color: #000000;\">Recordamos que el Rebost Solidari (antes Banc d&#8217;Aliments de la Bisbal) est\u00e1 siempre dispuesto a recibir donaciones. Los productos que m\u00e1s se necesitan en la actualidad son:<\/span><\/p>\n<p style=\"padding-left: 30px;\"><span style=\"color: #000000;\">-Aceite<\/span><\/p>\n<p style=\"padding-left: 30px;\"><span style=\"color: #000000;\">-Harina<\/span><\/p>\n<p style=\"padding-left: 30px;\"><span style=\"color: #000000;\">-Az\u00facar<\/span><\/p>\n<p style=\"padding-left: 30px;\"><span style=\"color: #000000;\">-Latas de comida cocinada en conserva (fabada, alb\u00f3ndigas, lentejas guisadas&#8230;)<\/span><\/p>\n<p><span style=\"color: #000000;\">Si quer\u00e9is hacer alguna donaci\u00f3n, en la entrada del Ayuntamiento encontrar\u00e9is un punto de recogida de alimentos y productos de limpieza e higiene personal.<\/span><\/p>\n","protected":false},"excerpt":{"rendered":"<p>Des de l\u2019Ajuntament de la Bisbal del Pened\u00e8s volem agrair la solidaritat dels bisbalencs i les bisbalenques que han donat productes d\u2019alimentaci\u00f3 i higiene personal durant el Gran Recapte, que &hellip; <a href=\"https:\/\/bisbalpenedes.com\/web\/2018\/12\/10\/la-bisbal-es-solidaria-gracies-a-tots-els-que-vau-donar-aliments-per-als-qui-mes-els-necessiten-durant-el-gran-recapte\/\" class=\"more-link\">Read More<\/a><\/p>\n","protected":false},"author":4,"featured_media":8019,"comment_status":"closed","ping_status":"closed","sticky":false,"template":"","format":"standard","meta":[],"categories":[975],"tags":[1836,2643,2642,2644],"_links":{"self":[{"href":"https:\/\/bisbalpenedes.com\/web\/wp-json\/wp\/v2\/posts\/8026"}],"collection":[{"href":"https:\/\/bisbalpenedes.com\/web\/wp-json\/wp\/v2\/posts"}],"about":[{"href":"https:\/\/bisbalpenedes.com\/web\/wp-json\/wp\/v2\/types\/post"}],"author":[{"embeddable":true,"href":"https:\/\/bisbalpenedes.com\/web\/wp-json\/wp\/v2\/users\/4"}],"replies":[{"embeddable":true,"href":"https:\/\/bisbalpenedes.com\/web\/wp-json\/wp\/v2\/comments?post=8026"}],"version-history":[{"count":5,"href":"https:\/\/bisbalpenedes.com\/web\/wp-json\/wp\/v2\/posts\/8026\/revisions"}],"predecessor-version":[{"id":8036,"href":"https:\/\/bisbalpenedes.com\/web\/wp-json\/wp\/v2\/posts\/8026\/revisions\/8036"}],"wp:featuredmedia":[{"embeddable":true,"href":"https:\/\/bisbalpenedes.com\/web\/wp-json\/wp\/v2\/media\/8019"}],"wp:attachment":[{"href":"https:\/\/bisbalpenedes.com\/web\/wp-json\/wp\/v2\/media?parent=8026"}],"wp:term":[{"taxonomy":"category","embeddable":true,"href":"https:\/\/bisbalpenedes.com\/web\/wp-json\/wp\/v2\/categories?post=8026"},{"taxonomy":"post_tag","embeddable":true,"href":"https:\/\/bisbalpenedes.com\/web\/wp-json\/wp\/v2\/tags?post=8026"}],"curies":[{"name":"wp","href":"https:\/\/api.w.org\/{rel}","templated":true}]}}