{"id":8007,"date":"2018-12-07T11:11:15","date_gmt":"2018-12-07T10:11:15","guid":{"rendered":"http:\/\/bisbalpenedes.com\/web\/?p=8007"},"modified":"2018-12-07T11:15:37","modified_gmt":"2018-12-07T10:15:37","slug":"els-fanals-solars-ja-son-una-realitat-a-la-pineda-de-santa-cristina-i-la-masieta","status":"publish","type":"post","link":"https:\/\/bisbalpenedes.com\/web\/2018\/12\/07\/els-fanals-solars-ja-son-una-realitat-a-la-pineda-de-santa-cristina-i-la-masieta\/","title":{"rendered":"Els fanals solars ja s\u00f3n una realitat a la Pineda de Santa Cristina i la Masieta"},"content":{"rendered":"<div id='gallery-1' class='gallery galleryid-8007 gallery-columns-3 gallery-size-thumbnail'><figure class='gallery-item'>\n\t\t\t<div class='gallery-icon landscape'>\n\t\t\t\t<a href='https:\/\/bisbalpenedes.com\/web\/wp-content\/uploads\/2018\/12\/FANAL-STA-CRISTINA-3-scaled.jpg'><img width=\"150\" height=\"150\" src=\"https:\/\/bisbalpenedes.com\/web\/wp-content\/uploads\/2018\/12\/FANAL-STA-CRISTINA-3-150x150.jpg\" class=\"attachment-thumbnail size-thumbnail\" alt=\"\" loading=\"lazy\" srcset=\"https:\/\/bisbalpenedes.com\/web\/wp-content\/uploads\/2018\/12\/FANAL-STA-CRISTINA-3-150x150.jpg 150w, https:\/\/bisbalpenedes.com\/web\/wp-content\/uploads\/2018\/12\/FANAL-STA-CRISTINA-3-300x300.jpg 300w, https:\/\/bisbalpenedes.com\/web\/wp-content\/uploads\/2018\/12\/FANAL-STA-CRISTINA-3-100x100.jpg 100w\" sizes=\"(max-width: 150px) 100vw, 150px\" \/><\/a>\n\t\t\t<\/div><\/figure><figure class='gallery-item'>\n\t\t\t<div class='gallery-icon landscape'>\n\t\t\t\t<a href='https:\/\/bisbalpenedes.com\/web\/wp-content\/uploads\/2018\/12\/FANAL-STA-CRISTINA-2-scaled.jpg'><img width=\"150\" height=\"150\" src=\"https:\/\/bisbalpenedes.com\/web\/wp-content\/uploads\/2018\/12\/FANAL-STA-CRISTINA-2-150x150.jpg\" class=\"attachment-thumbnail size-thumbnail\" alt=\"\" loading=\"lazy\" srcset=\"https:\/\/bisbalpenedes.com\/web\/wp-content\/uploads\/2018\/12\/FANAL-STA-CRISTINA-2-150x150.jpg 150w, https:\/\/bisbalpenedes.com\/web\/wp-content\/uploads\/2018\/12\/FANAL-STA-CRISTINA-2-300x300.jpg 300w, https:\/\/bisbalpenedes.com\/web\/wp-content\/uploads\/2018\/12\/FANAL-STA-CRISTINA-2-100x100.jpg 100w\" sizes=\"(max-width: 150px) 100vw, 150px\" \/><\/a>\n\t\t\t<\/div><\/figure><figure class='gallery-item'>\n\t\t\t<div class='gallery-icon landscape'>\n\t\t\t\t<a href='https:\/\/bisbalpenedes.com\/web\/wp-content\/uploads\/2018\/12\/FANAL-MASIETA.jpg'><img width=\"150\" height=\"150\" src=\"https:\/\/bisbalpenedes.com\/web\/wp-content\/uploads\/2018\/12\/FANAL-MASIETA-150x150.jpg\" class=\"attachment-thumbnail size-thumbnail\" alt=\"\" loading=\"lazy\" srcset=\"https:\/\/bisbalpenedes.com\/web\/wp-content\/uploads\/2018\/12\/FANAL-MASIETA-150x150.jpg 150w, https:\/\/bisbalpenedes.com\/web\/wp-content\/uploads\/2018\/12\/FANAL-MASIETA-300x300.jpg 300w, https:\/\/bisbalpenedes.com\/web\/wp-content\/uploads\/2018\/12\/FANAL-MASIETA-100x100.jpg 100w\" sizes=\"(max-width: 150px) 100vw, 150px\" \/><\/a>\n\t\t\t<\/div><\/figure>\n\t\t<\/div>\n\n<p style=\"text-align: justify;\"><span style=\"color: #000000;\">Aquesta setmana ha finalitzat la instal\u00b7laci\u00f3 dels fanals solars que van demanar els ve\u00efns de la Pineda de Santa Cristina i la Masieta durant la passada edici\u00f3 del Pressupost Participatiu.\u00a0<\/span><span style=\"color: #000000;\">En total s&#8217;han instal\u00b7lat 12 fanals,\u00a07 a la Pineda de Santa Cristina i 5\u00a0a la Masieta. Val a dir que, amb l&#8217;import dels Pressupostos Participatius que corresponia a cada barri, es podia pagar un fanal per a cadascuna de les urbanitzacions. Els 10 fanals restants s&#8217;han instal\u00b7lat perqu\u00e8 es tracta d&#8217;una millora que l&#8217;equip de govern ja havia projectat amb la finalitat de millorar la visibilitat nocturna a les illes de contenidors i a les cru\u00eflles m\u00e9s transitades.<\/span><\/p>\n<hr \/>\n<p style=\"text-align: justify;\"><span style=\"color: #000000;\"><strong>CASTELLANO |<\/strong> Esta semana ha finalizado la instalaci\u00f3n de las farolas solares que pidieron los vecinos de la Pineda de Santa Cristina y la Masieta durante\u00a0la pasada edici\u00f3n del Presupuesto Participativo.\u00a0<\/span><span style=\"color: #000000;\">En total se han instalado 12 farolas, 7 en la Pineda de Santa Cristina y 5 en la Masieta. Cabe decir que, con el importe de los Presupuestos Participativos que correspond\u00eda a cada barrio, se pod\u00eda pagar una farola para cada una de las urbanizaciones. Las 10 farolas restantes se han instalado porqu\u00e9 se trata de una mejora que el\u00a0equipo de gobierno ya hab\u00eda proyectado con la finalidad de mejorar la visibilidad nocturna en las islas de contenedores y en los cruces m\u00e1s transitados.<\/span><\/p>\n","protected":false},"excerpt":{"rendered":"<p>Aquesta setmana ha finalitzat la instal\u00b7laci\u00f3 dels fanals solars que van demanar els ve\u00efns de la Pineda de Santa Cristina i la Masieta durant la passada edici\u00f3 del Pressupost Participatiu.\u00a0En &hellip; <a href=\"https:\/\/bisbalpenedes.com\/web\/2018\/12\/07\/els-fanals-solars-ja-son-una-realitat-a-la-pineda-de-santa-cristina-i-la-masieta\/\" class=\"more-link\">Read More<\/a><\/p>\n","protected":false},"author":4,"featured_media":8008,"comment_status":"closed","ping_status":"closed","sticky":false,"template":"","format":"standard","meta":[],"categories":[1047],"tags":[2390,2640,587,2639,622],"_links":{"self":[{"href":"https:\/\/bisbalpenedes.com\/web\/wp-json\/wp\/v2\/posts\/8007"}],"collection":[{"href":"https:\/\/bisbalpenedes.com\/web\/wp-json\/wp\/v2\/posts"}],"about":[{"href":"https:\/\/bisbalpenedes.com\/web\/wp-json\/wp\/v2\/types\/post"}],"author":[{"embeddable":true,"href":"https:\/\/bisbalpenedes.com\/web\/wp-json\/wp\/v2\/users\/4"}],"replies":[{"embeddable":true,"href":"https:\/\/bisbalpenedes.com\/web\/wp-json\/wp\/v2\/comments?post=8007"}],"version-history":[{"count":6,"href":"https:\/\/bisbalpenedes.com\/web\/wp-json\/wp\/v2\/posts\/8007\/revisions"}],"predecessor-version":[{"id":8017,"href":"https:\/\/bisbalpenedes.com\/web\/wp-json\/wp\/v2\/posts\/8007\/revisions\/8017"}],"wp:featuredmedia":[{"embeddable":true,"href":"https:\/\/bisbalpenedes.com\/web\/wp-json\/wp\/v2\/media\/8008"}],"wp:attachment":[{"href":"https:\/\/bisbalpenedes.com\/web\/wp-json\/wp\/v2\/media?parent=8007"}],"wp:term":[{"taxonomy":"category","embeddable":true,"href":"https:\/\/bisbalpenedes.com\/web\/wp-json\/wp\/v2\/categories?post=8007"},{"taxonomy":"post_tag","embeddable":true,"href":"https:\/\/bisbalpenedes.com\/web\/wp-json\/wp\/v2\/tags?post=8007"}],"curies":[{"name":"wp","href":"https:\/\/api.w.org\/{rel}","templated":true}]}}