{"id":8000,"date":"2018-12-05T16:47:24","date_gmt":"2018-12-05T15:47:24","guid":{"rendered":"http:\/\/bisbalpenedes.com\/web\/?p=8000"},"modified":"2018-12-05T16:47:44","modified_gmt":"2018-12-05T15:47:44","slug":"avui-dimecres-5-de-desembre-sencentran-els-llums-de-nadal","status":"publish","type":"post","link":"https:\/\/bisbalpenedes.com\/web\/2018\/12\/05\/avui-dimecres-5-de-desembre-sencentran-els-llums-de-nadal\/","title":{"rendered":"Avui dimecres 5 de desembre s&#8217;encendran els llums de Nadal"},"content":{"rendered":"<p><span style=\"color: #000000;\">L&#8217;Ajuntament de la Bisbal del Pened\u00e8s us comunica que avui dimecres 5 de desembre s&#8217;encendran els llums de Nadal i que romandran oberts fins a l&#8217;endem\u00e0 de Reis. Bones Festes!<\/span><\/p>\n<hr \/>\n<p><span style=\"color: #000000;\"><strong>CASTELLANO |<\/strong> El Ayuntamiento de la Bisbal del Pened\u00e8s os comunica que hoy mi\u00e9rcoles 5 de diciembre se encender\u00e1n las luces de Navidad y que permanecer\u00e1n abiertas hasta el d\u00eda despu\u00e9s del d\u00eda de Reyes. \u00a1Felices Fiestas!<\/span><\/p>\n<div id='gallery-1' class='gallery galleryid-8000 gallery-columns-4 gallery-size-thumbnail'><figure class='gallery-item'>\n\t\t\t<div class='gallery-icon landscape'>\n\t\t\t\t<a href='https:\/\/bisbalpenedes.com\/web\/2018\/12\/05\/avui-dimecres-5-de-desembre-sencentran-els-llums-de-nadal\/llums-nadal-1\/'><img width=\"150\" height=\"150\" src=\"https:\/\/bisbalpenedes.com\/web\/wp-content\/uploads\/2018\/12\/LLUMS-NADAL-1-e1570099244915-150x150.jpg\" class=\"attachment-thumbnail size-thumbnail\" alt=\"\" loading=\"lazy\" srcset=\"https:\/\/bisbalpenedes.com\/web\/wp-content\/uploads\/2018\/12\/LLUMS-NADAL-1-e1570099244915-150x150.jpg 150w, https:\/\/bisbalpenedes.com\/web\/wp-content\/uploads\/2018\/12\/LLUMS-NADAL-1-e1570099244915-300x300.jpg 300w, https:\/\/bisbalpenedes.com\/web\/wp-content\/uploads\/2018\/12\/LLUMS-NADAL-1-e1570099244915-100x100.jpg 100w\" sizes=\"(max-width: 150px) 100vw, 150px\" \/><\/a>\n\t\t\t<\/div><\/figure><figure class='gallery-item'>\n\t\t\t<div class='gallery-icon landscape'>\n\t\t\t\t<a href='https:\/\/bisbalpenedes.com\/web\/2018\/12\/05\/avui-dimecres-5-de-desembre-sencentran-els-llums-de-nadal\/llums-nadal-2\/'><img width=\"150\" height=\"150\" src=\"https:\/\/bisbalpenedes.com\/web\/wp-content\/uploads\/2018\/12\/LLUMS-NADAL-2-150x150.jpg\" class=\"attachment-thumbnail size-thumbnail\" alt=\"\" loading=\"lazy\" srcset=\"https:\/\/bisbalpenedes.com\/web\/wp-content\/uploads\/2018\/12\/LLUMS-NADAL-2-150x150.jpg 150w, https:\/\/bisbalpenedes.com\/web\/wp-content\/uploads\/2018\/12\/LLUMS-NADAL-2-300x300.jpg 300w, https:\/\/bisbalpenedes.com\/web\/wp-content\/uploads\/2018\/12\/LLUMS-NADAL-2-100x100.jpg 100w\" sizes=\"(max-width: 150px) 100vw, 150px\" \/><\/a>\n\t\t\t<\/div><\/figure><figure class='gallery-item'>\n\t\t\t<div class='gallery-icon landscape'>\n\t\t\t\t<a href='https:\/\/bisbalpenedes.com\/web\/2018\/12\/05\/avui-dimecres-5-de-desembre-sencentran-els-llums-de-nadal\/llums-nadal-4\/'><img width=\"150\" height=\"150\" src=\"https:\/\/bisbalpenedes.com\/web\/wp-content\/uploads\/2018\/12\/LLUMS-NADAL-4-150x150.jpg\" class=\"attachment-thumbnail size-thumbnail\" alt=\"\" loading=\"lazy\" srcset=\"https:\/\/bisbalpenedes.com\/web\/wp-content\/uploads\/2018\/12\/LLUMS-NADAL-4-150x150.jpg 150w, https:\/\/bisbalpenedes.com\/web\/wp-content\/uploads\/2018\/12\/LLUMS-NADAL-4-300x300.jpg 300w, https:\/\/bisbalpenedes.com\/web\/wp-content\/uploads\/2018\/12\/LLUMS-NADAL-4-100x100.jpg 100w\" sizes=\"(max-width: 150px) 100vw, 150px\" \/><\/a>\n\t\t\t<\/div><\/figure><figure class='gallery-item'>\n\t\t\t<div class='gallery-icon landscape'>\n\t\t\t\t<a href='https:\/\/bisbalpenedes.com\/web\/2018\/12\/05\/avui-dimecres-5-de-desembre-sencentran-els-llums-de-nadal\/llums-nadal-5\/'><img width=\"150\" height=\"150\" src=\"https:\/\/bisbalpenedes.com\/web\/wp-content\/uploads\/2018\/12\/LLUMS-NADAL-5-150x150.jpg\" class=\"attachment-thumbnail size-thumbnail\" alt=\"\" loading=\"lazy\" srcset=\"https:\/\/bisbalpenedes.com\/web\/wp-content\/uploads\/2018\/12\/LLUMS-NADAL-5-150x150.jpg 150w, https:\/\/bisbalpenedes.com\/web\/wp-content\/uploads\/2018\/12\/LLUMS-NADAL-5-300x300.jpg 300w, https:\/\/bisbalpenedes.com\/web\/wp-content\/uploads\/2018\/12\/LLUMS-NADAL-5-100x100.jpg 100w\" sizes=\"(max-width: 150px) 100vw, 150px\" \/><\/a>\n\t\t\t<\/div><\/figure>\n\t\t<\/div>\n\n","protected":false},"excerpt":{"rendered":"<p>L&#8217;Ajuntament de la Bisbal del Pened\u00e8s us comunica que avui dimecres 5 de desembre s&#8217;encendran els llums de Nadal i que romandran oberts fins a l&#8217;endem\u00e0 de Reis. Bones Festes! &hellip; <a href=\"https:\/\/bisbalpenedes.com\/web\/2018\/12\/05\/avui-dimecres-5-de-desembre-sencentran-els-llums-de-nadal\/\" class=\"more-link\">Read More<\/a><\/p>\n","protected":false},"author":4,"featured_media":8001,"comment_status":"closed","ping_status":"closed","sticky":false,"template":"","format":"standard","meta":[],"categories":[1047],"tags":[2638,95],"_links":{"self":[{"href":"https:\/\/bisbalpenedes.com\/web\/wp-json\/wp\/v2\/posts\/8000"}],"collection":[{"href":"https:\/\/bisbalpenedes.com\/web\/wp-json\/wp\/v2\/posts"}],"about":[{"href":"https:\/\/bisbalpenedes.com\/web\/wp-json\/wp\/v2\/types\/post"}],"author":[{"embeddable":true,"href":"https:\/\/bisbalpenedes.com\/web\/wp-json\/wp\/v2\/users\/4"}],"replies":[{"embeddable":true,"href":"https:\/\/bisbalpenedes.com\/web\/wp-json\/wp\/v2\/comments?post=8000"}],"version-history":[{"count":2,"href":"https:\/\/bisbalpenedes.com\/web\/wp-json\/wp\/v2\/posts\/8000\/revisions"}],"predecessor-version":[{"id":8006,"href":"https:\/\/bisbalpenedes.com\/web\/wp-json\/wp\/v2\/posts\/8000\/revisions\/8006"}],"wp:featuredmedia":[{"embeddable":true,"href":"https:\/\/bisbalpenedes.com\/web\/wp-json\/wp\/v2\/media\/8001"}],"wp:attachment":[{"href":"https:\/\/bisbalpenedes.com\/web\/wp-json\/wp\/v2\/media?parent=8000"}],"wp:term":[{"taxonomy":"category","embeddable":true,"href":"https:\/\/bisbalpenedes.com\/web\/wp-json\/wp\/v2\/categories?post=8000"},{"taxonomy":"post_tag","embeddable":true,"href":"https:\/\/bisbalpenedes.com\/web\/wp-json\/wp\/v2\/tags?post=8000"}],"curies":[{"name":"wp","href":"https:\/\/api.w.org\/{rel}","templated":true}]}}