{"id":7976,"date":"2018-12-04T08:37:22","date_gmt":"2018-12-04T07:37:22","guid":{"rendered":"http:\/\/bisbalpenedes.com\/web\/?p=7976"},"modified":"2018-12-07T12:19:10","modified_gmt":"2018-12-07T11:19:10","slug":"el-diumenge-30-de-desembre-a-les-18h-vine-a-veure-les-distancies-al-cmc","status":"publish","type":"post","link":"https:\/\/bisbalpenedes.com\/web\/2018\/12\/04\/el-diumenge-30-de-desembre-a-les-18h-vine-a-veure-les-distancies-al-cmc\/","title":{"rendered":"El diumenge 30 de desembre a les 18h vine a veure &#8216;Les dist\u00e0ncies&#8217; al CMC"},"content":{"rendered":"<p><span style=\"color: #000000;\">El diumenge 30 de desembre a les 18h projectarem la pel\u00b7l\u00edcula &#8216;Les dist\u00e0ncies&#8217; a l&#8217;Auditori Salb\u00e0 del CMC.<a style=\"color: #000000;\" href=\"http:\/\/bisbalpenedes.com\/web\/wp-content\/uploads\/2018\/12\/VISUAL_A3_DISTANCIES_LA_BISBAL_PENEDES.jpg\"><img loading=\"lazy\" class=\"aligncenter size-medium wp-image-7977\" src=\"http:\/\/bisbalpenedes.com\/web\/wp-content\/uploads\/2018\/12\/VISUAL_A3_DISTANCIES_LA_BISBAL_PENEDES-213x300.jpg\" alt=\"VISUAL_A3_DISTANCIES_LA_BISBAL_PENEDES\" width=\"213\" height=\"300\" srcset=\"https:\/\/bisbalpenedes.com\/web\/wp-content\/uploads\/2018\/12\/VISUAL_A3_DISTANCIES_LA_BISBAL_PENEDES-213x300.jpg 213w, https:\/\/bisbalpenedes.com\/web\/wp-content\/uploads\/2018\/12\/VISUAL_A3_DISTANCIES_LA_BISBAL_PENEDES-600x843.jpg 600w, https:\/\/bisbalpenedes.com\/web\/wp-content\/uploads\/2018\/12\/VISUAL_A3_DISTANCIES_LA_BISBAL_PENEDES-768x1080.jpg 768w, https:\/\/bisbalpenedes.com\/web\/wp-content\/uploads\/2018\/12\/VISUAL_A3_DISTANCIES_LA_BISBAL_PENEDES-728x1024.jpg 728w, https:\/\/bisbalpenedes.com\/web\/wp-content\/uploads\/2018\/12\/VISUAL_A3_DISTANCIES_LA_BISBAL_PENEDES.jpg 1146w\" sizes=\"(max-width: 213px) 100vw, 213px\" \/><\/a><\/span><\/p>\n<div class=\"wpb_text_column wpb_content_element \">\n<div class=\"wpb_wrapper\">\n<h4><span style=\"text-decoration: underline; color: #000000;\">FITXA\u00a0T\u00c8CNICA<\/span><\/h4>\n<\/div>\n<\/div>\n<div class=\"wpb_text_column wpb_content_element \">\n<div class=\"wpb_wrapper\">\n<p><span style=\"color: #000000;\"><i class=\"qode_icon_font_awesome fa fa-chevron-right qode_icon_element\"><\/i>\u00a0Direcci\u00f3:\u00a0<strong>Elena Trap\u00e9<\/strong><\/span><\/p>\n<p><span style=\"color: #000000;\"><i class=\"qode_icon_font_awesome fa fa-chevron-right qode_icon_element\"><\/i>\u00a0Gui\u00f3:\u00a0<strong>Elena Trap\u00e9, Miguel Ib\u00e1\u00f1ez Monroy i Josan Hatero<\/strong><\/span><\/p>\n<p><span style=\"color: #000000;\"><i class=\"qode_icon_font_awesome fa fa-chevron-right qode_icon_element\"><\/i>\u00a0M\u00fasica:\u00a0<strong>Albert Manera<\/strong><\/span><\/p>\n<p><span style=\"color: #000000;\"><i class=\"qode_icon_font_awesome fa fa-chevron-right qode_icon_element\"><\/i>\u00a0Estrena:\u00a0<strong>2018<\/strong><\/span><\/p>\n<p><span style=\"color: #000000;\"><i class=\"qode_icon_font_awesome fa fa-chevron-right qode_icon_element\"><\/i>\u00a0Durada:\u00a0<strong>100\u00a0min.<\/strong><\/span><\/p>\n<p><span style=\"color: #000000;\"><i class=\"qode_icon_font_awesome fa fa-chevron-right qode_icon_element\"><\/i>\u00a0G\u00e8nere:\u00a0<strong>Drama<\/strong><\/span><\/p>\n<p><span style=\"color: #000000;\"><i class=\"qode_icon_font_awesome fa fa-chevron-right qode_icon_element\"><\/i>\u00a0Versi\u00f3:\u00a0<strong>Original en catal\u00e0<\/strong><\/span><\/p>\n<p><span style=\"color: #000000;\"><i class=\"qode_icon_font_awesome fa fa-chevron-right qode_icon_element\"><\/i>\u00a0Int\u00e8rprets:<\/span><\/p>\n<p><span style=\"color: #000000;\"><strong>Alexandra Jim\u00e9nez, Miki Esparb\u00e9, Isak F\u00e9rriz, Bruno Sevilla, Mar\u00eda Ribera<\/strong><\/span><\/p>\n<p>&nbsp;<\/p>\n<div class=\"wpb_text_column wpb_content_element \">\n<div class=\"wpb_wrapper\">\n<h4><span style=\"text-decoration: underline; color: #000000;\">SINOPSI<\/span><\/h4>\n<\/div>\n<\/div>\n<div class=\"wpb_text_column wpb_content_element \">\n<div class=\"wpb_wrapper\">\n<p><span style=\"color: #000000;\">L\u2019Olivia, l\u2019Eloy, el Guille i l\u2019Anna viatgen a Berl\u00edn per visitar per sorpresa al seu amic Comas que fa 35 anys. Ell no els rep com esperaven i durant el cap de setmana les seves contradiccions afloren i l\u2019amistat es posa a prova.<\/span><\/p>\n<p><span style=\"color: #000000;\"><strong>Junts descobriran que el temps i la dist\u00e0ncia poden canviar-ho tot.<\/strong><\/span><\/p>\n<p><iframe loading=\"lazy\" src=\"https:\/\/www.youtube.com\/embed\/tlJWU7Mgquo\" width=\"560\" height=\"315\" frameborder=\"0\" allowfullscreen=\"allowfullscreen\"><\/iframe><\/p>\n<p><span style=\"color: #000000;\">El preu general de l\u2019entrada \u00e9s de 4,5\u20ac i s\u2019ofereix un preu redu\u00eft de 3\u20ac presentant el carnet de la Biblioteca Municipal de La Bisbal.<\/span><\/p>\n<p><span style=\"color: #000000;\">Quant a la recaptaci\u00f3, aquesta es destinar\u00e0 a l\u2019entitat del poble que s\u2019encarregui de gestionar la taquilla en cadascuna de les projeccions, en aquest cas\u00a0l&#8217;Associaci\u00f3 de Dones La Roca Foradada.<\/span><\/p>\n<p><span style=\"color: #000000;\">Per a m\u00e9s informaci\u00f3 podeu anar a l\u2019enlla\u00e7:\u00a0<a style=\"color: #000000;\" href=\"https:\/\/www.ciclegaudi.cat\/\" target=\"_blank\">https:\/\/www.ciclegaudi.cat\/<\/a><\/span><\/p>\n<hr \/>\n<p><span style=\"color: #000000;\"><strong>CASTELLANO |<\/strong> El domingo 30 de diciembre a las 18h proyectaremos la pel\u00edcula &#8216;Les dist\u00e0ncies&#8217; en el Auditori Salb\u00e0 el CMC.<\/span><\/p>\n<p><span style=\"color: #000000;\"><a style=\"color: #000000;\" href=\"http:\/\/bisbalpenedes.com\/web\/wp-content\/uploads\/2018\/12\/VISUAL_A3_DISTANCIES_LA_BISBAL_PENEDES.jpg\"><img loading=\"lazy\" class=\"aligncenter size-medium wp-image-7977\" src=\"http:\/\/bisbalpenedes.com\/web\/wp-content\/uploads\/2018\/12\/VISUAL_A3_DISTANCIES_LA_BISBAL_PENEDES-213x300.jpg\" alt=\"VISUAL_A3_DISTANCIES_LA_BISBAL_PENEDES\" width=\"213\" height=\"300\" srcset=\"https:\/\/bisbalpenedes.com\/web\/wp-content\/uploads\/2018\/12\/VISUAL_A3_DISTANCIES_LA_BISBAL_PENEDES-213x300.jpg 213w, https:\/\/bisbalpenedes.com\/web\/wp-content\/uploads\/2018\/12\/VISUAL_A3_DISTANCIES_LA_BISBAL_PENEDES-600x843.jpg 600w, https:\/\/bisbalpenedes.com\/web\/wp-content\/uploads\/2018\/12\/VISUAL_A3_DISTANCIES_LA_BISBAL_PENEDES-768x1080.jpg 768w, https:\/\/bisbalpenedes.com\/web\/wp-content\/uploads\/2018\/12\/VISUAL_A3_DISTANCIES_LA_BISBAL_PENEDES-728x1024.jpg 728w, https:\/\/bisbalpenedes.com\/web\/wp-content\/uploads\/2018\/12\/VISUAL_A3_DISTANCIES_LA_BISBAL_PENEDES.jpg 1146w\" sizes=\"(max-width: 213px) 100vw, 213px\" \/><\/a><\/span><\/p>\n<div class=\"wpb_text_column wpb_content_element \">\n<div class=\"wpb_wrapper\">\n<h4><span style=\"text-decoration: underline; color: #000000;\">FICHA T\u00c9CNICA<\/span><\/h4>\n<\/div>\n<\/div>\n<div class=\"wpb_text_column wpb_content_element \">\n<div class=\"wpb_wrapper\">\n<p><span style=\"color: #000000;\"><i class=\"qode_icon_font_awesome fa fa-chevron-right qode_icon_element\"><\/i>\u00a0Direcci\u00f3n:\u00a0<strong>Elena Trap\u00e9<\/strong><\/span><\/p>\n<p><span style=\"color: #000000;\"><i class=\"qode_icon_font_awesome fa fa-chevron-right qode_icon_element\"><\/i>\u00a0Gui\u00f3n:\u00a0<strong>Elena Trap\u00e9, Miguel Ib\u00e1\u00f1ez Monroy i Josan Hatero<\/strong><\/span><\/p>\n<p><span style=\"color: #000000;\"><i class=\"qode_icon_font_awesome fa fa-chevron-right qode_icon_element\"><\/i>\u00a0M\u00fasica:\u00a0<strong>Albert Manera<\/strong><\/span><\/p>\n<p><span style=\"color: #000000;\"><i class=\"qode_icon_font_awesome fa fa-chevron-right qode_icon_element\"><\/i>\u00a0Estreno:\u00a0<strong>2018<\/strong><\/span><\/p>\n<p><span style=\"color: #000000;\"><i class=\"qode_icon_font_awesome fa fa-chevron-right qode_icon_element\"><\/i>\u00a0Duraci\u00f3n:\u00a0<strong>100\u00a0min.<\/strong><\/span><\/p>\n<p><span style=\"color: #000000;\"><i class=\"qode_icon_font_awesome fa fa-chevron-right qode_icon_element\"><\/i>\u00a0G\u00e9nero:\u00a0<strong>Drama<\/strong><\/span><\/p>\n<p><span style=\"color: #000000;\"><i class=\"qode_icon_font_awesome fa fa-chevron-right qode_icon_element\"><\/i>\u00a0Versi\u00f3n:\u00a0<strong>Original en catal\u00e0<\/strong><\/span><\/p>\n<p><span style=\"color: #000000;\"><i class=\"qode_icon_font_awesome fa fa-chevron-right qode_icon_element\"><\/i>\u00a0Int\u00e9rpretes:<\/span><\/p>\n<p><span style=\"color: #000000;\"><strong>Alexandra Jim\u00e9nez, Miki Esparb\u00e9, Isak F\u00e9rriz, Bruno Sevilla, Mar\u00eda Ribera<\/strong><\/span><\/p>\n<div class=\"wpb_text_column wpb_content_element \">\n<div class=\"wpb_wrapper\">\n<h4><span style=\"text-decoration: underline; color: #000000;\">SINOPSIS<\/span><\/h4>\n<\/div>\n<\/div>\n<div class=\"wpb_text_column wpb_content_element \">\n<div class=\"wpb_wrapper\">\n<p><span style=\"color: #000000;\">Olivia, Eloy, Guille y Anna viajan a Berl\u00edn para visitar por sorpresa a su amigo Comas que hace 35 a\u00f1os. El no los recibe como esperaban y durante el fin de semana sus contradicciones afloran y la amistad se pone a prueba.<\/span><\/p>\n<p><span style=\"color: #000000;\"><strong>Juntos descubrir\u00e1n que el tiempo y la distancia lo pueden cambiar todo.<\/strong><\/span><\/p>\n<p><iframe loading=\"lazy\" src=\"https:\/\/www.youtube.com\/embed\/tlJWU7Mgquo\" width=\"560\" height=\"315\" frameborder=\"0\" allowfullscreen=\"allowfullscreen\"><\/iframe><\/p>\n<p><span style=\"color: #000000;\">El precio general de la entrada es de 4,5\u20ac y se ofrece un precio reducido de 3\u20ac presentando el carn\u00e9 de la Biblioteca Municipal de la Bisbal.<\/span><\/p>\n<p><span style=\"color: #000000;\">En cuanto a la recaudaci\u00f3n, esta se destinar\u00e1 a la entidad del pueblo que se encargue de gestionar la taquilla en cada una de las proyecciones, en este caso a la Associaci\u00f3 de Dones La Roca Foradada.<\/span><\/p>\n<p><span style=\"color: #000000;\">Para m\u00e1s informaci\u00f3n pod\u00e9is ir al enlace:\u00a0<a style=\"color: #000000;\" href=\"https:\/\/www.ciclegaudi.cat\/\" target=\"_blank\">https:\/\/www.ciclegaudi.cat\/<\/a><\/span><\/p>\n<p>&nbsp;<\/p>\n<\/div>\n<\/div>\n<\/div>\n<\/div>\n<\/div>\n<\/div>\n<\/div>\n<\/div>\n","protected":false},"excerpt":{"rendered":"<p>El diumenge 30 de desembre a les 18h projectarem la pel\u00b7l\u00edcula &#8216;Les dist\u00e0ncies&#8217; a l&#8217;Auditori Salb\u00e0 del CMC. FITXA\u00a0T\u00c8CNICA \u00a0Direcci\u00f3:\u00a0Elena Trap\u00e9 \u00a0Gui\u00f3:\u00a0Elena Trap\u00e9, Miguel Ib\u00e1\u00f1ez Monroy i Josan Hatero \u00a0M\u00fasica:\u00a0Albert &hellip; <a href=\"https:\/\/bisbalpenedes.com\/web\/2018\/12\/04\/el-diumenge-30-de-desembre-a-les-18h-vine-a-veure-les-distancies-al-cmc\/\" class=\"more-link\">Read More<\/a><\/p>\n","protected":false},"author":4,"featured_media":7977,"comment_status":"closed","ping_status":"closed","sticky":false,"template":"","format":"standard","meta":[],"categories":[8],"tags":[1624,308,813,307,226,752,2258,771],"_links":{"self":[{"href":"https:\/\/bisbalpenedes.com\/web\/wp-json\/wp\/v2\/posts\/7976"}],"collection":[{"href":"https:\/\/bisbalpenedes.com\/web\/wp-json\/wp\/v2\/posts"}],"about":[{"href":"https:\/\/bisbalpenedes.com\/web\/wp-json\/wp\/v2\/types\/post"}],"author":[{"embeddable":true,"href":"https:\/\/bisbalpenedes.com\/web\/wp-json\/wp\/v2\/users\/4"}],"replies":[{"embeddable":true,"href":"https:\/\/bisbalpenedes.com\/web\/wp-json\/wp\/v2\/comments?post=7976"}],"version-history":[{"count":3,"href":"https:\/\/bisbalpenedes.com\/web\/wp-json\/wp\/v2\/posts\/7976\/revisions"}],"predecessor-version":[{"id":7980,"href":"https:\/\/bisbalpenedes.com\/web\/wp-json\/wp\/v2\/posts\/7976\/revisions\/7980"}],"wp:featuredmedia":[{"embeddable":true,"href":"https:\/\/bisbalpenedes.com\/web\/wp-json\/wp\/v2\/media\/7977"}],"wp:attachment":[{"href":"https:\/\/bisbalpenedes.com\/web\/wp-json\/wp\/v2\/media?parent=7976"}],"wp:term":[{"taxonomy":"category","embeddable":true,"href":"https:\/\/bisbalpenedes.com\/web\/wp-json\/wp\/v2\/categories?post=7976"},{"taxonomy":"post_tag","embeddable":true,"href":"https:\/\/bisbalpenedes.com\/web\/wp-json\/wp\/v2\/tags?post=7976"}],"curies":[{"name":"wp","href":"https:\/\/api.w.org\/{rel}","templated":true}]}}