{"id":7972,"date":"2018-12-04T08:15:55","date_gmt":"2018-12-04T07:15:55","guid":{"rendered":"http:\/\/bisbalpenedes.com\/web\/?p=7972"},"modified":"2018-12-04T08:16:15","modified_gmt":"2018-12-04T07:16:15","slug":"el-proxim-11-de-desembre-tindra-lloc-una-conferencia-sobre-lopera-litaliana-in-algeri","status":"publish","type":"post","link":"https:\/\/bisbalpenedes.com\/web\/2018\/12\/04\/el-proxim-11-de-desembre-tindra-lloc-una-conferencia-sobre-lopera-litaliana-in-algeri\/","title":{"rendered":"El pr\u00f2xim 11 de desembre a les 18h tindr\u00e0 lloc una confer\u00e8ncia sobre l&#8217;\u00f2pera &#8216;L&#8217;italiana in Algeri&#8217; al CMC"},"content":{"rendered":"<p style=\"text-align: justify;\"><span style=\"color: #000000;\">El pr\u00f2xim dimarts 11 de desembre a les 18h el CMC acollir\u00e0 una\u00a0confer\u00e8ncia sobre l&#8217;\u00f2pera &#8220;L&#8217;Italiana in Algeri&#8221; de Gioachino Rossini. La xerrada anir\u00e0 a c\u00e0rrec de Pol Aviny\u00f3, music\u00f2leg i expert en \u00f2pera. Aquesta activitat \u00e9s gratu\u00efta i oberta a tothom.<\/span><\/p>\n<p style=\"text-align: justify;\"><span style=\"color: #000000;\">Recordem que s&#8217;ha programat una sortida per anar a veure aquesta \u00f2pera <a style=\"color: #000000;\" href=\"http:\/\/bisbalpenedes.com\/web\/2018\/10\/17\/ja-podeu-reservar-la-vostra-entrada-per-anar-al-liceu-a-veure-lopera-litaliana-in-alegri-el-23-de-desembre\/\" target=\"_blank\">per al pr\u00f2xim 23 de desembre.<\/a><\/span><\/p>\n<hr \/>\n<p style=\"text-align: justify;\"><span style=\"color: #000000;\"><strong>CASTELLANO |<\/strong> El pr\u00f3ximo martes 11 de diciembre a las 18h el CMC acoger\u00e1 una conferencia sobre la \u00f3pera &#8220;L&#8217;italiana in Algeri&#8221; de Gioachino Rossini. La charla ir\u00e1 a cargo de Pol Aviny\u00f3, music\u00f3logo y experto en \u00f3pera. Esta actividad es gratuita y abierta a todo el mundo.<\/span><\/p>\n<p style=\"text-align: justify;\"><span style=\"color: #000000;\">Recordamos que se ha programado una salida para ir a ver esta \u00f3pera <a href=\"http:\/\/bisbalpenedes.com\/web\/2018\/10\/17\/ja-podeu-reservar-la-vostra-entrada-per-anar-al-liceu-a-veure-lopera-litaliana-in-alegri-el-23-de-desembre\/\" target=\"_blank\">para el pr\u00f3ximo 23 de diciembre.<\/a><\/span><\/p>\n<p><a href=\"http:\/\/bisbalpenedes.com\/web\/wp-content\/uploads\/2018\/12\/LICEU_ITALIANA_ALGERI_XERRADA2018rectificat.jpg\"><img loading=\"lazy\" class=\"aligncenter size-large wp-image-7973\" src=\"http:\/\/bisbalpenedes.com\/web\/wp-content\/uploads\/2018\/12\/LICEU_ITALIANA_ALGERI_XERRADA2018rectificat-724x1024.jpg\" alt=\"LICEU_ITALIANA_ALGERI_XERRADA2018rectificat\" width=\"630\" height=\"891\" srcset=\"https:\/\/bisbalpenedes.com\/web\/wp-content\/uploads\/2018\/12\/LICEU_ITALIANA_ALGERI_XERRADA2018rectificat-724x1024.jpg 724w, https:\/\/bisbalpenedes.com\/web\/wp-content\/uploads\/2018\/12\/LICEU_ITALIANA_ALGERI_XERRADA2018rectificat-600x849.jpg 600w, https:\/\/bisbalpenedes.com\/web\/wp-content\/uploads\/2018\/12\/LICEU_ITALIANA_ALGERI_XERRADA2018rectificat-212x300.jpg 212w, https:\/\/bisbalpenedes.com\/web\/wp-content\/uploads\/2018\/12\/LICEU_ITALIANA_ALGERI_XERRADA2018rectificat-768x1086.jpg 768w, https:\/\/bisbalpenedes.com\/web\/wp-content\/uploads\/2018\/12\/LICEU_ITALIANA_ALGERI_XERRADA2018rectificat-scaled.jpg 1810w\" sizes=\"(max-width: 630px) 100vw, 630px\" \/><\/a><\/p>\n","protected":false},"excerpt":{"rendered":"<p>El pr\u00f2xim dimarts 11 de desembre a les 18h el CMC acollir\u00e0 una\u00a0confer\u00e8ncia sobre l&#8217;\u00f2pera &#8220;L&#8217;Italiana in Algeri&#8221; de Gioachino Rossini. La xerrada anir\u00e0 a c\u00e0rrec de Pol Aviny\u00f3, music\u00f2leg &hellip; <a href=\"https:\/\/bisbalpenedes.com\/web\/2018\/12\/04\/el-proxim-11-de-desembre-tindra-lloc-una-conferencia-sobre-lopera-litaliana-in-algeri\/\" class=\"more-link\">Read More<\/a><\/p>\n","protected":false},"author":4,"featured_media":7973,"comment_status":"closed","ping_status":"closed","sticky":false,"template":"","format":"standard","meta":[],"categories":[13],"tags":[91,2630,2631,2465],"_links":{"self":[{"href":"https:\/\/bisbalpenedes.com\/web\/wp-json\/wp\/v2\/posts\/7972"}],"collection":[{"href":"https:\/\/bisbalpenedes.com\/web\/wp-json\/wp\/v2\/posts"}],"about":[{"href":"https:\/\/bisbalpenedes.com\/web\/wp-json\/wp\/v2\/types\/post"}],"author":[{"embeddable":true,"href":"https:\/\/bisbalpenedes.com\/web\/wp-json\/wp\/v2\/users\/4"}],"replies":[{"embeddable":true,"href":"https:\/\/bisbalpenedes.com\/web\/wp-json\/wp\/v2\/comments?post=7972"}],"version-history":[{"count":2,"href":"https:\/\/bisbalpenedes.com\/web\/wp-json\/wp\/v2\/posts\/7972\/revisions"}],"predecessor-version":[{"id":7975,"href":"https:\/\/bisbalpenedes.com\/web\/wp-json\/wp\/v2\/posts\/7972\/revisions\/7975"}],"wp:featuredmedia":[{"embeddable":true,"href":"https:\/\/bisbalpenedes.com\/web\/wp-json\/wp\/v2\/media\/7973"}],"wp:attachment":[{"href":"https:\/\/bisbalpenedes.com\/web\/wp-json\/wp\/v2\/media?parent=7972"}],"wp:term":[{"taxonomy":"category","embeddable":true,"href":"https:\/\/bisbalpenedes.com\/web\/wp-json\/wp\/v2\/categories?post=7972"},{"taxonomy":"post_tag","embeddable":true,"href":"https:\/\/bisbalpenedes.com\/web\/wp-json\/wp\/v2\/tags?post=7972"}],"curies":[{"name":"wp","href":"https:\/\/api.w.org\/{rel}","templated":true}]}}