{"id":7969,"date":"2018-12-04T08:42:40","date_gmt":"2018-12-04T07:42:40","guid":{"rendered":"http:\/\/bisbalpenedes.com\/web\/?p=7969"},"modified":"2018-12-04T08:46:16","modified_gmt":"2018-12-04T07:46:16","slug":"es-comencen-a-installar-els-contenidors-de-poda-als-punts-habituals","status":"publish","type":"post","link":"https:\/\/bisbalpenedes.com\/web\/2018\/12\/04\/es-comencen-a-installar-els-contenidors-de-poda-als-punts-habituals\/","title":{"rendered":"Ja s&#8217;han comen\u00e7at a instal\u00b7lar els contenidors de poda als punts habituals"},"content":{"rendered":"<p style=\"text-align: justify;\"><a href=\"http:\/\/bisbalpenedes.com\/web\/wp-content\/uploads\/2018\/12\/Torre-de-guaita-2018-11-016.jpg\"><img loading=\"lazy\" class=\"aligncenter size-full wp-image-7970\" src=\"http:\/\/bisbalpenedes.com\/web\/wp-content\/uploads\/2018\/12\/Torre-de-guaita-2018-11-016.jpg\" alt=\"Torre-de-guaita-2018-11-016\" width=\"224\" height=\"249\" \/><\/a><\/p>\n<p style=\"text-align: justify;\"><span style=\"color: #000000;\">La Regidoria de Medi Ambient informa que aquest dilluns 3 de desembre s&#8217;han comen\u00e7at a col\u00b7locar els contenidors de poda en diversos punts del municipi. Enguany s&#8217;han col\u00b7locat una mica m\u00e9s tard de l&#8217;habitual per garantir la seva perman\u00e8ncia fins despr\u00e9s de Setmana Santa (que se celebrar\u00e0 del 14 al 22 de abril del 2019). Recordem que en aquests contenidors nom\u00e9s s&#8217;hi poden dipositar les restes de poda i jardineria dels particulars. \u00c9s important separar aquesta fracci\u00f3 de la resta per poder aprofitar-la i reduir aix\u00ed el cost que suposaria portar aquests residus a l&#8217;abocador.<\/span><\/p>\n<hr \/>\n<p style=\"text-align: justify;\"><span style=\"color: #000000;\"><strong>CASTELLANO |<\/strong> La Regidoria de Medi Ambient informa que este lunes 3 de diciembre se han empezado a colocar los contenedores de poda en varios puntos del municipio. Este a\u00f1o se han colocado un poco m\u00e1s tarde de lo habitual para garantizar su permanencia hasta despu\u00e9s de Semana Santa (que se celebrar\u00e1 del 14 al 22 de abril del 2019). Recordamos que en estos contenedores solo se deben depositar los restos de poda y jardiner\u00eda de los particulares. Es importante separar esta fracci\u00f3n del resto para poder aprovecharla y reducir as\u00ed el coste que supondr\u00eda llevar estos residuos al vertedero.<\/span><\/p>\n","protected":false},"excerpt":{"rendered":"<p>La Regidoria de Medi Ambient informa que aquest dilluns 3 de desembre s&#8217;han comen\u00e7at a col\u00b7locar els contenidors de poda en diversos punts del municipi. Enguany s&#8217;han col\u00b7locat una mica &hellip; <a href=\"https:\/\/bisbalpenedes.com\/web\/2018\/12\/04\/es-comencen-a-installar-els-contenidors-de-poda-als-punts-habituals\/\" class=\"more-link\">Read More<\/a><\/p>\n","protected":false},"author":4,"featured_media":7970,"comment_status":"closed","ping_status":"closed","sticky":false,"template":"","format":"standard","meta":[],"categories":[32],"tags":[625,220,2629],"_links":{"self":[{"href":"https:\/\/bisbalpenedes.com\/web\/wp-json\/wp\/v2\/posts\/7969"}],"collection":[{"href":"https:\/\/bisbalpenedes.com\/web\/wp-json\/wp\/v2\/posts"}],"about":[{"href":"https:\/\/bisbalpenedes.com\/web\/wp-json\/wp\/v2\/types\/post"}],"author":[{"embeddable":true,"href":"https:\/\/bisbalpenedes.com\/web\/wp-json\/wp\/v2\/users\/4"}],"replies":[{"embeddable":true,"href":"https:\/\/bisbalpenedes.com\/web\/wp-json\/wp\/v2\/comments?post=7969"}],"version-history":[{"count":6,"href":"https:\/\/bisbalpenedes.com\/web\/wp-json\/wp\/v2\/posts\/7969\/revisions"}],"predecessor-version":[{"id":7985,"href":"https:\/\/bisbalpenedes.com\/web\/wp-json\/wp\/v2\/posts\/7969\/revisions\/7985"}],"wp:featuredmedia":[{"embeddable":true,"href":"https:\/\/bisbalpenedes.com\/web\/wp-json\/wp\/v2\/media\/7970"}],"wp:attachment":[{"href":"https:\/\/bisbalpenedes.com\/web\/wp-json\/wp\/v2\/media?parent=7969"}],"wp:term":[{"taxonomy":"category","embeddable":true,"href":"https:\/\/bisbalpenedes.com\/web\/wp-json\/wp\/v2\/categories?post=7969"},{"taxonomy":"post_tag","embeddable":true,"href":"https:\/\/bisbalpenedes.com\/web\/wp-json\/wp\/v2\/tags?post=7969"}],"curies":[{"name":"wp","href":"https:\/\/api.w.org\/{rel}","templated":true}]}}