{"id":7963,"date":"2018-12-04T07:08:14","date_gmt":"2018-12-04T06:08:14","guid":{"rendered":"http:\/\/bisbalpenedes.com\/web\/?p=7963"},"modified":"2018-12-04T07:08:30","modified_gmt":"2018-12-04T06:08:30","slug":"les-properes-reunions-del-pressupost-participatiu-es-duran-a-terme-del-10-al-14-de-desembre","status":"publish","type":"post","link":"https:\/\/bisbalpenedes.com\/web\/2018\/12\/04\/les-properes-reunions-del-pressupost-participatiu-es-duran-a-terme-del-10-al-14-de-desembre\/","title":{"rendered":"Les properes reunions del pressupost participatiu es duran a terme del 10 al 13 de desembre"},"content":{"rendered":"<p style=\"text-align: justify;\"><a href=\"http:\/\/bisbalpenedes.com\/web\/wp-content\/uploads\/2018\/09\/imatge-pressupost-participatiu-neutra.jpg\"><img loading=\"lazy\" class=\"aligncenter size-medium wp-image-7146\" src=\"http:\/\/bisbalpenedes.com\/web\/wp-content\/uploads\/2018\/09\/imatge-pressupost-participatiu-neutra-300x234.jpg\" alt=\"imatge pressupost participatiu neutra\" width=\"300\" height=\"234\" srcset=\"https:\/\/bisbalpenedes.com\/web\/wp-content\/uploads\/2018\/09\/imatge-pressupost-participatiu-neutra-300x234.jpg 300w, https:\/\/bisbalpenedes.com\/web\/wp-content\/uploads\/2018\/09\/imatge-pressupost-participatiu-neutra-600x467.jpg 600w, https:\/\/bisbalpenedes.com\/web\/wp-content\/uploads\/2018\/09\/imatge-pressupost-participatiu-neutra.jpg 679w\" sizes=\"(max-width: 300px) 100vw, 300px\" \/><\/a><a href=\"http:\/\/bisbalpenedes.com\/web\/wp-content\/uploads\/2018\/09\/imatge-pressupost-participatiu-neutra.jpg\"><br \/>\n<\/a><\/p>\n<p style=\"text-align: justify;\"><span style=\"font-size: 10.0pt; font-family: 'Verdana',sans-serif;\">L&#8217;Ajuntament de la Bisbal del Pened\u00e8s informa que la setmana vinent es duran a terme les segones i \u00faltimes reunions del pressupost participatiu, unes trobades que serviran per acordar els projectes als quals es destinar\u00e0 la partida del 2019. Les dates i hores previstes s\u00f3n les seg\u00fcents:<\/span><\/p>\n<p style=\"text-align: justify; padding-left: 30px;\"><span style=\"text-decoration: underline;\"><span style=\"font-size: 10.0pt; font-family: 'Verdana',sans-serif;\">Dilluns 10 de desembre:<\/span><\/span><\/p>\n<p style=\"text-align: justify; padding-left: 30px;\"><span style=\"font-size: 10.0pt; font-family: 'Verdana',sans-serif;\">19:00h La Miralba (al CMC)<\/span><\/p>\n<p style=\"text-align: justify; padding-left: 30px;\"><span style=\"font-size: 10.0pt; font-family: 'Verdana',sans-serif;\">20:00h Santa Cristina (al CMC)<\/span><\/p>\n<p style=\"text-align: justify; padding-left: 30px;\"><u><span style=\"font-size: 10.0pt; font-family: 'Verdana',sans-serif;\">Dimarts 11 de desembre<\/span><\/u><span style=\"font-size: 10.0pt; font-family: 'Verdana',sans-serif;\">:<\/span><\/p>\n<p style=\"text-align: justify; padding-left: 30px;\"><span style=\"font-size: 10.0pt; font-family: 'Verdana',sans-serif;\">19:00h Priorat de la Bisbal (al local social)<\/span><\/p>\n<p style=\"text-align: justify; padding-left: 30px;\"><span style=\"font-size: 10.0pt; font-family: 'Verdana',sans-serif;\">20:00h La Masieta (al CMC)<\/span><\/p>\n<p style=\"text-align: justify; padding-left: 30px;\"><u><span style=\"font-size: 10.0pt; font-family: 'Verdana',sans-serif;\">Dimecres 12 de desembre<\/span><\/u><span style=\"font-size: 10.0pt; font-family: 'Verdana',sans-serif;\">:<\/span><\/p>\n<p style=\"text-align: justify; padding-left: 30px;\"><span style=\"font-size: 10.0pt; font-family: 'Verdana',sans-serif;\">19:00h Ortig\u00f3s (al CMC)<\/span><\/p>\n<p style=\"text-align: justify; padding-left: 30px;\"><span style=\"font-size: 10.0pt; font-family: 'Verdana',sans-serif;\">19:30h El Papagai (al CMC)<\/span><\/p>\n<p style=\"text-align: justify; padding-left: 30px;\"><span style=\"font-size: 10.0pt; font-family: 'Verdana',sans-serif;\">20:00h Nucli (al CMC)<\/span><\/p>\n<p style=\"text-align: justify; padding-left: 30px;\"><u><span style=\"font-size: 10.0pt; font-family: 'Verdana',sans-serif;\">Dijous 13 de desembre<\/span><\/u><span style=\"font-size: 10.0pt; font-family: 'Verdana',sans-serif;\">:<\/span><\/p>\n<p style=\"text-align: justify; padding-left: 30px;\"><span style=\"font-size: 10.0pt; font-family: 'Verdana',sans-serif;\">19:00h\u00a0L&#8217;Esplai (al local social)<\/span><\/p>\n<p style=\"text-align: justify; padding-left: 30px;\"><span style=\"font-size: 10.0pt; font-family: 'Verdana',sans-serif;\">20:00h Can Gordei (al local social)<\/span><\/p>\n<p style=\"text-align: justify;\"><span style=\"font-size: 10.0pt; font-family: 'Verdana',sans-serif;\">Enguany, l&#8217;Ajuntament ha decidit augmentar la partida fins als 72.000\u20ac, el que suposa 12.000\u20ac m\u00e9s que a l&#8217;exercici anterior. Es reparteixen de la seg\u00fcent manera: als nuclis de Santa Cristina, la Masieta i l&#8217;Ortig\u00f3s s&#8217;hi destinen 4.000\u20ac; a la Miralba i al Papagai s&#8217;hi destinen 6.000\u20ac; a l&#8217;Esplai s&#8217;hi destinen 7.000\u20ac; a Can Gordei s&#8217;hi destinen 12.000\u20ac; al Priorat s&#8217;hi destinen 14.000\u20ac; finalment, al nucli, s&#8217;hi destinen 15.000\u20ac. <\/span><\/p>\n<p style=\"text-align: justify;\"><span style=\"font-size: 10.0pt; font-family: 'Verdana',sans-serif;\">De les reunions informatives que s&#8217;han realitzat fins a la data n&#8217;han sortit una trentena de propostes que s&#8217;hauran de concretar a les reunions que es duran a terme del 10 al 13 de desembre.<\/span><\/p>\n<hr \/>\n<p style=\"text-align: justify;\"><span style=\"font-size: 10.0pt; font-family: 'Verdana',sans-serif;\"><strong>CASTELLANO |<\/strong> El Ayuntamiento de la Bisbal del Pened\u00e8s informa de que la semana que viene se llevar\u00e1n a cabo las segundas y \u00faltimas reuniones del presupuesto participativo, unos encuentros que servir\u00e1n para acordar los proyectos a los cuales se destinar\u00e1\u00a0la partida del 2019. Las fechas y horas previstas son las siguientes:<\/span><\/p>\n<p style=\"text-align: justify; padding-left: 30px;\"><u><span style=\"font-size: 10.0pt; font-family: 'Verdana',sans-serif;\">Lunes 10 de diciembre:<\/span><\/u><\/p>\n<p style=\"text-align: justify; padding-left: 30px;\"><span style=\"font-size: 10.0pt; font-family: 'Verdana',sans-serif;\">19:00h La Miralba (en el CMC)<\/span><\/p>\n<p style=\"text-align: justify; padding-left: 30px;\"><span style=\"font-size: 10.0pt; font-family: 'Verdana',sans-serif;\">20:00h Santa Cristina (en el CMC)<\/span><\/p>\n<p style=\"text-align: justify; padding-left: 30px;\"><u><span style=\"font-size: 10.0pt; font-family: 'Verdana',sans-serif;\">Martes 11 de diciembre<\/span><\/u><span style=\"font-size: 10.0pt; font-family: 'Verdana',sans-serif;\">:<\/span><\/p>\n<p style=\"text-align: justify; padding-left: 30px;\"><span style=\"font-size: 10.0pt; font-family: 'Verdana',sans-serif;\">19:00h Priorat de la Bisbal (en el local social)<\/span><\/p>\n<p style=\"text-align: justify; padding-left: 30px;\"><span style=\"font-size: 10.0pt; font-family: 'Verdana',sans-serif;\">20:00h La Masieta (en el CMC)<\/span><\/p>\n<p style=\"text-align: justify; padding-left: 30px;\"><u><span style=\"font-size: 10.0pt; font-family: 'Verdana',sans-serif;\">Mi\u00e9rcoles\u00a012 de diciembre<\/span><\/u><span style=\"font-size: 10.0pt; font-family: 'Verdana',sans-serif;\">:<\/span><\/p>\n<p style=\"text-align: justify; padding-left: 30px;\"><span style=\"font-size: 10.0pt; font-family: 'Verdana',sans-serif;\">19:00h L&#8217;Ortig\u00f3s (en el CMC)<\/span><\/p>\n<p style=\"text-align: justify; padding-left: 30px;\"><span style=\"font-size: 10.0pt; font-family: 'Verdana',sans-serif;\">19:30h El Papagai (en el CMC)<\/span><\/p>\n<p style=\"text-align: justify; padding-left: 30px;\"><span style=\"font-size: 10.0pt; font-family: 'Verdana',sans-serif;\">20:00h Nucli (en el CMC)<\/span><\/p>\n<p style=\"text-align: justify; padding-left: 30px;\"><u><span style=\"font-size: 10.0pt; font-family: 'Verdana',sans-serif;\">Jueves 13 de diciembre<\/span><\/u><span style=\"font-size: 10.0pt; font-family: 'Verdana',sans-serif;\">:<\/span><\/p>\n<p style=\"text-align: justify; padding-left: 30px;\"><span style=\"font-size: 10.0pt; font-family: 'Verdana',sans-serif;\">19:00h L&#8217;Esplai (en el local social)<\/span><\/p>\n<p style=\"text-align: justify; padding-left: 30px;\"><span style=\"font-size: 10.0pt; font-family: 'Verdana',sans-serif;\">20:00h Can Gordei (en el local social)<\/span><\/p>\n<p style=\"text-align: justify;\"><span style=\"font-size: 10.0pt; font-family: 'Verdana',sans-serif;\">Este a\u00f1o el Ayuntamiento ha decidido aumentar la partida hasta los 72.000\u20ac, lo que supone 12.000\u20ac m\u00e1s que en el ejercicio anterior. Se reparten de la siguiente manera: a los n\u00facleos de Santa Cristina, la Masieta y l&#8217;Ortig\u00f3s se destinan 4.000\u20ac; a la Miralba y el Papagai se destinan 6.000\u20ac; a l&#8217;Esplai se destinan 7.000\u20ac; a Can Gordei se destinan 12.000\u20ac; al Priorato se destinan 14.000\u20ac; finalmente, al n\u00facleo, se destinan 15.000\u20ac.\u00a0 <\/span><\/p>\n<p style=\"text-align: justify;\"><span style=\"font-size: 10.0pt; font-family: 'Verdana',sans-serif;\">De las reuniones informativas que se han realizado hasta la fecha han salido una treintena de propuestas que se deber\u00e1n concretar en las reuniones que se llevar\u00e1n a cabo del 10 al 13 de diciembre.<\/span><\/p>\n","protected":false},"excerpt":{"rendered":"<p>L&#8217;Ajuntament de la Bisbal del Pened\u00e8s informa que la setmana vinent es duran a terme les segones i \u00faltimes reunions del pressupost participatiu, unes trobades que serviran per acordar els &hellip; <a href=\"https:\/\/bisbalpenedes.com\/web\/2018\/12\/04\/les-properes-reunions-del-pressupost-participatiu-es-duran-a-terme-del-10-al-14-de-desembre\/\" class=\"more-link\">Read More<\/a><\/p>\n","protected":false},"author":4,"featured_media":7146,"comment_status":"closed","ping_status":"closed","sticky":false,"template":"","format":"standard","meta":[],"categories":[1047,8],"tags":[198,1177,276,604,587,246,790,1048,980,2628,520,1144,2375,623],"_links":{"self":[{"href":"https:\/\/bisbalpenedes.com\/web\/wp-json\/wp\/v2\/posts\/7963"}],"collection":[{"href":"https:\/\/bisbalpenedes.com\/web\/wp-json\/wp\/v2\/posts"}],"about":[{"href":"https:\/\/bisbalpenedes.com\/web\/wp-json\/wp\/v2\/types\/post"}],"author":[{"embeddable":true,"href":"https:\/\/bisbalpenedes.com\/web\/wp-json\/wp\/v2\/users\/4"}],"replies":[{"embeddable":true,"href":"https:\/\/bisbalpenedes.com\/web\/wp-json\/wp\/v2\/comments?post=7963"}],"version-history":[{"count":3,"href":"https:\/\/bisbalpenedes.com\/web\/wp-json\/wp\/v2\/posts\/7963\/revisions"}],"predecessor-version":[{"id":7966,"href":"https:\/\/bisbalpenedes.com\/web\/wp-json\/wp\/v2\/posts\/7963\/revisions\/7966"}],"wp:featuredmedia":[{"embeddable":true,"href":"https:\/\/bisbalpenedes.com\/web\/wp-json\/wp\/v2\/media\/7146"}],"wp:attachment":[{"href":"https:\/\/bisbalpenedes.com\/web\/wp-json\/wp\/v2\/media?parent=7963"}],"wp:term":[{"taxonomy":"category","embeddable":true,"href":"https:\/\/bisbalpenedes.com\/web\/wp-json\/wp\/v2\/categories?post=7963"},{"taxonomy":"post_tag","embeddable":true,"href":"https:\/\/bisbalpenedes.com\/web\/wp-json\/wp\/v2\/tags?post=7963"}],"curies":[{"name":"wp","href":"https:\/\/api.w.org\/{rel}","templated":true}]}}