{"id":7959,"date":"2018-12-03T13:54:00","date_gmt":"2018-12-03T12:54:00","guid":{"rendered":"http:\/\/bisbalpenedes.com\/web\/?p=7959"},"modified":"2018-12-03T13:54:00","modified_gmt":"2018-12-03T12:54:00","slug":"vols-fer-un-curs-de-catala-per-a-adults-quieres-hacer-un-curso-de-catalan-para-adultos","status":"publish","type":"post","link":"https:\/\/bisbalpenedes.com\/web\/2018\/12\/03\/vols-fer-un-curs-de-catala-per-a-adults-quieres-hacer-un-curso-de-catalan-para-adultos\/","title":{"rendered":"Vols fer un curs de catal\u00e0 per a adults? \u00bfQuieres hacer un curso de catal\u00e1n para adultos?"},"content":{"rendered":"<p><span style=\"color: #000000;\">Vols comen\u00e7ar l\u2019any fent un curs de catal\u00e0 per a adults al Baix Pened\u00e8s?<\/span><\/p>\n<p><span style=\"color: #000000;\">Del 12 al 20 de desembre pots formalitzar la teva matr\u00edcula per als nous cursos trimestrals que s\u2019impartiran de gener a mar\u00e7 de 2019<\/span><\/p>\n<p><span style=\"color: #000000;\">L\u2019aprenentatge dels cursos generals s\u2019ofereix en dues modalitats<\/span><\/p>\n<p style=\"padding-left: 30px;\"><span style=\"color: #000000;\">-Presencial: a Calafell (977699078) i El Vendrell (977664002)<\/span><\/p>\n<p style=\"padding-left: 30px;\"><span style=\"color: #000000;\">-En l\u00ednia: amb tutories (modalitat combinada) a tota la comarca mitjan\u00e7ant la plataforma <a style=\"color: #000000;\" href=\"http:\/\/www.parla.cat\">www.parla.cat<\/a>, una proposta que pot interessar a les persones que no poden o no volen assistir als cursos presencials.<\/span><\/p>\n<p><span style=\"color: #000000;\">Els cursos, de 45h de durada, s\u2019organitzen en per\u00edodes trimestrals i segueixen els programes de llengua catalana de la Direcci\u00f3 General de Pol\u00edtica Ling\u00fc\u00edstica. Els certificats de nivel que expedeix el Consorci tenen validesa oficial i correspond\u00e8ncia amb els nivells del Marc europeu com\u00fa de refer\u00e8ncia (MECR).<\/span><\/p>\n<p><span style=\"color: #000000;\">Per poder-se inscriure a un curs cal saber quin \u00e9s el nivell de coneixements previ. En el cas que no es disposi d\u2019un certificat de catal\u00e0 homologat, les persones interessades poden fer una prova de nivell durant el per\u00edode d\u2019inscripci\u00f3 al mateix Servei de Catal\u00e0. A partir d\u2019aquesta prova, es recomanar\u00e0 quin \u00e9s el nivell m\u00e9s adequat i les diferents possibilitats de dur-lo a terme a la comarca.<\/span><\/p>\n<p><span style=\"color: #000000;\">Els preus dels cursos de catal\u00e0 s\u00f3n p\u00fablics i es poden consultar <a style=\"color: #000000;\" href=\"https:\/\/www.cpnl.cat\/cursos-catala\/preus.html\">aqu\u00ed<\/a>. Hi ha reduccions de matr\u00edcula entre el 50 i el 70% per a determinats col\u00b7lectius.<\/span><\/p>\n<p><span style=\"color: #000000;\">Per a m\u00e9s informaci\u00f3, us podeu adre\u00e7ar al Servei de Catal\u00e0 del Baix Pened\u00e8s, que est\u00e0 situat a les depend\u00e8ncies del Consell Comarcal, a la pla\u00e7a del Centre, 5 del Vendrell (977 15 71 15\u00a0 &#8211; <a style=\"color: #000000;\" href=\"mailto:baixpenedes@cpnl.cat\">baixpenedes@cpnl.cat<\/a>). Per a informaci\u00f3 presencial i proves de col\u00b7locaci\u00f3, cal demanar hora.<\/span><\/p>\n<p><span style=\"color: #000000;\">Tota la informaci\u00f3 (oferta de cursos per poblaci\u00f3, horaris\u2026), la podeu trobar a <a style=\"color: #000000;\" href=\"http:\/\/www.cpnl.cat\/tarragona\/inscripcions.html\">www.cpnl.cat\/tarragona\/inscripcions.html<\/a><\/span><\/p>\n<p><a href=\"http:\/\/bisbalpenedes.com\/web\/wp-content\/uploads\/2018\/12\/Cartell_Parla_2n_1819-001.jpg\"><img loading=\"lazy\" class=\"aligncenter size-large wp-image-7960\" src=\"http:\/\/bisbalpenedes.com\/web\/wp-content\/uploads\/2018\/12\/Cartell_Parla_2n_1819-001-724x1024.jpg\" alt=\"Cartell_Parla_2n_1819-001\" width=\"630\" height=\"891\" srcset=\"https:\/\/bisbalpenedes.com\/web\/wp-content\/uploads\/2018\/12\/Cartell_Parla_2n_1819-001-724x1024.jpg 724w, https:\/\/bisbalpenedes.com\/web\/wp-content\/uploads\/2018\/12\/Cartell_Parla_2n_1819-001-600x849.jpg 600w, https:\/\/bisbalpenedes.com\/web\/wp-content\/uploads\/2018\/12\/Cartell_Parla_2n_1819-001-212x300.jpg 212w, https:\/\/bisbalpenedes.com\/web\/wp-content\/uploads\/2018\/12\/Cartell_Parla_2n_1819-001-768x1087.jpg 768w, https:\/\/bisbalpenedes.com\/web\/wp-content\/uploads\/2018\/12\/Cartell_Parla_2n_1819-001.jpg 1190w\" sizes=\"(max-width: 630px) 100vw, 630px\" \/><\/a><\/p>\n<hr \/>\n<p><span style=\"color: #000000;\"><strong>CASTELLANO |<\/strong> \u00bfQuieres empezar el a\u00f1o haciendo un curso de catal\u00e1n para adultos en el Baix Pened\u00e8s?<\/span><\/p>\n<p><span style=\"color: #000000;\">Del 12 al 20 de diciembre puedes formalizar tu matr\u00edcula para los nuevos cursos trimestrales que se impartir\u00e1n de enero a marzo del 2019.<\/span><\/p>\n<p><span style=\"color: #000000;\">El aprendizaje de los cursos generales se ofrece en dos modalidades:<\/span><\/p>\n<p style=\"padding-left: 30px;\"><span style=\"color: #000000;\">-Presencial: en Calafell (977699078) y El Vendrell (977664002)<\/span><\/p>\n<p style=\"padding-left: 30px;\"><span style=\"color: #000000;\">-En l\u00ednea: con tutor\u00edas (modalidad combinada) en toda la comarca mediante la plataforma www.parla.cat, una propuesta que puede interesar a las personas que no pueden o no quieren asistir a cursos presenciales.<\/span><\/p>\n<p><span style=\"color: #000000;\">Los cursos, de 45h de duraci\u00f3n, se organizan en periodos trimestrales y siguen los programas de lengua catalana de la Direcci\u00f3 General de Pol\u00edtica Ling\u00fc\u00edstica. Los certificados de nivel que expide el Consorci tienen validez oficial y correspondencia con los niveles del Marco europeo de referencia (MECR).\u00a0<\/span><\/p>\n<p><span style=\"color: #000000;\">Para poderse inscribir en un curso hay que saber cu\u00e1l es el nivel de conocimientos previo. En el caso de que no se disponga de un certificado de catal\u00e1n homologado, las personas interesadas pueden hacer una prueba de nivel durante el periodo de inscripci\u00f3n al mismo Servei de Catal\u00e0. A partir de esta prueba, se recomendar\u00e1 cu\u00e1l es el nivel m\u00e1s adecuado y las diferentes posibilidades de llevarlo a cabo en la comarca.<\/span><\/p>\n<p><span style=\"color: #000000;\">Los precios de los cursos de catal\u00e1n son p\u00fablicos y se pueden consultar\u00a0<a style=\"color: #000000;\" href=\"https:\/\/www.cpnl.cat\/cursos-catala\/preus.html\">aqu\u00ed<\/a>. Hay reducciones de matr\u00edcula entre el 50 y el 70% para determinados colectivos.<\/span><\/p>\n<p><span style=\"color: #000000;\">Para m\u00e1s informaci\u00f3n, os pod\u00e9is dirigir al Servei de Catal\u00e0 del Baix Pened\u00e8s, que est\u00e1 situado en las dependencias del Consell Comarcal, en la pla\u00e7a del Centre, 5 del Vendrell (977 15 71 15 &#8211; <a style=\"color: #000000;\" href=\"mailto:baixpenedes@cpnl.cat\" target=\"_blank\">baixpenedes@cpnl.cat<\/a>). Para informaci\u00f3n presencial y pruebas de colocaci\u00f3n, hay que pedir hora.<\/span><\/p>\n<p><span style=\"color: #000000;\">Toda la informaci\u00f3n (oferta de cursos por poblaci\u00f3n, horarios&#8230;), la pod\u00e9is encontrar en\u00a0<a style=\"color: #000000;\" href=\"http:\/\/www.cpnl.cat\/tarragona\/inscripcions.html\">www.cpnl.cat\/tarragona\/inscripcions.html<\/a><\/span><\/p>\n<p><a href=\"http:\/\/bisbalpenedes.com\/web\/wp-content\/uploads\/2018\/12\/Cartell_Parla_2n_1819-001.jpg\"><img loading=\"lazy\" class=\"aligncenter size-large wp-image-7960\" src=\"http:\/\/bisbalpenedes.com\/web\/wp-content\/uploads\/2018\/12\/Cartell_Parla_2n_1819-001-724x1024.jpg\" alt=\"Cartell_Parla_2n_1819-001\" width=\"630\" height=\"891\" srcset=\"https:\/\/bisbalpenedes.com\/web\/wp-content\/uploads\/2018\/12\/Cartell_Parla_2n_1819-001-724x1024.jpg 724w, https:\/\/bisbalpenedes.com\/web\/wp-content\/uploads\/2018\/12\/Cartell_Parla_2n_1819-001-600x849.jpg 600w, https:\/\/bisbalpenedes.com\/web\/wp-content\/uploads\/2018\/12\/Cartell_Parla_2n_1819-001-212x300.jpg 212w, https:\/\/bisbalpenedes.com\/web\/wp-content\/uploads\/2018\/12\/Cartell_Parla_2n_1819-001-768x1087.jpg 768w, https:\/\/bisbalpenedes.com\/web\/wp-content\/uploads\/2018\/12\/Cartell_Parla_2n_1819-001.jpg 1190w\" sizes=\"(max-width: 630px) 100vw, 630px\" \/><\/a><\/p>\n","protected":false},"excerpt":{"rendered":"<p>Vols comen\u00e7ar l\u2019any fent un curs de catal\u00e0 per a adults al Baix Pened\u00e8s? Del 12 al 20 de desembre pots formalitzar la teva matr\u00edcula per als nous cursos trimestrals &hellip; <a href=\"https:\/\/bisbalpenedes.com\/web\/2018\/12\/03\/vols-fer-un-curs-de-catala-per-a-adults-quieres-hacer-un-curso-de-catalan-para-adultos\/\" class=\"more-link\">Read More<\/a><\/p>\n","protected":false},"author":4,"featured_media":7960,"comment_status":"closed","ping_status":"closed","sticky":false,"template":"","format":"standard","meta":[],"categories":[4],"tags":[118,2338,1122],"_links":{"self":[{"href":"https:\/\/bisbalpenedes.com\/web\/wp-json\/wp\/v2\/posts\/7959"}],"collection":[{"href":"https:\/\/bisbalpenedes.com\/web\/wp-json\/wp\/v2\/posts"}],"about":[{"href":"https:\/\/bisbalpenedes.com\/web\/wp-json\/wp\/v2\/types\/post"}],"author":[{"embeddable":true,"href":"https:\/\/bisbalpenedes.com\/web\/wp-json\/wp\/v2\/users\/4"}],"replies":[{"embeddable":true,"href":"https:\/\/bisbalpenedes.com\/web\/wp-json\/wp\/v2\/comments?post=7959"}],"version-history":[{"count":1,"href":"https:\/\/bisbalpenedes.com\/web\/wp-json\/wp\/v2\/posts\/7959\/revisions"}],"predecessor-version":[{"id":7961,"href":"https:\/\/bisbalpenedes.com\/web\/wp-json\/wp\/v2\/posts\/7959\/revisions\/7961"}],"wp:featuredmedia":[{"embeddable":true,"href":"https:\/\/bisbalpenedes.com\/web\/wp-json\/wp\/v2\/media\/7960"}],"wp:attachment":[{"href":"https:\/\/bisbalpenedes.com\/web\/wp-json\/wp\/v2\/media?parent=7959"}],"wp:term":[{"taxonomy":"category","embeddable":true,"href":"https:\/\/bisbalpenedes.com\/web\/wp-json\/wp\/v2\/categories?post=7959"},{"taxonomy":"post_tag","embeddable":true,"href":"https:\/\/bisbalpenedes.com\/web\/wp-json\/wp\/v2\/tags?post=7959"}],"curies":[{"name":"wp","href":"https:\/\/api.w.org\/{rel}","templated":true}]}}