{"id":7950,"date":"2018-12-02T13:58:21","date_gmt":"2018-12-02T12:58:21","guid":{"rendered":"http:\/\/bisbalpenedes.com\/web\/?p=7950"},"modified":"2018-12-02T14:05:50","modified_gmt":"2018-12-02T13:05:50","slug":"sinauguren-els-camps-de-futbol-7-i-els-presenten-els-equips-de-la-joventut-bisbalenca","status":"publish","type":"post","link":"https:\/\/bisbalpenedes.com\/web\/2018\/12\/02\/sinauguren-els-camps-de-futbol-7-i-els-presenten-els-equips-de-la-joventut-bisbalenca\/","title":{"rendered":"S&#8217;inauguren els camps de futbol 7 i els presenten els equips de la Joventut Bisbalenca"},"content":{"rendered":"<div class=\"\" data-block=\"true\" data-editor=\"1iccv\" data-offset-key=\"8kood-0-0\">\n<div class=\"_1mf _1mj\" data-offset-key=\"8kood-0-0\"><a href=\"http:\/\/bisbalpenedes.com\/web\/wp-content\/uploads\/2018\/12\/IMG_8363.jpg\"><img loading=\"lazy\" class=\"size-large wp-image-7951 aligncenter\" src=\"http:\/\/bisbalpenedes.com\/web\/wp-content\/uploads\/2018\/12\/IMG_8363-1024x504.jpg\" alt=\"joventut bisbalenca 2018-2019\" width=\"630\" height=\"310\" srcset=\"https:\/\/bisbalpenedes.com\/web\/wp-content\/uploads\/2018\/12\/IMG_8363-1024x504.jpg 1024w, https:\/\/bisbalpenedes.com\/web\/wp-content\/uploads\/2018\/12\/IMG_8363-600x295.jpg 600w, https:\/\/bisbalpenedes.com\/web\/wp-content\/uploads\/2018\/12\/IMG_8363-300x148.jpg 300w, https:\/\/bisbalpenedes.com\/web\/wp-content\/uploads\/2018\/12\/IMG_8363-768x378.jpg 768w\" sizes=\"(max-width: 630px) 100vw, 630px\" \/><\/a><\/div>\n<div class=\"_1mf _1mj\" data-offset-key=\"8kood-0-0\"><\/div>\n<div class=\"_1mf _1mj\" style=\"text-align: justify;\" data-offset-key=\"8kood-0-0\"><span style=\"color: #000000;\"><span data-offset-key=\"8kood-0-0\"><span data-text=\"true\">Aquest diumenge al mat\u00ed s&#8217;han inaugurat els nous camps de futbol 7 de la Joventut Bisbalenca que permetran millorar els entrenaments, els tornejos, aix\u00ed com l&#8217;organigrama dels partits. A m\u00e9s, tamb\u00e9 s&#8217;ha fet la presentaci\u00f3 dels equips<\/span><\/span><span data-offset-key=\"8kood-2-0\"><span data-text=\"true\">. La Regidora d&#8217;Esports, Leo Uceda, s&#8217;ha mostrat satisfeta de poder tirar una nova millora, que arriba despr\u00e9s d&#8217;haver renovat els vestuaris, i ha anunciat que l&#8217;Ajuntament est\u00e0 treballant en la col\u00b7locaci\u00f3 d&#8217;alguna mena de cobert, com ara una graderia amb sostre, que permeti que una part del lateral del camp pugui quedar a l&#8217;ombra, una acci\u00f3 molt demandada per l&#8217;afici\u00f3 del club.<\/span><\/span><\/span><\/div>\n<div class=\"_1mf _1mj\" style=\"text-align: justify;\" data-offset-key=\"8kood-0-0\"><span style=\"color: #000000;\">L&#8217;acte ha comptat amb la pres\u00e8ncia de diversos membres de la Federaci\u00f3 Catalana de Futbol.<\/span><\/div>\n<div class=\"_1mf _1mj\" style=\"text-align: justify;\" data-offset-key=\"8kood-0-0\"><\/div>\n<div class=\"_1mf _1mj\" style=\"text-align: justify;\" data-offset-key=\"8kood-0-0\"><a href=\"http:\/\/bisbalpenedes.com\/web\/wp-content\/uploads\/2018\/12\/IMG_8327.jpg\"><img loading=\"lazy\" class=\"aligncenter size-large wp-image-7952\" src=\"http:\/\/bisbalpenedes.com\/web\/wp-content\/uploads\/2018\/12\/IMG_8327-1024x683.jpg\" alt=\"joventut bisbalenca 2\" width=\"630\" height=\"420\" srcset=\"https:\/\/bisbalpenedes.com\/web\/wp-content\/uploads\/2018\/12\/IMG_8327-1024x683.jpg 1024w, https:\/\/bisbalpenedes.com\/web\/wp-content\/uploads\/2018\/12\/IMG_8327-600x400.jpg 600w, https:\/\/bisbalpenedes.com\/web\/wp-content\/uploads\/2018\/12\/IMG_8327-300x200.jpg 300w, https:\/\/bisbalpenedes.com\/web\/wp-content\/uploads\/2018\/12\/IMG_8327-768x512.jpg 768w\" sizes=\"(max-width: 630px) 100vw, 630px\" \/><\/a><\/div>\n<\/div>\n<div class=\"\" style=\"text-align: justify;\" data-block=\"true\" data-editor=\"1iccv\" data-offset-key=\"48rub-0-0\">\n<div class=\"_1mf _1mj\" data-offset-key=\"48rub-0-0\"><span data-offset-key=\"48rub-0-0\">\u00a0<\/span><\/div>\n<\/div>\n<div class=\"\" style=\"text-align: justify;\" data-block=\"true\" data-editor=\"1iccv\" data-offset-key=\"1tc0n-0-0\">\n<div class=\"_1mf _1mj\" data-offset-key=\"1tc0n-0-0\">\n<hr \/>\n<\/div>\n<\/div>\n<div class=\"\" style=\"text-align: justify;\" data-block=\"true\" data-editor=\"1iccv\" data-offset-key=\"2m1dj-0-0\">\n<div class=\"_1mf _1mj\" data-offset-key=\"2m1dj-0-0\"><span data-offset-key=\"2m1dj-0-0\"><a href=\"http:\/\/bisbalpenedes.com\/web\/wp-content\/uploads\/2018\/12\/IMG_8363.jpg\"><img loading=\"lazy\" class=\"aligncenter size-large wp-image-7951\" src=\"http:\/\/bisbalpenedes.com\/web\/wp-content\/uploads\/2018\/12\/IMG_8363-1024x504.jpg\" alt=\"joventut bisbalenca 2018-2019\" width=\"630\" height=\"310\" srcset=\"https:\/\/bisbalpenedes.com\/web\/wp-content\/uploads\/2018\/12\/IMG_8363-1024x504.jpg 1024w, https:\/\/bisbalpenedes.com\/web\/wp-content\/uploads\/2018\/12\/IMG_8363-600x295.jpg 600w, https:\/\/bisbalpenedes.com\/web\/wp-content\/uploads\/2018\/12\/IMG_8363-300x148.jpg 300w, https:\/\/bisbalpenedes.com\/web\/wp-content\/uploads\/2018\/12\/IMG_8363-768x378.jpg 768w\" sizes=\"(max-width: 630px) 100vw, 630px\" \/><\/a><\/span><\/div>\n<div class=\"_1mf _1mj\" data-offset-key=\"2m1dj-0-0\"><\/div>\n<\/div>\n<div class=\"\" data-block=\"true\" data-editor=\"1iccv\" data-offset-key=\"e67g4-0-0\">\n<div class=\"_1mf _1mj\" style=\"text-align: justify;\" data-offset-key=\"e67g4-0-0\"><span style=\"color: #000000;\" data-offset-key=\"e67g4-0-0\"><span data-text=\"true\"><strong>CASTELLANO |<\/strong> Este domingo por la ma\u00f1ana\u00a0se han inaugurado los nuevos campos de f\u00fatbol 7 de la Joventut Bisbalenca que permitir\u00e1n mejorar los entrenamientos, los torneos, as\u00ed como el organigrama de los partidos. Adem\u00e1s, tambi\u00e9n se ha hecho la presentaci\u00f3n de los equipos. La Regidora d&#8217;Esports, Leo Uceda, se ha mostrado satisfecha de poder llevar a cabo una nueva mejora, que llega despu\u00e9s de haber renovado los vestuarios, y ha anunciado que el Ayuntamiento est\u00e1 trabajando en la colocaci\u00f3n de alg\u00fan tipo de cubierto, como por ejemplo unas gradas con techo, que permita que una parte del lateral del campo pueda quedar a la sombra, una acci\u00f3n muy demandada por la afici\u00f3n del club.<\/span><\/span><\/div>\n<div class=\"_1mf _1mj\" style=\"text-align: justify;\" data-offset-key=\"e67g4-0-0\"><span style=\"color: #000000;\">El acto ha contado con la presencia de varios miembros de la Federaci\u00f3 Catalana de Futbol.<\/span><\/div>\n<div class=\"_1mf _1mj\" style=\"text-align: justify;\" data-offset-key=\"e67g4-0-0\"><\/div>\n<div class=\"_1mf _1mj\" style=\"text-align: justify;\" data-offset-key=\"e67g4-0-0\"><a href=\"http:\/\/bisbalpenedes.com\/web\/wp-content\/uploads\/2018\/12\/IMG_8327.jpg\"><img loading=\"lazy\" class=\"aligncenter size-large wp-image-7952\" src=\"http:\/\/bisbalpenedes.com\/web\/wp-content\/uploads\/2018\/12\/IMG_8327-1024x683.jpg\" alt=\"joventut bisbalenca 2\" width=\"630\" height=\"420\" srcset=\"https:\/\/bisbalpenedes.com\/web\/wp-content\/uploads\/2018\/12\/IMG_8327-1024x683.jpg 1024w, https:\/\/bisbalpenedes.com\/web\/wp-content\/uploads\/2018\/12\/IMG_8327-600x400.jpg 600w, https:\/\/bisbalpenedes.com\/web\/wp-content\/uploads\/2018\/12\/IMG_8327-300x200.jpg 300w, https:\/\/bisbalpenedes.com\/web\/wp-content\/uploads\/2018\/12\/IMG_8327-768x512.jpg 768w\" sizes=\"(max-width: 630px) 100vw, 630px\" \/><\/a><\/div>\n<\/div>\n<div class=\"\" data-block=\"true\" data-editor=\"1iccv\" data-offset-key=\"6tqo1-0-0\">\n<div class=\"_1mf _1mj\" data-offset-key=\"6tqo1-0-0\"><span data-offset-key=\"6tqo1-0-0\">\u00a0<\/span><\/div>\n<\/div>\n<div class=\"\" data-block=\"true\" data-editor=\"1iccv\" data-offset-key=\"26gj1-0-0\"><\/div>\n","protected":false},"excerpt":{"rendered":"<p>Aquest diumenge al mat\u00ed s&#8217;han inaugurat els nous camps de futbol 7 de la Joventut Bisbalenca que permetran millorar els entrenaments, els tornejos, aix\u00ed com l&#8217;organigrama dels partits. A m\u00e9s, &hellip; <a href=\"https:\/\/bisbalpenedes.com\/web\/2018\/12\/02\/sinauguren-els-camps-de-futbol-7-i-els-presenten-els-equips-de-la-joventut-bisbalenca\/\" class=\"more-link\">Read More<\/a><\/p>\n","protected":false},"author":4,"featured_media":7952,"comment_status":"closed","ping_status":"closed","sticky":false,"template":"","format":"standard","meta":[],"categories":[20,19],"tags":[368,2627,367,2625,2626,345,2411,1518],"_links":{"self":[{"href":"https:\/\/bisbalpenedes.com\/web\/wp-json\/wp\/v2\/posts\/7950"}],"collection":[{"href":"https:\/\/bisbalpenedes.com\/web\/wp-json\/wp\/v2\/posts"}],"about":[{"href":"https:\/\/bisbalpenedes.com\/web\/wp-json\/wp\/v2\/types\/post"}],"author":[{"embeddable":true,"href":"https:\/\/bisbalpenedes.com\/web\/wp-json\/wp\/v2\/users\/4"}],"replies":[{"embeddable":true,"href":"https:\/\/bisbalpenedes.com\/web\/wp-json\/wp\/v2\/comments?post=7950"}],"version-history":[{"count":4,"href":"https:\/\/bisbalpenedes.com\/web\/wp-json\/wp\/v2\/posts\/7950\/revisions"}],"predecessor-version":[{"id":7956,"href":"https:\/\/bisbalpenedes.com\/web\/wp-json\/wp\/v2\/posts\/7950\/revisions\/7956"}],"wp:featuredmedia":[{"embeddable":true,"href":"https:\/\/bisbalpenedes.com\/web\/wp-json\/wp\/v2\/media\/7952"}],"wp:attachment":[{"href":"https:\/\/bisbalpenedes.com\/web\/wp-json\/wp\/v2\/media?parent=7950"}],"wp:term":[{"taxonomy":"category","embeddable":true,"href":"https:\/\/bisbalpenedes.com\/web\/wp-json\/wp\/v2\/categories?post=7950"},{"taxonomy":"post_tag","embeddable":true,"href":"https:\/\/bisbalpenedes.com\/web\/wp-json\/wp\/v2\/tags?post=7950"}],"curies":[{"name":"wp","href":"https:\/\/api.w.org\/{rel}","templated":true}]}}