{"id":7938,"date":"2018-12-01T17:01:47","date_gmt":"2018-12-01T16:01:47","guid":{"rendered":"http:\/\/bisbalpenedes.com\/web\/?p=7938"},"modified":"2018-12-04T07:10:08","modified_gmt":"2018-12-04T06:10:08","slug":"no-et-perdis-el-casal-de-nadal","status":"publish","type":"post","link":"https:\/\/bisbalpenedes.com\/web\/2018\/12\/01\/no-et-perdis-el-casal-de-nadal\/","title":{"rendered":"S&#8217;obren les inscripcions del Casal de Nadal"},"content":{"rendered":"<p style=\"text-align: justify;\"><span style=\"color: #000000;\">Aquest Nadal\u00a0gaudeix del Casal de Nadal amb La Ballaruga, a l\u2019Escola Ull de Vent. Hi haur\u00e0 taller d&#8217;experiments, jocs esportius i cooperatius, buscarem l&#8217;Home dels Nassos, hi haur\u00e0 taller de cuina, ball, rob\u00f2tica, karaoke i molt m\u00e9s!\u00a0<\/span><\/p>\n<p style=\"text-align: justify;\"><span style=\"color: #000000;\">Hi haur\u00e0 Casal de Nadal els dies 24, 27, 28 i 31 de desembre i els dies 2, 3 i 4 de gener. L&#8217;horari ser\u00e0 de 8.00h a 13.30h i est\u00e0 adre\u00e7at a nens i nenes de P3\u00a0 a 6\u00e8 de prim\u00e0ria.<\/span><\/p>\n<p style=\"text-align: justify;\"><span style=\"color: #000000;\">El preu diari \u00e9s de 7\u20ac i les inscripcions es poden fer fins al 21 de desembre a l&#8217;Ajuntament.\u00a0<\/span><\/p>\n<hr \/>\n<p style=\"text-align: justify;\"><span style=\"color: #000000;\"><strong>CASTELLANO |<\/strong>\u00a0Esta Navidad disfruta\u00a0del Casal de Nadal con La Ballaruga, en la Escola Ull de Vent. Habr\u00e1 taller de experimentos, juegos deportivos y cooperativos, buscaremos al Home dels Nassos, habr\u00e1 taller de cocina, baile, rob\u00f3tica, karaoke \u00a1y mucho m\u00e1s! <\/span><\/p>\n<p style=\"text-align: justify;\"><span style=\"color: #000000;\">Habr\u00e1 Casal de Nadal los d\u00edas 24, 27, 28 y 31 de diciembre y los d\u00edas 2, 3 y 4 de enero. El horario ser\u00e1 de 8.00h a 13.30h y est\u00e1 dirigido a ni\u00f1os y ni\u00f1as de P3 a 6\u00ba de primaria.<\/span><\/p>\n<p style=\"text-align: justify;\"><span style=\"color: #000000;\">El precio diario es de 7\u20ac y las inscripciones se pueden hacer hasta el 21 de diciembre en el Ayuntamiento.<\/span><a href=\"http:\/\/bisbalpenedes.com\/web\/wp-content\/uploads\/2018\/11\/casal-nadal-18_19a.jpg\"><br \/>\n<\/a><a href=\"http:\/\/bisbalpenedes.com\/web\/wp-content\/uploads\/2018\/11\/casal-nadal-18_19a.jpg\"><br \/>\n<\/a><a href=\"http:\/\/bisbalpenedes.com\/web\/wp-content\/uploads\/2018\/12\/casal-nadal-18_19rectif2.jpg\"><img loading=\"lazy\" class=\"aligncenter size-large wp-image-7967\" src=\"http:\/\/bisbalpenedes.com\/web\/wp-content\/uploads\/2018\/12\/casal-nadal-18_19rectif2-724x1024.jpg\" alt=\"casal nadal 2018-2019\" width=\"630\" height=\"891\" srcset=\"https:\/\/bisbalpenedes.com\/web\/wp-content\/uploads\/2018\/12\/casal-nadal-18_19rectif2-724x1024.jpg 724w, https:\/\/bisbalpenedes.com\/web\/wp-content\/uploads\/2018\/12\/casal-nadal-18_19rectif2-600x849.jpg 600w, https:\/\/bisbalpenedes.com\/web\/wp-content\/uploads\/2018\/12\/casal-nadal-18_19rectif2-212x300.jpg 212w, https:\/\/bisbalpenedes.com\/web\/wp-content\/uploads\/2018\/12\/casal-nadal-18_19rectif2-768x1086.jpg 768w, https:\/\/bisbalpenedes.com\/web\/wp-content\/uploads\/2018\/12\/casal-nadal-18_19rectif2.jpg 1240w\" sizes=\"(max-width: 630px) 100vw, 630px\" \/><\/a><a href=\"http:\/\/bisbalpenedes.com\/web\/wp-content\/uploads\/2018\/12\/casal-nadal-18_19a-2.jpg\"><br \/>\n<\/a><a href=\"http:\/\/bisbalpenedes.com\/web\/wp-content\/uploads\/2018\/12\/casal-nadal-18_19a-1.jpg\"><br \/>\n<\/a><\/p>\n<p>&nbsp;<\/p>\n","protected":false},"excerpt":{"rendered":"<p>Aquest Nadal\u00a0gaudeix del Casal de Nadal amb La Ballaruga, a l\u2019Escola Ull de Vent. Hi haur\u00e0 taller d&#8217;experiments, jocs esportius i cooperatius, buscarem l&#8217;Home dels Nassos, hi haur\u00e0 taller de &hellip; <a href=\"https:\/\/bisbalpenedes.com\/web\/2018\/12\/01\/no-et-perdis-el-casal-de-nadal\/\" class=\"more-link\">Read More<\/a><\/p>\n","protected":false},"author":4,"featured_media":7967,"comment_status":"closed","ping_status":"closed","sticky":false,"template":"","format":"standard","meta":[],"categories":[8],"tags":[230,1400,784,273,245,95],"_links":{"self":[{"href":"https:\/\/bisbalpenedes.com\/web\/wp-json\/wp\/v2\/posts\/7938"}],"collection":[{"href":"https:\/\/bisbalpenedes.com\/web\/wp-json\/wp\/v2\/posts"}],"about":[{"href":"https:\/\/bisbalpenedes.com\/web\/wp-json\/wp\/v2\/types\/post"}],"author":[{"embeddable":true,"href":"https:\/\/bisbalpenedes.com\/web\/wp-json\/wp\/v2\/users\/4"}],"replies":[{"embeddable":true,"href":"https:\/\/bisbalpenedes.com\/web\/wp-json\/wp\/v2\/comments?post=7938"}],"version-history":[{"count":8,"href":"https:\/\/bisbalpenedes.com\/web\/wp-json\/wp\/v2\/posts\/7938\/revisions"}],"predecessor-version":[{"id":7968,"href":"https:\/\/bisbalpenedes.com\/web\/wp-json\/wp\/v2\/posts\/7938\/revisions\/7968"}],"wp:featuredmedia":[{"embeddable":true,"href":"https:\/\/bisbalpenedes.com\/web\/wp-json\/wp\/v2\/media\/7967"}],"wp:attachment":[{"href":"https:\/\/bisbalpenedes.com\/web\/wp-json\/wp\/v2\/media?parent=7938"}],"wp:term":[{"taxonomy":"category","embeddable":true,"href":"https:\/\/bisbalpenedes.com\/web\/wp-json\/wp\/v2\/categories?post=7938"},{"taxonomy":"post_tag","embeddable":true,"href":"https:\/\/bisbalpenedes.com\/web\/wp-json\/wp\/v2\/tags?post=7938"}],"curies":[{"name":"wp","href":"https:\/\/api.w.org\/{rel}","templated":true}]}}