{"id":7928,"date":"2018-11-29T09:48:49","date_gmt":"2018-11-29T08:48:49","guid":{"rendered":"http:\/\/bisbalpenedes.com\/web\/?p=7928"},"modified":"2018-11-29T09:49:03","modified_gmt":"2018-11-29T08:49:03","slug":"el-cmc-acollira-un-punt-informatiu-sobre-reciclatge-adrecat-als-veins-de-les-urbanitzacions-a-partir-del-dia-5-de-desembre","status":"publish","type":"post","link":"https:\/\/bisbalpenedes.com\/web\/2018\/11\/29\/el-cmc-acollira-un-punt-informatiu-sobre-reciclatge-adrecat-als-veins-de-les-urbanitzacions-a-partir-del-dia-5-de-desembre\/","title":{"rendered":"El CMC acollir\u00e0 un punt informatiu sobre reciclatge adre\u00e7at als ve\u00efns de les urbanitzacions a partir del dia 5 de desembre"},"content":{"rendered":"<p style=\"text-align: justify;\"><a href=\"http:\/\/bisbalpenedes.com\/web\/wp-content\/uploads\/2018\/11\/bosses-reciclatge-urbs.png\"><img loading=\"lazy\" class=\"aligncenter size-full wp-image-7929\" src=\"http:\/\/bisbalpenedes.com\/web\/wp-content\/uploads\/2018\/11\/bosses-reciclatge-urbs.png\" alt=\"bosses reciclatge urbs\" width=\"213\" height=\"202\" \/><\/a><\/p>\n<p style=\"text-align: justify;\"><span style=\"color: #000000;\">Des del Consell Comarcal del Baix Pened\u00e8s, conjuntament amb la Regidoria de Medi Ambient de l\u2019Ajuntament de la Bisbal del Pened\u00e8s, s\u2019est\u00e0 duent a terme una campanya de conscienciaci\u00f3 de la poblaci\u00f3, concretament adre\u00e7ada als ve\u00efns de les urbanitzacions, amb la finalitat de promoure i millorar el reciclatge.<\/span><\/p>\n<p style=\"text-align: justify;\"><span style=\"color: #000000;\">Per aquest motiu, a partir del dia 5 de desembre, cada dimecres de 9 a 14h, podreu trobar un punt informatiu al CMC adre\u00e7at als ve\u00efns de les urbanitzacions. All\u00e0, se us facilitar\u00e0 informaci\u00f3 sobre reciclatge i se us far\u00e0 entrega*, de forma gratu\u00efta, d\u2019un <em>pack<\/em> de bosses tricolor per reciclar vidre, pl\u00e0stic i paper-cartr\u00f3. A m\u00e9s, rebreu un imant, un punt de llibre i un fullet\u00f3 informatiu sobre reciclatge.<\/span><\/p>\n<p style=\"text-align: justify;\"><em>*Fins esgotar exist\u00e8ncies. El punt informatiu tamb\u00e9 estar\u00e0 obert fins que s\u2019acabin els packs de bosses.<\/em><\/p>\n<hr \/>\n<p style=\"text-align: justify;\"><span style=\"color: #000000;\"><strong>CASTELLANO |<\/strong> Desde el Consell Comarcal del Baix Pened\u00e8s, conjuntamente con la Regidoria de Medi Ambient del Ayuntamiento de la Bisbal del Pened\u00e8s, se est\u00e1 llevando a cabo una campa\u00f1a de concienciaci\u00f3n de la poblaci\u00f3n, concretamente dirigida a los vecinos de las urbanizaciones, con la finalidad de promover y mejorar el reciclaje.<\/span><\/p>\n<p style=\"text-align: justify;\"><span style=\"color: #000000;\">Por este motivo, a partir del d\u00eda 5 de diciembre, cada mi\u00e9rcoles de 9 a 14h, podr\u00e9is encontrar un punto informativo en el CMC dirigido a los vecinos de las urbanizaciones. All\u00ed, se os facilitar\u00e1 informaci\u00f3n sobre reciclaje y se os har\u00e1 entrega*, de forma gratuita, de un <em>pack<\/em> de bolsas tricolor para reciclar vidrio, pl\u00e1stico y papel-cart\u00f3n. Adem\u00e1s, recibir\u00e9is un im\u00e1n, un punto de libro y un folleto informativo sobre reciclaje.<\/span><\/p>\n<p style=\"text-align: justify;\"><em>*Hasta agotar existencias. El punto informativo tambi\u00e9n estar\u00e1 abierto hasta que se terminen los packs de bolsas.<\/em><\/p>\n","protected":false},"excerpt":{"rendered":"<p>Des del Consell Comarcal del Baix Pened\u00e8s, conjuntament amb la Regidoria de Medi Ambient de l\u2019Ajuntament de la Bisbal del Pened\u00e8s, s\u2019est\u00e0 duent a terme una campanya de conscienciaci\u00f3 de &hellip; <a href=\"https:\/\/bisbalpenedes.com\/web\/2018\/11\/29\/el-cmc-acollira-un-punt-informatiu-sobre-reciclatge-adrecat-als-veins-de-les-urbanitzacions-a-partir-del-dia-5-de-desembre\/\" class=\"more-link\">Read More<\/a><\/p>\n","protected":false},"author":4,"featured_media":7929,"comment_status":"closed","ping_status":"closed","sticky":false,"template":"","format":"standard","meta":[],"categories":[32],"tags":[1056,220,627,628,452],"_links":{"self":[{"href":"https:\/\/bisbalpenedes.com\/web\/wp-json\/wp\/v2\/posts\/7928"}],"collection":[{"href":"https:\/\/bisbalpenedes.com\/web\/wp-json\/wp\/v2\/posts"}],"about":[{"href":"https:\/\/bisbalpenedes.com\/web\/wp-json\/wp\/v2\/types\/post"}],"author":[{"embeddable":true,"href":"https:\/\/bisbalpenedes.com\/web\/wp-json\/wp\/v2\/users\/4"}],"replies":[{"embeddable":true,"href":"https:\/\/bisbalpenedes.com\/web\/wp-json\/wp\/v2\/comments?post=7928"}],"version-history":[{"count":2,"href":"https:\/\/bisbalpenedes.com\/web\/wp-json\/wp\/v2\/posts\/7928\/revisions"}],"predecessor-version":[{"id":7931,"href":"https:\/\/bisbalpenedes.com\/web\/wp-json\/wp\/v2\/posts\/7928\/revisions\/7931"}],"wp:featuredmedia":[{"embeddable":true,"href":"https:\/\/bisbalpenedes.com\/web\/wp-json\/wp\/v2\/media\/7929"}],"wp:attachment":[{"href":"https:\/\/bisbalpenedes.com\/web\/wp-json\/wp\/v2\/media?parent=7928"}],"wp:term":[{"taxonomy":"category","embeddable":true,"href":"https:\/\/bisbalpenedes.com\/web\/wp-json\/wp\/v2\/categories?post=7928"},{"taxonomy":"post_tag","embeddable":true,"href":"https:\/\/bisbalpenedes.com\/web\/wp-json\/wp\/v2\/tags?post=7928"}],"curies":[{"name":"wp","href":"https:\/\/api.w.org\/{rel}","templated":true}]}}