{"id":7916,"date":"2018-11-28T17:22:47","date_gmt":"2018-11-28T16:22:47","guid":{"rendered":"http:\/\/bisbalpenedes.com\/web\/?p=7916"},"modified":"2018-11-28T18:02:03","modified_gmt":"2018-11-28T17:02:03","slug":"lajuntament-crea-un-projecte-per-promoure-la-contractacio-de-presones-amb-dificultats-juntament-amb-la-fundacio-privada-santa-teresa-i-la-federacio-empresarial-del-gran-penedes","status":"publish","type":"post","link":"https:\/\/bisbalpenedes.com\/web\/2018\/11\/28\/lajuntament-crea-un-projecte-per-promoure-la-contractacio-de-presones-amb-dificultats-juntament-amb-la-fundacio-privada-santa-teresa-i-la-federacio-empresarial-del-gran-penedes\/","title":{"rendered":"L\u2019Ajuntament crea un projecte per promoure la contractaci\u00f3 de persones amb dificultats juntament amb la Fundaci\u00f3 Privada Santa Teresa i la Federaci\u00f3 Empresarial del Gran Pened\u00e8s"},"content":{"rendered":"<figure id=\"attachment_7917\" aria-describedby=\"caption-attachment-7917\" style=\"width: 630px\" class=\"wp-caption aligncenter\"><a href=\"http:\/\/bisbalpenedes.com\/web\/wp-content\/uploads\/2018\/11\/INTEGRALS-1.jpg\"><img loading=\"lazy\" class=\"size-large wp-image-7917\" src=\"http:\/\/bisbalpenedes.com\/web\/wp-content\/uploads\/2018\/11\/INTEGRALS-1-1024x768.jpg\" alt=\"Jos\u00e9 Carlos Eiriz, director general de la Fundaci\u00f3 Privada Santa Teresa; Agn\u00e8s Ferr\u00e9, alcaldessa de la Bisbal del Pened\u00e8s; Isidre Also, secretari general de la Federaci\u00f3 Empresarial del Gran Pened\u00e8s\" width=\"630\" height=\"473\" srcset=\"https:\/\/bisbalpenedes.com\/web\/wp-content\/uploads\/2018\/11\/INTEGRALS-1-1024x768.jpg 1024w, https:\/\/bisbalpenedes.com\/web\/wp-content\/uploads\/2018\/11\/INTEGRALS-1-600x450.jpg 600w, https:\/\/bisbalpenedes.com\/web\/wp-content\/uploads\/2018\/11\/INTEGRALS-1-300x225.jpg 300w, https:\/\/bisbalpenedes.com\/web\/wp-content\/uploads\/2018\/11\/INTEGRALS-1-768x576.jpg 768w\" sizes=\"(max-width: 630px) 100vw, 630px\" \/><\/a><figcaption id=\"caption-attachment-7917\" class=\"wp-caption-text\">Jos\u00e9 Carlos Eiriz, director general de la Fundaci\u00f3 Privada Santa Teresa; Agn\u00e8s Ferr\u00e9, alcaldessa de la Bisbal del Pened\u00e8s; Isidre Also, secretari general de la Federaci\u00f3 Empresarial del Gran Pened\u00e8s<\/figcaption><\/figure>\n<p style=\"text-align: justify;\"><span style=\"color: #000000;\">L\u2019Ajuntament de la Bisbal del Pened\u00e8s, la Fundaci\u00f3 Privada Santa Teresa i la Federaci\u00f3 Empresarial del Gran Pened\u00e8s (FEGP) impulsen el projecte \u2018Integra\u2019ls\u2019, una iniciativa que t\u00e9 l\u2019objectiu d\u2019ocupar persones amb risc d\u2019exclusi\u00f3 als pol\u00edgons industrials del municipi de la Bisbal. La iniciativa, que s\u2019ha presentat aquest dimarts al parc log\u00edstic de El Corte Ingl\u00e9s, insta l\u2019empresariat a incorporar persones amb dificultats f\u00edsiques, intel\u00b7lectuals, mentals o socials amb el prop\u00f2sit que els empresaris defineixin llocs de treball per poder formar persones amb risc d\u2019exclusi\u00f3 perqu\u00e8 els puguin ocupar.<\/span><\/p>\n<p style=\"text-align: justify;\"><span style=\"color: #000000;\">Durant la presentaci\u00f3, l\u2019alcaldessa de la Bisbal del Pened\u00e8s, Agn\u00e8s Ferr\u00e9, ha explicat que aquest projecte va sorgir de la primera edici\u00f3 de la Setmana de l\u2019Empresa i l\u2019Ocupaci\u00f3 que es va celebrar a la Bisbal del Pened\u00e8s del 28 de maig a l\u20191 de juny. All\u00e0, es van iniciar les primeres converses que van portar a seguir mantenint reunions per, finalment, presentar p\u00fablicament el projecte.<\/span><\/p>\n<p style=\"text-align: justify;\"><span style=\"color: #000000;\">L\u2019alcaldessa bisbalenca ha afirmat que \u201cel prop\u00f2sit del programa \u00e9s apropar les persones d\u2019aquests perfils a les empreses i propiciar la seva contractaci\u00f3; si m\u00e9s no, promoure la igualtat d\u2019oportunitats i que es tinguin en compte a l\u2019hora de compondre o ampliar les plantilles\u201d.<\/span><\/p>\n<p style=\"text-align: justify;\"><span style=\"color: #000000;\">Els dos objectius principals d\u2019Integra\u2019ls, s\u00f3n:<\/span><\/p>\n<ul style=\"text-align: justify;\">\n<li><span style=\"color: #000000;\">Aconseguir inserir 50 persones entre el 2019 i el 2020.<\/span><\/li>\n<li><span style=\"color: #000000;\">Que les empreses, amb el suport constant d\u2019Integra\u2019ls, millorin la situaci\u00f3 de vulnerabilitat de les persones amb m\u00e9s dificultats d\u2019inserci\u00f3 i que, incorporant-les a la seva plantilla, puguin ser treballadores responsables i, per tant, estables.<\/span><\/li>\n<\/ul>\n<p style=\"text-align: justify;\"><span style=\"color: #000000;\">El projecte arrencar\u00e0 durant els mesos de desembre i gener, iniciant les primeres visites a les empreses dels dos pol\u00edgons de la Bisbal, Les Planes i les Planes Baixes.<\/span><\/p>\n<p style=\"text-align: justify;\"><span style=\"color: #000000;\"><strong>QUI S\u00d3N ELS IMPULSORS D\u2019INTEGRA\u2019LS?<\/strong><\/span><\/p>\n<p style=\"text-align: justify;\"><span style=\"color: #000000;\">El grup de treball est\u00e0 format per representants de l\u2019Ajuntament de la Bisbal del Pened\u00e8s, la Fundaci\u00f3 Privada Santa Teresa del Vendrell i la Federaci\u00f3 Empresarial del Gran Pened\u00e8s (FEGP).\u00a0<\/span><\/p>\n<p style=\"text-align: justify;\"><span style=\"color: #000000;\">L\u2019<strong>Ajuntament de la Bisbal del Pened\u00e8s <\/strong>\u00e9s una administraci\u00f3 local p\u00fablica i, com a tal, treballa pels interessos dels ve\u00efns i les ve\u00efnes del municipi. En aquest sentit, una de les l\u00ednies de treball priorit\u00e0ries de l\u2019equip de govern implica fer costat els ve\u00efns i les ve\u00efnes amb dificultats sociolaborals. Per aquest motiu, l\u2019Ajuntament va crear el Servei d\u2019Ocupaci\u00f3 Municipal (SOM Bisbal), des del qual s\u2019ofereix assessorament i formaci\u00f3 a persones, facilitem el coneixement de les ofertes laborals del territori als usuaris i, en definitiva, els ajudem amb la finalitat que obtinguin m\u00e9s oportunitats d\u2019inserci\u00f3.<\/span><\/p>\n<p style=\"text-align: justify;\"><span style=\"color: #000000;\">Des de l\u2019Ajuntament creiem que el projecte Integra\u2019ls dota el Servei d\u2019Ocupaci\u00f3 Municipal d\u2019una eina imprescindible per poder continuar fent cr\u00e9ixer les possibilitats de tots els nostres usuaris.<\/span><\/p>\n<p style=\"text-align: justify;\"><span style=\"color: #000000;\">La <strong>Fundaci\u00f3 Privada Santa Teresa del Vendrell<\/strong> \u00e9s una entitat d\u2019iniciativa social, sense \u00e0nim de lucre, que treballa des de fa m\u00e9s de 40 anys a la comarca del Baix Pened\u00e8s i que t\u00e9 com a missi\u00f3 aconseguir la felicitat de les persones amb discapacitat i\/o trastorn mental, de les persones en risc d\u2019exclusi\u00f3 social, de la gent gran i de les seves fam\u00edlies. Participa en aquest projecte per compartir el seu coneixement i poder donar suport a les empreses, en la recerca i en la formaci\u00f3 de bons treballadors d\u2019aquests col\u00b7lectius, per cobrir els nous llocs de treball.<\/span><\/p>\n<p style=\"text-align: justify;\"><span style=\"color: #000000;\">La <strong>Federaci\u00f3 Empresarial del Gran Pened\u00e8s (FEGP)<\/strong>\u00a0\u00e9s una organitzaci\u00f3 empresarial de base associativa que representa fins a 900 empreses. Va n\u00e9ixer l\u2019any 2017 com a resultat del proc\u00e9s d\u2019integraci\u00f3 de dues organitzacions empresarials que coincidien en la mateixa demarcaci\u00f3; l\u2019hist\u00f2ric Gran Pened\u00e8s: la Uni\u00f3 Empresarial del Pened\u00e8s (UEP) i l\u2019Associaci\u00f3 d\u2019Empresaris del Garraf, l\u2019Alt Pened\u00e8s i el Baix Pened\u00e8s (ADEPG). La FEGP \u00e9s una entitat que mant\u00e9 un comprom\u00eds amb el seu entorn social i econ\u00f2mic i que ent\u00e9n com a prioritari el progr\u00e9s del territori, en tant que beneficia el conjunt de ciutadans i entitats que hi conviuen i garanteix el futur de les activitats que s\u2019hi desenvolupen.<\/span><\/p>\n<p style=\"text-align: justify;\"><span style=\"color: #000000;\">Val a dir que la composici\u00f3 del grup \u00e9s permeable, \u00e9s a dir, que permetria la participaci\u00f3 d\u2019altres entitats o professionals, com tamb\u00e9 d\u2019empreses que vulguin assumir una implicaci\u00f3 m\u00e9s directa.<\/span><\/p>\n<p style=\"text-align: justify;\"><span style=\"color: #000000;\"><strong>POL\u00cdGONS INCLUSIUS<\/strong><\/span><\/p>\n<p style=\"text-align: justify;\"><span style=\"color: #000000;\">Des de fa molts anys, les empreses m\u00e9s avan\u00e7ades han incorporat la responsabilitat social corporativa com una estrat\u00e8gia fonamental per al seu desenvolupament, ja que repercuteix de manera positiva en el seu teixit empresarial: afavoreix la competitivitat, projecta una imatge de preocupaci\u00f3 pels problemes socials i constitueix una font de satisfacci\u00f3 personal per als mateixos treballadors de l\u2019empresa.<\/span><\/p>\n<p style=\"text-align: justify;\"><span style=\"color: #000000;\">Els impulsors del projecte Integra\u2019ls consideren la inclusi\u00f3 social de persones en risc d\u2019exclusi\u00f3 un pilar fonamental de les pol\u00edtiques de responsabilitat social. El projecte ent\u00e9n els pol\u00edgons inclusius com una xarxa organitzada d\u2019empreses que comparteixen un territori concret i que, amb el suport d\u2019organitzacions i administracions, volen actuar per millorar la situaci\u00f3 de vulnerabilitat de les persones amb m\u00e9s dificultats d\u2019inserci\u00f3.<\/span><\/p>\n<p style=\"text-align: justify;\"><a href=\"http:\/\/bisbalpenedes.com\/web\/wp-content\/uploads\/2018\/11\/INTEGRALS-2.jpg\"><img loading=\"lazy\" class=\"aligncenter size-large wp-image-7918\" src=\"http:\/\/bisbalpenedes.com\/web\/wp-content\/uploads\/2018\/11\/INTEGRALS-2-1024x768.jpg\" alt=\"INTEGRALS 2\" width=\"630\" height=\"473\" srcset=\"https:\/\/bisbalpenedes.com\/web\/wp-content\/uploads\/2018\/11\/INTEGRALS-2-1024x768.jpg 1024w, https:\/\/bisbalpenedes.com\/web\/wp-content\/uploads\/2018\/11\/INTEGRALS-2-600x450.jpg 600w, https:\/\/bisbalpenedes.com\/web\/wp-content\/uploads\/2018\/11\/INTEGRALS-2-300x225.jpg 300w, https:\/\/bisbalpenedes.com\/web\/wp-content\/uploads\/2018\/11\/INTEGRALS-2-768x576.jpg 768w\" sizes=\"(max-width: 630px) 100vw, 630px\" \/><\/a><\/p>\n<hr \/>\n<figure id=\"attachment_7917\" aria-describedby=\"caption-attachment-7917\" style=\"width: 630px\" class=\"wp-caption aligncenter\"><a href=\"http:\/\/bisbalpenedes.com\/web\/wp-content\/uploads\/2018\/11\/INTEGRALS-1.jpg\"><img loading=\"lazy\" class=\"size-large wp-image-7917\" src=\"http:\/\/bisbalpenedes.com\/web\/wp-content\/uploads\/2018\/11\/INTEGRALS-1-1024x768.jpg\" alt=\"Jos\u00e9 Carlos Eiriz, director general de la Fundaci\u00f3 Privada Santa Teresa; Agn\u00e8s Ferr\u00e9, alcaldesa de la Bisbal del Pened\u00e8s; Isidre Also, secretario general de la Federaci\u00f3 Empresarial del Gran Pened\u00e8s\" width=\"630\" height=\"473\" srcset=\"https:\/\/bisbalpenedes.com\/web\/wp-content\/uploads\/2018\/11\/INTEGRALS-1-1024x768.jpg 1024w, https:\/\/bisbalpenedes.com\/web\/wp-content\/uploads\/2018\/11\/INTEGRALS-1-600x450.jpg 600w, https:\/\/bisbalpenedes.com\/web\/wp-content\/uploads\/2018\/11\/INTEGRALS-1-300x225.jpg 300w, https:\/\/bisbalpenedes.com\/web\/wp-content\/uploads\/2018\/11\/INTEGRALS-1-768x576.jpg 768w\" sizes=\"(max-width: 630px) 100vw, 630px\" \/><\/a><figcaption id=\"caption-attachment-7917\" class=\"wp-caption-text\">Jos\u00e9 Carlos Eiriz, director general de la Fundaci\u00f3 Privada Santa Teresa; Agn\u00e8s Ferr\u00e9, alcaldesa de la Bisbal del Pened\u00e8s; Isidre Also, secretario general de la Federaci\u00f3 Empresarial del Gran Pened\u00e8s<\/figcaption><\/figure>\n<p style=\"text-align: justify;\"><span style=\"color: #000000;\"><strong>CASTELLANO |<\/strong> El Ayuntamiento de la Bisbal del Pened\u00e8s, la Fundaci\u00f3 Privada Santa Teresa y la Federaci\u00f3 Empresarial del Gran Pened\u00e8s (FEGP) impulsan el proyecto &#8216;Integra&#8217;ls&#8217;, una iniciativa que tiene el objetivo de ocupar personas con riesgo de exclusi\u00f3n en los pol\u00edgonos industriales del municipio de la Bisbal. La iniciativa, que se ha presentado este martes en el parque log\u00edstico de El Corte Ingl\u00e9s, insta a los empresarios a incorporar personas con dificultades f\u00edsicas, intelectuales, mentales o sociales con el prop\u00f3sito que los empresarios definan puestos de trabajo y as\u00ed poder formar personas con riesgo de exclusi\u00f3n para qu\u00e9 los puedan ocupar.<\/span><\/p>\n<p style=\"text-align: justify;\"><span style=\"color: #000000;\">Durante la presentaci\u00f3n, la alcaldesa de la Bisbal del Pened\u00e8s, Agn\u00e8s Ferr\u00e9, ha explicado que este proyecto surgi\u00f3 de la primera edici\u00f3n de la Setmana de l&#8217;Empresa i l&#8217;Ocupaci\u00f3 que se celebr\u00f3 en la Bisbal del Pened\u00e8s del 28 de mayo al 1 de junio. All\u00ed, se iniciaron las primeras conversaciones que llevaron a seguir manteniendo reuniones para, finalmente, presentar p\u00fablicamente el proyecto.<\/span><\/p>\n<p style=\"text-align: justify;\"><span style=\"color: #000000;\">La alcaldesa bisbalenca ha afirmado que &#8220;el prop\u00f3sito del programa es acercar a las personas de estos perfiles a las empresas y propiciar su contrataci\u00f3n; cuando menos, promover la igualdad de oportunidades y que se tengan en cuenta a la hora de componer o ampliar las plantillas&#8221;.<\/span><\/p>\n<p style=\"text-align: justify;\"><span style=\"color: #000000;\">Los dos objetivos principales de Integra&#8217;ls, son:<\/span><\/p>\n<ul style=\"text-align: justify;\">\n<li><span style=\"color: #000000;\">Conseguir insertar 50 personas entre el 2019 i el 2020.<\/span><\/li>\n<li><span style=\"color: #000000;\">Que las empresas, con el soporte constante de Integra&#8217;ls, mejoren la situaci\u00f3n de vulnerabilidad de las personas con m\u00e1s dificultades de inserci\u00f3n y que, incorpor\u00e1ndolas en su plantilla, puedan ser trabajadoras responsables y, por lo tanto, estables.<\/span><\/li>\n<\/ul>\n<p style=\"text-align: justify;\"><span style=\"color: #000000;\">El proyecto arrancar\u00e1 durante los meses de diciembre y enero, iniciando las primeras visitas a las empresas de los dos pol\u00edgonos de la Bisbal, Les Planes i les Planes Baixes.<\/span><\/p>\n<p style=\"text-align: justify;\"><span style=\"color: #000000;\"><strong>\u00bfQUI\u00c9N SON LOS IMPULSORES DE INTEGRA&#8217;LS?<\/strong><\/span><\/p>\n<p style=\"text-align: justify;\"><span style=\"color: #000000;\">El grupo de trabajo est\u00e1 formado por representantes del Ayuntamiento de la Bisbal del Pened\u00e8s, la Fundaci\u00f3 Privada Santa Teresa del Vendrell y la Federaci\u00f3 Empresarial del Gran Pened\u00e8s (FEGP).<\/span><\/p>\n<p style=\"text-align: justify;\"><span style=\"color: #000000;\">El <strong>Ayuntamiento de la Bisbal del Pened\u00e8s<\/strong> es una administraci\u00f3n local p\u00fablica y, como tal, trabaja por los intereses de los vecinos y las vecinas del municipio. En este sentido, una de las l\u00edneas de trabajo prioritarias del equipo de gobierno implica apoyar a los vecinos y las vecinas con dificultades sociolaborales. Por este motivo, el Ayuntamiento cre\u00f3 el Servei d&#8217;Ocupaci\u00f3 Municipal (SOM Bisbal), desde el que se ofrece asesoramiento y formaci\u00f3n a personas, facilitamos el conocimiento de las ofertas laborales del territorio y, en definitiva, ayudamos a los usuarios con la finalidad de que obtengan m\u00e1s oportunidades de inserci\u00f3n.<\/span><\/p>\n<p style=\"text-align: justify;\"><span style=\"color: #000000;\">Desde el Ayuntamiento creemos que el proyecto Integra&#8217;ls dota el Servei d&#8217;Ocupaci\u00f3 Municipal de una herramienta imprescindible para poder continuar haciendo crecer las posibilidades de todos nuestros usuarios.<\/span><\/p>\n<p style=\"text-align: justify;\"><span style=\"color: #000000;\">La<strong> Fundaci\u00f3 Privada Santa Teresa del Vendrell <\/strong>es una entidad de iniciativa social, sin \u00e1nimo de lucro, que trabaja desde hace m\u00e1s de 40 a\u00f1os en la comarca del Baix Pened\u00e8s y que tiene como misi\u00f3n conseguir la felicidad de las personas con discapacidad i\/o trastorno mental, de las personas en riesgo de exclusi\u00f3n social, de la gente mayor y de sus familias. Participa en este proyecto para compartir su conocimiento y poder apoyar a las empresas, en la b\u00fasqueda y en la formaci\u00f3n de buenos trabajadores de estos colectivos, para cubrir los nuevos puestos de trabajo.<\/span><\/p>\n<p style=\"text-align: justify;\"><span style=\"color: #000000;\">La <strong>Federaci\u00f3 Empresarial del Gran Pened\u00e8s (FEGP)\u00a0<\/strong>es una organizaci\u00f3n empresarial de base asociativa que representa hasta a 900 empresas. Naci\u00f3 el a\u00f1o 2017 como resultado del proceso de integraci\u00f3n de dos organizaciones empresariales que coincid\u00edan en al misma demarcaci\u00f3n; el hist\u00f3rico Gran Pened\u00e8s: la Uni\u00f3 Empresarial del Pened\u00e8s (UEP) y la Associaci\u00f3 d&#8217;Empresaris del Garraf, l&#8217;Alt Pened\u00e8s i el Baix Pened\u00e8s (ADEPG). La FEGP es una entidad que mantiene el compromiso con su entorno social y econ\u00f3mico y que entiende como prioritario el progreso del territorio, en tanto que beneficia el conjunto de la ciudadan\u00eda y las entidades con las que convive y garantizan el futuro de las actividades que se desarrollan.<\/span><\/p>\n<p style=\"text-align: justify;\"><span style=\"color: #000000;\">Cabe decir que la composici\u00f3n del grupo es permeable, es decir, que permitir\u00eda la participaci\u00f3n de otras entidades o profesionales, como tambi\u00e9n de empresas que quieran asumir una implicaci\u00f3n m\u00e1s directa.<\/span><\/p>\n<p style=\"text-align: justify;\"><span style=\"color: #000000;\"><strong>POL\u00cdGONOS INCLUSIVOS<\/strong><\/span><\/p>\n<p style=\"text-align: justify;\"><span style=\"color: #000000;\">Desde hace muchos a\u00f1os, las empresas m\u00e1s adelantadas han incorporado la responsabilidad social corporativa como una estrategia fundamental para su desarrollo, ya que repercute de forma positiva en su tejido empresarial: favorece la competitividad, proyecta una imagen de preocupaci\u00f3n para los problemas sociales y constituye una fuente de satisfacci\u00f3n personal para los mismos trabajadores de la empresa.<\/span><\/p>\n<p style=\"text-align: justify;\"><span style=\"color: #000000;\">Los impulsores del proyecto Integra&#8217;ls consideran la inclusi\u00f3n social de personas en riesgo de exclusi\u00f3n un pilar fundamental de las pol\u00edticas de responsabilidad social. El proyecto entiende los pol\u00edgonos inclusivos como una red organizada de empresas que comparten un territorio concreto y que, con el soporte de organizaciones y administraciones, quieren actuar para mejorar la situaci\u00f3n de vulnerabilidad de las personas con m\u00e1s dificultades de inserci\u00f3n.<\/span><\/p>\n<p style=\"text-align: justify;\"><a href=\"http:\/\/bisbalpenedes.com\/web\/wp-content\/uploads\/2018\/11\/INTEGRALS-2.jpg\"><img loading=\"lazy\" class=\"aligncenter size-large wp-image-7918\" src=\"http:\/\/bisbalpenedes.com\/web\/wp-content\/uploads\/2018\/11\/INTEGRALS-2-1024x768.jpg\" alt=\"INTEGRALS 2\" width=\"630\" height=\"473\" srcset=\"https:\/\/bisbalpenedes.com\/web\/wp-content\/uploads\/2018\/11\/INTEGRALS-2-1024x768.jpg 1024w, https:\/\/bisbalpenedes.com\/web\/wp-content\/uploads\/2018\/11\/INTEGRALS-2-600x450.jpg 600w, https:\/\/bisbalpenedes.com\/web\/wp-content\/uploads\/2018\/11\/INTEGRALS-2-300x225.jpg 300w, https:\/\/bisbalpenedes.com\/web\/wp-content\/uploads\/2018\/11\/INTEGRALS-2-768x576.jpg 768w\" sizes=\"(max-width: 630px) 100vw, 630px\" \/><\/a><\/p>\n<p>&nbsp;<\/p>\n","protected":false},"excerpt":{"rendered":"<p>L\u2019Ajuntament de la Bisbal del Pened\u00e8s, la Fundaci\u00f3 Privada Santa Teresa i la Federaci\u00f3 Empresarial del Gran Pened\u00e8s (FEGP) impulsen el projecte \u2018Integra\u2019ls\u2019, una iniciativa que t\u00e9 l\u2019objectiu d\u2019ocupar persones &hellip; <a href=\"https:\/\/bisbalpenedes.com\/web\/2018\/11\/28\/lajuntament-crea-un-projecte-per-promoure-la-contractacio-de-presones-amb-dificultats-juntament-amb-la-fundacio-privada-santa-teresa-i-la-federacio-empresarial-del-gran-penedes\/\" class=\"more-link\">Read More<\/a><\/p>\n","protected":false},"author":4,"featured_media":7921,"comment_status":"closed","ping_status":"closed","sticky":false,"template":"","format":"standard","meta":[],"categories":[8,9],"tags":[959,2619,162,41,2622,2616,2618,2621,2620,10,200,2623,2617,1233,43],"_links":{"self":[{"href":"https:\/\/bisbalpenedes.com\/web\/wp-json\/wp\/v2\/posts\/7916"}],"collection":[{"href":"https:\/\/bisbalpenedes.com\/web\/wp-json\/wp\/v2\/posts"}],"about":[{"href":"https:\/\/bisbalpenedes.com\/web\/wp-json\/wp\/v2\/types\/post"}],"author":[{"embeddable":true,"href":"https:\/\/bisbalpenedes.com\/web\/wp-json\/wp\/v2\/users\/4"}],"replies":[{"embeddable":true,"href":"https:\/\/bisbalpenedes.com\/web\/wp-json\/wp\/v2\/comments?post=7916"}],"version-history":[{"count":3,"href":"https:\/\/bisbalpenedes.com\/web\/wp-json\/wp\/v2\/posts\/7916\/revisions"}],"predecessor-version":[{"id":7922,"href":"https:\/\/bisbalpenedes.com\/web\/wp-json\/wp\/v2\/posts\/7916\/revisions\/7922"}],"wp:featuredmedia":[{"embeddable":true,"href":"https:\/\/bisbalpenedes.com\/web\/wp-json\/wp\/v2\/media\/7921"}],"wp:attachment":[{"href":"https:\/\/bisbalpenedes.com\/web\/wp-json\/wp\/v2\/media?parent=7916"}],"wp:term":[{"taxonomy":"category","embeddable":true,"href":"https:\/\/bisbalpenedes.com\/web\/wp-json\/wp\/v2\/categories?post=7916"},{"taxonomy":"post_tag","embeddable":true,"href":"https:\/\/bisbalpenedes.com\/web\/wp-json\/wp\/v2\/tags?post=7916"}],"curies":[{"name":"wp","href":"https:\/\/api.w.org\/{rel}","templated":true}]}}