{"id":7902,"date":"2018-11-26T08:03:54","date_gmt":"2018-11-26T07:03:54","guid":{"rendered":"http:\/\/bisbalpenedes.com\/web\/?p=7902"},"modified":"2018-11-26T08:05:11","modified_gmt":"2018-11-26T07:05:11","slug":"ja-sha-comencat-a-repartir-la-revista-municipal-torre-de-guaita","status":"publish","type":"post","link":"https:\/\/bisbalpenedes.com\/web\/2018\/11\/26\/ja-sha-comencat-a-repartir-la-revista-municipal-torre-de-guaita\/","title":{"rendered":"Ja s&#8217;ha comen\u00e7at a repartir la revista municipal &#8216;Torre de Guaita&#8217;"},"content":{"rendered":"<p><a href=\"http:\/\/bisbalpenedes.com\/web\/wp-content\/uploads\/2018\/11\/Torre-de-guaita-2018-11-001.jpg\"><img loading=\"lazy\" class=\"aligncenter size-medium wp-image-7903\" src=\"http:\/\/bisbalpenedes.com\/web\/wp-content\/uploads\/2018\/11\/Torre-de-guaita-2018-11-001-212x300.jpg\" alt=\"Torre-de-guaita-2018-11-001\" width=\"212\" height=\"300\" srcset=\"https:\/\/bisbalpenedes.com\/web\/wp-content\/uploads\/2018\/11\/Torre-de-guaita-2018-11-001-212x300.jpg 212w, https:\/\/bisbalpenedes.com\/web\/wp-content\/uploads\/2018\/11\/Torre-de-guaita-2018-11-001-600x848.jpg 600w, https:\/\/bisbalpenedes.com\/web\/wp-content\/uploads\/2018\/11\/Torre-de-guaita-2018-11-001-768x1086.jpg 768w, https:\/\/bisbalpenedes.com\/web\/wp-content\/uploads\/2018\/11\/Torre-de-guaita-2018-11-001-724x1024.jpg 724w, https:\/\/bisbalpenedes.com\/web\/wp-content\/uploads\/2018\/11\/Torre-de-guaita-2018-11-001.jpg 1191w\" sizes=\"(max-width: 212px) 100vw, 212px\" \/><\/a><\/p>\n<p><span style=\"color: #000000;\">Ja s&#8217;ha comen\u00e7at a repartir la revista municipal Torre de Guaita. Com sempre, es reparteix casa per casa per\u00f2 tamb\u00e9 podeu descarregar-la en format digital\u00a0a l&#8217;enlla\u00e7:\u00a0<\/span><span style=\"color: #000000;\"><a style=\"color: #000000;\" href=\"https:\/\/goo.gl\/Ug2bdw?fbclid=IwAR2xCAREYy_4M3W-vmioO0MOjSEYKQe6Na8J7P75_QNc9fcgUWiqY-QjgKg\" target=\"_blank\" rel=\"noopener nofollow\" data-ft=\"{&quot;tn&quot;:&quot;-U&quot;}\" data-lynx-mode=\"async\" data-lynx-uri=\"https:\/\/l.facebook.com\/l.php?u=https%3A%2F%2Fgoo.gl%2FUg2bdw%3Ffbclid%3DIwAR2xCAREYy_4M3W-vmioO0MOjSEYKQe6Na8J7P75_QNc9fcgUWiqY-QjgKg&amp;h=AT3fEMOLkFHY11P58SI-AWlEDkgCJX-RNKOCmg47UJoOUv_RedhDyzyI71LTAOHI3FX9lVaP53Hk5QMEgVpv2rELLgsDfCSgv0gOdpqphiAR_3ZiHBPtY4lWWFYwuut9ew3oPTXDi2RZyVzCBQtCX7B4RFwvmR7ZKwzFW_dNi-1M0OjWzeHPVGchPJ9O0D350dKmzCI1z4oScAOaNnyYY2J_RYPpBbMiygS2C9boPvsHoPqzzSDYuJACpaaHUJVDjc7cxnCiZxrURUINgJoCptIYs7MqFrwkRMoUByRYaEyzPBvsePDQ3CdbyrSudiENKaEuc_vrl8WIhuilKHv1rsAyiiRi5OJc02fX62SAqJ3kRX8jztCuaVOaqdLkD_QcN8uYxK0CptaizHUlAuYg7QixR38zzsxY7UaT4g8ch7vZzx7F6UrnqcHWSr6i98e3gDfPIh2kiISZWai7kdfnzfZtIBwsB8Eg-QBLF2VzHkQJp6nFqTRQKtYWP-8iJd1UXg82WCnBYwLm_qYuBm8BsQc1AgYd54-6kD2HmDn-NurqMO4Lo_H6qYdmK1-8h5f5sMFZNnK6hs62JFRP7OrJwKyFUEIC-yyq2-Vd_bmqt1N3oN8kavbf1IVyeKQ6RaXi4CWClZ4\">https:\/\/goo.gl\/Ug2bdw<\/a><\/span><\/p>\n<p><span style=\"color: #000000;\">&#8212;<\/span><\/p>\n<div class=\"text_exposed_show\">\n<p><span style=\"color: #000000;\"><strong>CASTELLANO |<\/strong> Ya se ha empezado a repartir la revista municipal Torre de Guaita. Como siempre, se reparte casa por casa pero tambi\u00e9n pod\u00e9is descargarla en formato digital en el enlace:\u00a0<\/span><span style=\"color: #000000;\"><a style=\"color: #000000;\" href=\"https:\/\/goo.gl\/Ug2bdw?fbclid=IwAR0aJ-N-3p-Hh9fR3_-RbV_VHcLKaAuR4KO_0jBFQnFqxjnUdOMsY6PRmNc\" target=\"_blank\" rel=\"noopener nofollow\" data-ft=\"{&quot;tn&quot;:&quot;-U&quot;}\" data-lynx-mode=\"async\" data-lynx-uri=\"https:\/\/l.facebook.com\/l.php?u=https%3A%2F%2Fgoo.gl%2FUg2bdw%3Ffbclid%3DIwAR0aJ-N-3p-Hh9fR3_-RbV_VHcLKaAuR4KO_0jBFQnFqxjnUdOMsY6PRmNc&amp;h=AT30XokLdivGhN51aC-CnOdTse8ij0N18OINGsnAALNgIZtzBkGxWzgtCNQw_yn4E55mL0q_4-ane5tP6d-tFJft6n4Iepk-tywh3rsMYxk8ws-4Whi580SDaOghOdb_U0bq_V9hxMOY8a0q65N4t6__x7F-boJuTZjUeYEX7by22-fm1ZaHNM5ZFN_RiKb31B2WI8ILUDYUJ4emYz1082SJeFJ1_EHhjC0HSZdX3byu8jnFbMSl1LIMojhIGc9UtIZ0FEacvnJwYCm--7GtycMgHd_WTg4aJ26iaQu7kT7ichw-5zWFM5PoMGF0nnepBlPW_0P4ze8yKenayPLd1uDUpGJ3yJvi5HVP25YyefguMQhPj0Qb4Vf2H767aOkvmnk3EXWrWvio5B1hCql-YLePXiAqvrFHvq_LyxgJm09_THX5h2utwor9oku9Ex-_3vU4aQE0e8bxI3LXtuqpeXRTHq2b7z9-5g_mXgODPBvLP5bA87kasRYfIiug13G_wyzIlEkhdHCan5kkWqGg85i0qkEN4k1r-ABEDvE5kd2ZMEUhrIV9hOlfgaWfJUxILAj9pT-s48LFazKSW7b9AJqynqic6XAjtStpP_g0jqjmlpmqBg07rF-wnnWVkim9enYzpQo\">https:\/\/goo.gl\/Ug2bdw<\/a><\/span><\/p>\n<\/div>\n","protected":false},"excerpt":{"rendered":"<p>Ja s&#8217;ha comen\u00e7at a repartir la revista municipal Torre de Guaita. Com sempre, es reparteix casa per casa per\u00f2 tamb\u00e9 podeu descarregar-la en format digital\u00a0a l&#8217;enlla\u00e7:\u00a0https:\/\/goo.gl\/Ug2bdw &#8212; CASTELLANO | Ya &hellip; <a href=\"https:\/\/bisbalpenedes.com\/web\/2018\/11\/26\/ja-sha-comencat-a-repartir-la-revista-municipal-torre-de-guaita\/\" class=\"more-link\">Read More<\/a><\/p>\n","protected":false},"author":4,"featured_media":7903,"comment_status":"closed","ping_status":"closed","sticky":false,"template":"","format":"standard","meta":[],"categories":[8,2607],"tags":[1360,2611,2610,2609,2608],"_links":{"self":[{"href":"https:\/\/bisbalpenedes.com\/web\/wp-json\/wp\/v2\/posts\/7902"}],"collection":[{"href":"https:\/\/bisbalpenedes.com\/web\/wp-json\/wp\/v2\/posts"}],"about":[{"href":"https:\/\/bisbalpenedes.com\/web\/wp-json\/wp\/v2\/types\/post"}],"author":[{"embeddable":true,"href":"https:\/\/bisbalpenedes.com\/web\/wp-json\/wp\/v2\/users\/4"}],"replies":[{"embeddable":true,"href":"https:\/\/bisbalpenedes.com\/web\/wp-json\/wp\/v2\/comments?post=7902"}],"version-history":[{"count":3,"href":"https:\/\/bisbalpenedes.com\/web\/wp-json\/wp\/v2\/posts\/7902\/revisions"}],"predecessor-version":[{"id":7906,"href":"https:\/\/bisbalpenedes.com\/web\/wp-json\/wp\/v2\/posts\/7902\/revisions\/7906"}],"wp:featuredmedia":[{"embeddable":true,"href":"https:\/\/bisbalpenedes.com\/web\/wp-json\/wp\/v2\/media\/7903"}],"wp:attachment":[{"href":"https:\/\/bisbalpenedes.com\/web\/wp-json\/wp\/v2\/media?parent=7902"}],"wp:term":[{"taxonomy":"category","embeddable":true,"href":"https:\/\/bisbalpenedes.com\/web\/wp-json\/wp\/v2\/categories?post=7902"},{"taxonomy":"post_tag","embeddable":true,"href":"https:\/\/bisbalpenedes.com\/web\/wp-json\/wp\/v2\/tags?post=7902"}],"curies":[{"name":"wp","href":"https:\/\/api.w.org\/{rel}","templated":true}]}}