{"id":7899,"date":"2018-11-26T08:02:14","date_gmt":"2018-11-26T07:02:14","guid":{"rendered":"http:\/\/bisbalpenedes.com\/web\/?p=7899"},"modified":"2018-11-26T08:02:42","modified_gmt":"2018-11-26T07:02:42","slug":"la-propera-recollida-de-trastos-vells-i-voluminosos-tindra-lloc-el-3-de-desembre","status":"publish","type":"post","link":"https:\/\/bisbalpenedes.com\/web\/2018\/11\/26\/la-propera-recollida-de-trastos-vells-i-voluminosos-tindra-lloc-el-3-de-desembre\/","title":{"rendered":"La propera recollida de trastos vells i voluminosos tindr\u00e0 lloc el 3 de desembre"},"content":{"rendered":"<div class=\"\" data-block=\"true\" data-editor=\"5al2g\" data-offset-key=\"9vi1r-0-0\">\n<div class=\"_1mf _1mj\" data-offset-key=\"9vi1r-0-0\"><a href=\"http:\/\/bisbalpenedes.com\/web\/wp-content\/uploads\/2018\/01\/Trastos-Vells-Recollida.jpg\"><img loading=\"lazy\" class=\"aligncenter size-large wp-image-4417\" src=\"http:\/\/bisbalpenedes.com\/web\/wp-content\/uploads\/2018\/01\/Trastos-Vells-Recollida-498x1024.jpg\" alt=\"Trastos-Vells-Recollida\" width=\"498\" height=\"1024\" srcset=\"https:\/\/bisbalpenedes.com\/web\/wp-content\/uploads\/2018\/01\/Trastos-Vells-Recollida-498x1024.jpg 498w, https:\/\/bisbalpenedes.com\/web\/wp-content\/uploads\/2018\/01\/Trastos-Vells-Recollida-600x1234.jpg 600w, https:\/\/bisbalpenedes.com\/web\/wp-content\/uploads\/2018\/01\/Trastos-Vells-Recollida-146x300.jpg 146w, https:\/\/bisbalpenedes.com\/web\/wp-content\/uploads\/2018\/01\/Trastos-Vells-Recollida-768x1580.jpg 768w, https:\/\/bisbalpenedes.com\/web\/wp-content\/uploads\/2018\/01\/Trastos-Vells-Recollida.jpg 1240w\" sizes=\"(max-width: 498px) 100vw, 498px\" \/><\/a><\/div>\n<div class=\"_1mf _1mj\" data-offset-key=\"9vi1r-0-0\"><\/div>\n<div class=\"_1mf _1mj\" data-offset-key=\"9vi1r-0-0\"><span style=\"color: #000000;\"><span data-offset-key=\"9vi1r-2-0\"><span data-text=\"true\">Teniu mobiliari o andr\u00f2mines per llen\u00e7ar per\u00f2 no podeu despla\u00e7ar-vos al Punt Verd? Cap problema!\u00a0El <strong>primer dilluns de cada mes <\/strong>fem la recollida de trastos vells a domicili. Si voleu beneficiar-vos d&#8217;aquest servei, aviseu amb un m\u00ednim de 5 dies d&#8217;antelaci\u00f3 a l&#8217;Ajuntament <\/span><\/span><span data-offset-key=\"9vi1r-4-0\"><span data-text=\"true\">977688438. La propera recollida tindr\u00e0 lloc el dilluns 3 de desembre.<\/span><\/span><\/span><\/div>\n<\/div>\n<div class=\"\" data-block=\"true\" data-editor=\"5al2g\" data-offset-key=\"2ia2r-0-0\">\n<div class=\"_1mf _1mj\" data-offset-key=\"2ia2r-0-0\"><span style=\"color: #000000;\" data-offset-key=\"2ia2r-0-0\">\u00a0<\/span><\/div>\n<\/div>\n<div class=\"\" data-block=\"true\" data-editor=\"5al2g\" data-offset-key=\"607pd-0-0\">\n<div class=\"_1mf _1mj\" data-offset-key=\"607pd-0-0\"><span style=\"color: #000000;\" data-offset-key=\"607pd-0-0\"><span data-text=\"true\">&#8212;<\/span><\/span><\/div>\n<div class=\"_1mf _1mj\" data-offset-key=\"607pd-0-0\"><\/div>\n<\/div>\n<div class=\"\" data-block=\"true\" data-editor=\"5al2g\" data-offset-key=\"bg35q-0-0\">\n<div class=\"_1mf _1mj\" data-offset-key=\"bg35q-0-0\"><span style=\"color: #000000;\"><span data-offset-key=\"bg35q-0-0\"><span data-text=\"true\"><strong>CASTELLANO |<\/strong> \u00bfTen\u00e9is mobiliario o trastos para tirar pero no os pod\u00e9is desplazar al Punt Verd? \u00a1No hay problema!\u00a0<strong>El primer\u00a0lunes de cada mes <\/strong>hacemos la recogida de trastos viejos a domicilio. Si os quer\u00e9is beneficiar de este servicio, avisad con un m\u00ednimo de 5 d\u00edas de antelaci\u00f3n al Ayuntamiento <\/span><\/span><span data-offset-key=\"bg35q-2-0\"><span data-text=\"true\">977688438. La pr\u00f3xima recogida tendr\u00e1 lugar el lunes 3 de diciembre.<\/span><\/span><\/span><\/div>\n<\/div>\n","protected":false},"excerpt":{"rendered":"<p>Teniu mobiliari o andr\u00f2mines per llen\u00e7ar per\u00f2 no podeu despla\u00e7ar-vos al Punt Verd? Cap problema!\u00a0El primer dilluns de cada mes fem la recollida de trastos vells a domicili. Si voleu &hellip; <a href=\"https:\/\/bisbalpenedes.com\/web\/2018\/11\/26\/la-propera-recollida-de-trastos-vells-i-voluminosos-tindra-lloc-el-3-de-desembre\/\" class=\"more-link\">Read More<\/a><\/p>\n","protected":false},"author":4,"featured_media":4417,"comment_status":"closed","ping_status":"closed","sticky":false,"template":"","format":"standard","meta":[],"categories":[32],"tags":[2606,2257,2605,92,207,1729],"_links":{"self":[{"href":"https:\/\/bisbalpenedes.com\/web\/wp-json\/wp\/v2\/posts\/7899"}],"collection":[{"href":"https:\/\/bisbalpenedes.com\/web\/wp-json\/wp\/v2\/posts"}],"about":[{"href":"https:\/\/bisbalpenedes.com\/web\/wp-json\/wp\/v2\/types\/post"}],"author":[{"embeddable":true,"href":"https:\/\/bisbalpenedes.com\/web\/wp-json\/wp\/v2\/users\/4"}],"replies":[{"embeddable":true,"href":"https:\/\/bisbalpenedes.com\/web\/wp-json\/wp\/v2\/comments?post=7899"}],"version-history":[{"count":2,"href":"https:\/\/bisbalpenedes.com\/web\/wp-json\/wp\/v2\/posts\/7899\/revisions"}],"predecessor-version":[{"id":7901,"href":"https:\/\/bisbalpenedes.com\/web\/wp-json\/wp\/v2\/posts\/7899\/revisions\/7901"}],"wp:featuredmedia":[{"embeddable":true,"href":"https:\/\/bisbalpenedes.com\/web\/wp-json\/wp\/v2\/media\/4417"}],"wp:attachment":[{"href":"https:\/\/bisbalpenedes.com\/web\/wp-json\/wp\/v2\/media?parent=7899"}],"wp:term":[{"taxonomy":"category","embeddable":true,"href":"https:\/\/bisbalpenedes.com\/web\/wp-json\/wp\/v2\/categories?post=7899"},{"taxonomy":"post_tag","embeddable":true,"href":"https:\/\/bisbalpenedes.com\/web\/wp-json\/wp\/v2\/tags?post=7899"}],"curies":[{"name":"wp","href":"https:\/\/api.w.org\/{rel}","templated":true}]}}