{"id":7889,"date":"2018-11-24T17:56:05","date_gmt":"2018-11-24T16:56:05","guid":{"rendered":"http:\/\/bisbalpenedes.com\/web\/?p=7889"},"modified":"2018-11-24T18:00:37","modified_gmt":"2018-11-24T17:00:37","slug":"manifest-del-dia-internacional-per-a-leliminacio-de-la-violencia-envers-les-dones","status":"publish","type":"post","link":"https:\/\/bisbalpenedes.com\/web\/2018\/11\/24\/manifest-del-dia-internacional-per-a-leliminacio-de-la-violencia-envers-les-dones\/","title":{"rendered":"Manifest del Dia internacional per a l&#8217;eliminaci\u00f3 de la viol\u00e8ncia envers les dones"},"content":{"rendered":"<p><a href=\"http:\/\/bisbalpenedes.com\/web\/wp-content\/uploads\/2018\/11\/25N.jpg\"><img loading=\"lazy\" class=\"aligncenter size-full wp-image-7890\" src=\"http:\/\/bisbalpenedes.com\/web\/wp-content\/uploads\/2018\/11\/25N.jpg\" alt=\"25N\" width=\"400\" height=\"310\" srcset=\"https:\/\/bisbalpenedes.com\/web\/wp-content\/uploads\/2018\/11\/25N.jpg 400w, https:\/\/bisbalpenedes.com\/web\/wp-content\/uploads\/2018\/11\/25N-300x233.jpg 300w\" sizes=\"(max-width: 400px) 100vw, 400px\" \/><\/a><\/p>\n<p><span style=\"color: #000000;\">Dem\u00e0, 25 de novembre, \u00e9s el Dia internacional per a l&#8217;eliminaci\u00f3 de la viol\u00e8ncia envers les dones i aquest \u00e9s el manifest unitari que es llegir\u00e0 en diversos punts i actes de Catalunya durant tota la jornada. En el cas de la Bisbal del Pened\u00e8s, es llegir\u00e0 durant el dinar que ha organitzat l&#8217;<a class=\"profileLink\" style=\"color: #000000;\" href=\"https:\/\/www.facebook.com\/RocaForadada\/?__tn__=K-R-R-R&amp;eid=ARA26weSGAxEvKbDMbg-L49lpOzpoJcNFMh-DiYcOtkUR-0rzTR1MPEV60Br7hYxdY5iJJIG-zdO7Pul&amp;fref=mentions&amp;__xts__%5B0%5D=68.ARAJNN_rvdbjdvEf_YX1mWHLwC92Knj6CVUxiQJRscPkdQhRviOmVd7VNwVznhG8fVmfoYnTE1jZ0iFqNKG8u4yk-LhM1KG-bSB1FIl1h9Zxs2k8x8Ssty1VBrAy5ECUnd2wokFSgjbFNbJ1NdHpLhYmnaxoGfWvGWBI7kE7EbFL64xPDGSwKEb6kTsTvipA7a9vdYony1acjTn9spUddlvOI2bQdYOYKU9a5KPzxlyovVZ3FfPuPFHqHlTVBmroowLqW3kedWidXyGWnTIWOWy-P97mkXiZe6e0QX4c_JSRZ_TbiKj04IIK_XXMIdqix9ItFsY\" data-hovercard=\"\/ajax\/hovercard\/page.php?id=493666870744573&amp;extragetparams=%7B%22__tn__%22%3A%22%2CdK-R-R-R-R%22%2C%22eid%22%3A%22ARA26weSGAxEvKbDMbg-L49lpOzpoJcNFMh-DiYcOtkUR-0rzTR1MPEV60Br7hYxdY5iJJIG-zdO7Pul%22%2C%22fref%22%3A%22mentions%22%7D&amp;av=1604025176482009&amp;eav=AfbsqJHW89gItwbE3RCkS_XpuQ8SKwxYzj3seGNHG3vq-denPQ0sCoQzCY-v8A7wp5AHxEpvKb4j8weKOKJfpoAJ\" data-hovercard-prefer-more-content-show=\"1\">Associaci\u00f3 de dones La Roca Foradada<\/a>\u00a0per dem\u00e0.<\/span><br \/>\n<span style=\"color: #000000;\">Per a m\u00e9s informaci\u00f3 sobre el 25N, entreu a l&#8217;enlla\u00e7:\u00a0<a style=\"color: #000000;\" href=\"http:\/\/dones.gencat.cat\/ca\/ambits\/violencia_masclista\/dia-eliminacio-violencia-contra-dones-2018\/\" target=\"_blank\">http:\/\/dones.gencat.cat\/ca\/ambits\/violencia_masclista\/dia-eliminacio-violencia-contra-dones-2018\/<\/a><\/span><\/p>\n<p><span style=\"color: #000000;\">&#8212;<\/span><\/p>\n<div class=\"text_exposed_show\">\n<p><span style=\"color: #000000;\"><strong>CASTELLANO |<\/strong> Ma\u00f1ana, 25 de noviembre, es el D\u00eda internacional para la eliminaci\u00f3n de la violencia hacia las mujeres y este es el manifiesto unitario que se leer\u00e1 en varios puntos y actos de Catalunya durante toda la jornada. En el caso de la Bisbal del Pened\u00e8s, se leer\u00e1 durante la comida que ha organitzado la Associaci\u00f3 de dones La Roca Foradada para ma\u00f1ana.<\/span><br \/>\n<span style=\"color: #000000;\">Para m\u00e1s informaci\u00f3n sobre el 25N, entrad en el enlace:\u00a0<a style=\"color: #000000;\" href=\"http:\/\/dones.gencat.cat\/ca\/ambits\/violencia_masclista\/dia-eliminacio-violencia-contra-dones-2018\/\" target=\"_blank\">http:\/\/dones.gencat.cat\/ca\/ambits\/violencia_masclista\/dia-eliminacio-violencia-contra-dones-2018\/<\/a><\/span><\/p>\n<p><a href=\"http:\/\/bisbalpenedes.com\/web\/wp-content\/uploads\/2018\/11\/manifest-25-novembre3-001.jpg\"><img loading=\"lazy\" class=\"aligncenter size-large wp-image-7891\" src=\"http:\/\/bisbalpenedes.com\/web\/wp-content\/uploads\/2018\/11\/manifest-25-novembre3-001-724x1024.jpg\" alt=\"manifest-25-novembre3-001\" width=\"630\" height=\"891\" srcset=\"https:\/\/bisbalpenedes.com\/web\/wp-content\/uploads\/2018\/11\/manifest-25-novembre3-001-724x1024.jpg 724w, https:\/\/bisbalpenedes.com\/web\/wp-content\/uploads\/2018\/11\/manifest-25-novembre3-001-600x849.jpg 600w, https:\/\/bisbalpenedes.com\/web\/wp-content\/uploads\/2018\/11\/manifest-25-novembre3-001-212x300.jpg 212w, https:\/\/bisbalpenedes.com\/web\/wp-content\/uploads\/2018\/11\/manifest-25-novembre3-001-768x1087.jpg 768w, https:\/\/bisbalpenedes.com\/web\/wp-content\/uploads\/2018\/11\/manifest-25-novembre3-001.jpg 1190w\" sizes=\"(max-width: 630px) 100vw, 630px\" \/><\/a><\/p>\n<p><a href=\"http:\/\/bisbalpenedes.com\/web\/wp-content\/uploads\/2018\/11\/manifest-25-novembre3-002.jpg\"><img loading=\"lazy\" class=\"aligncenter size-large wp-image-7892\" src=\"http:\/\/bisbalpenedes.com\/web\/wp-content\/uploads\/2018\/11\/manifest-25-novembre3-002-724x1024.jpg\" alt=\"manifest-25-novembre3-002\" width=\"630\" height=\"891\" srcset=\"https:\/\/bisbalpenedes.com\/web\/wp-content\/uploads\/2018\/11\/manifest-25-novembre3-002-724x1024.jpg 724w, https:\/\/bisbalpenedes.com\/web\/wp-content\/uploads\/2018\/11\/manifest-25-novembre3-002-600x849.jpg 600w, https:\/\/bisbalpenedes.com\/web\/wp-content\/uploads\/2018\/11\/manifest-25-novembre3-002-212x300.jpg 212w, https:\/\/bisbalpenedes.com\/web\/wp-content\/uploads\/2018\/11\/manifest-25-novembre3-002-768x1087.jpg 768w, https:\/\/bisbalpenedes.com\/web\/wp-content\/uploads\/2018\/11\/manifest-25-novembre3-002.jpg 1190w\" sizes=\"(max-width: 630px) 100vw, 630px\" \/><\/a><\/p>\n<\/div>\n","protected":false},"excerpt":{"rendered":"<p>Dem\u00e0, 25 de novembre, \u00e9s el Dia internacional per a l&#8217;eliminaci\u00f3 de la viol\u00e8ncia envers les dones i aquest \u00e9s el manifest unitari que es llegir\u00e0 en diversos punts i &hellip; <a href=\"https:\/\/bisbalpenedes.com\/web\/2018\/11\/24\/manifest-del-dia-internacional-per-a-leliminacio-de-la-violencia-envers-les-dones\/\" class=\"more-link\">Read More<\/a><\/p>\n","protected":false},"author":4,"featured_media":7890,"comment_status":"closed","ping_status":"closed","sticky":false,"template":"","format":"standard","meta":[],"categories":[8],"tags":[2603,2602,2601,842,2604],"_links":{"self":[{"href":"https:\/\/bisbalpenedes.com\/web\/wp-json\/wp\/v2\/posts\/7889"}],"collection":[{"href":"https:\/\/bisbalpenedes.com\/web\/wp-json\/wp\/v2\/posts"}],"about":[{"href":"https:\/\/bisbalpenedes.com\/web\/wp-json\/wp\/v2\/types\/post"}],"author":[{"embeddable":true,"href":"https:\/\/bisbalpenedes.com\/web\/wp-json\/wp\/v2\/users\/4"}],"replies":[{"embeddable":true,"href":"https:\/\/bisbalpenedes.com\/web\/wp-json\/wp\/v2\/comments?post=7889"}],"version-history":[{"count":1,"href":"https:\/\/bisbalpenedes.com\/web\/wp-json\/wp\/v2\/posts\/7889\/revisions"}],"predecessor-version":[{"id":7893,"href":"https:\/\/bisbalpenedes.com\/web\/wp-json\/wp\/v2\/posts\/7889\/revisions\/7893"}],"wp:featuredmedia":[{"embeddable":true,"href":"https:\/\/bisbalpenedes.com\/web\/wp-json\/wp\/v2\/media\/7890"}],"wp:attachment":[{"href":"https:\/\/bisbalpenedes.com\/web\/wp-json\/wp\/v2\/media?parent=7889"}],"wp:term":[{"taxonomy":"category","embeddable":true,"href":"https:\/\/bisbalpenedes.com\/web\/wp-json\/wp\/v2\/categories?post=7889"},{"taxonomy":"post_tag","embeddable":true,"href":"https:\/\/bisbalpenedes.com\/web\/wp-json\/wp\/v2\/tags?post=7889"}],"curies":[{"name":"wp","href":"https:\/\/api.w.org\/{rel}","templated":true}]}}