{"id":7877,"date":"2018-11-23T14:18:04","date_gmt":"2018-11-23T13:18:04","guid":{"rendered":"http:\/\/bisbalpenedes.com\/web\/?p=7877"},"modified":"2018-11-23T14:21:26","modified_gmt":"2018-11-23T13:21:26","slug":"lalcaldessa-i-la-regidora-de-turisme-han-assistit-a-la-28a-nit-del-turisme-de-la-costa-daurada-i-de-les-terres-de-lebre","status":"publish","type":"post","link":"https:\/\/bisbalpenedes.com\/web\/2018\/11\/23\/lalcaldessa-i-la-regidora-de-turisme-han-assistit-a-la-28a-nit-del-turisme-de-la-costa-daurada-i-de-les-terres-de-lebre\/","title":{"rendered":"L&#8217;alcaldessa i la regidora de Turisme han assistit a la 28a Nit del Turisme de la Costa Daurada i de les Terres de l&#8217;Ebre"},"content":{"rendered":"<div class=\"dipta-cos\">\n<p style=\"text-align: justify;\"><a href=\"http:\/\/bisbalpenedes.com\/web\/wp-content\/uploads\/2018\/11\/NIT-TURISME-3.jpg\"><img loading=\"lazy\" class=\"aligncenter size-medium wp-image-7884\" src=\"http:\/\/bisbalpenedes.com\/web\/wp-content\/uploads\/2018\/11\/NIT-TURISME-3-300x225.jpg\" alt=\"NIT TURISME 3\" width=\"300\" height=\"225\" srcset=\"https:\/\/bisbalpenedes.com\/web\/wp-content\/uploads\/2018\/11\/NIT-TURISME-3-300x225.jpg 300w, https:\/\/bisbalpenedes.com\/web\/wp-content\/uploads\/2018\/11\/NIT-TURISME-3-600x450.jpg 600w, https:\/\/bisbalpenedes.com\/web\/wp-content\/uploads\/2018\/11\/NIT-TURISME-3-768x576.jpg 768w, https:\/\/bisbalpenedes.com\/web\/wp-content\/uploads\/2018\/11\/NIT-TURISME-3-1024x768.jpg 1024w, https:\/\/bisbalpenedes.com\/web\/wp-content\/uploads\/2018\/11\/NIT-TURISME-3.jpg 1600w\" sizes=\"(max-width: 300px) 100vw, 300px\" \/><\/a><\/p>\n<div class=\"dipta-cos\">\n<p style=\"text-align: justify;\"><span style=\"color: #000000;\">L&#8217;alcaldessa Agn\u00e8s Ferr\u00e9 i la regidora de Turisme, Judit Vidal, han assistit a la 28a Nit del Turisme de la Costa Daurada i de les Terres de l&#8217;Ebre, celebrada aquest dijous a la Tarraco Arena Pla\u00e7a (Tarragona). Aquest acte l&#8217;organitza el Patronat de Turisme de la Diputaci\u00f3 de Tarragona\u00a0i aplega unes 500 persones, entre empresaris i entitats del sector, amb la finalitat de posar el punt final a la temporada tur\u00edstica i entregar quatre premis, relacionats amb el turisme, a empreses, institucions i entitats de la Costa Daurada i les Terres de l&#8217;Ebre.<\/span><\/p>\n<p style=\"text-align: justify;\"><span style=\"color: #000000;\">L&#8217;acte ha comptat amb la pres\u00e8ncia de la Consellera d&#8217;Empresa i Coneixement, Maria \u00c0ngels Chac\u00f3n i Freixas; el president de la Diputaci\u00f3 de Tarragona, Josep Poblet; i el president del Patronat de Turisme, Mart\u00ed Carnicer.<\/span><\/p>\n<p style=\"text-align: justify;\"><span style=\"color: #000000;\">Quant a xifres, s&#8217;han repassat les dades de l&#8217;Observatori Tur\u00edstic del Parc Cient\u00edfic i Tecnol\u00f2gic de Turisme i Oci de Catalunya. Aquesta temporada s&#8217;han registrat 21,1 milions de pernoctacions generades per 5,9 milions de turistes a la Costa Daurada i les Terres de l&#8217;Ebre.<\/span><\/p>\n<p style=\"text-align: justify;\"><span style=\"color: #000000;\">Per a m\u00e9s informaci\u00f3 podeu accedir a aquest enlla\u00e7:<a style=\"color: #000000;\" href=\"http:\/\/www.dipta.cat\/ca\/noticies\/la-28a-nit-del-turisme-de-la-costa-daurada-i-les-terres-de-lebre-reivindica-la-qualitat-la\" target=\"_blank\">http:\/\/www.dipta.cat\/ca\/noticies\/la-28a-nit-del-turisme-de-la-costa-daurada-i-les-terres-de-lebre-reivindica-la-qualitat-la\u00a0<\/a><\/span><\/p>\n<\/div>\n<div class=\"field-group-format group_dades_acte field-group-div group-dades-acte group_dades clearfix\" style=\"text-align: justify;\">\n<p><span style=\"color: #000000;\"><strong>CASTELLANO |<\/strong>\u00a0La alcaldesa Agn\u00e8s Ferr\u00e9 y la regidora de Turismo, Judit Vidal, han asistido a la 28a Nit del Turisme de la Costa Daurada i de les Terres de l&#8217;Ebre, celebrada este jueves en la Tarraco Arena Pla\u00e7a (Tarragona). El acto lo organiza el Patronat de Turisme de la Diputaci\u00f3 de Tarragona y\u00a0re\u00fane unas 500 personas, entre empresarios y entidades del sector, con el objetivo de poner el punto final a la temporada tur\u00edstica y entregar cuatro premios, relacionados con el turismo, a empresas, instituciones y entidades de la Costa Daurada y las Terres de l&#8217;Ebre.<\/span><\/p>\n<\/div>\n<div class=\"field-group-format group_dades_acte field-group-div group-dades-acte group_dades clearfix\" style=\"text-align: justify;\"><span style=\"color: #000000;\">El acto ha contado con la presencia de la Consellera de Empresa i Coneixement, Maria \u00c0ngels Chac\u00f3n i Freixas; el presidente de la Diputaci\u00f3 de Tarragona, Josep Poblet; y el presidente del Patronato de Turismo, Mart\u00ed Carnicer.<\/span><\/div>\n<div class=\"field-group-format group_dades_acte field-group-div group-dades-acte group_dades clearfix\" style=\"text-align: justify;\"><\/div>\n<div class=\"field-group-format group_dades_acte field-group-div group-dades-acte group_dades clearfix\" style=\"text-align: justify;\"><span style=\"color: #000000;\">En cuanto a cifras,\u00a0se han repasado los datos del Observatori Tur\u00edstic del Parc Cient\u00edfic i Tecnol\u00f2gic de Turisme i Oci de Catalunya. Esta temporada se han registrado 21,1 millones de pernoctaciones generadas por 5,9 millones de turistas de la Costa Daurada y de las Terres de l&#8217;Ebre.<\/span><\/div>\n<div class=\"field-group-format group_dades_acte field-group-div group-dades-acte group_dades clearfix\" style=\"text-align: justify;\"><span style=\"color: #000000;\">Para m\u00e1s informaci\u00f3n pod\u00e9is accedera a este enlace:\u00a0<a style=\"color: #000000;\" href=\"http:\/\/www.dipta.cat\/ca\/noticies\/la-28a-nit-del-turisme-de-la-costa-daurada-i-les-terres-de-lebre-reivindica-la-qualitat-la\" target=\"_blank\">http:\/\/www.dipta.cat\/ca\/noticies\/la-28a-nit-del-turisme-de-la-costa-daurada-i-les-terres-de-lebre-reivindica-la-qualitat-la<\/a>\u00a0<\/span><\/div>\n<\/div>\n<div class=\"field-group-format group_dades_acte field-group-div group-dades-acte group_dades clearfix\" style=\"text-align: justify;\"><a href=\"http:\/\/bisbalpenedes.com\/web\/wp-content\/uploads\/2018\/11\/NIT-TURISME-1.jpg\"><img loading=\"lazy\" class=\"aligncenter size-medium wp-image-7883\" src=\"http:\/\/bisbalpenedes.com\/web\/wp-content\/uploads\/2018\/11\/NIT-TURISME-1-300x225.jpg\" alt=\"NIT TURISME 1\" width=\"300\" height=\"225\" srcset=\"https:\/\/bisbalpenedes.com\/web\/wp-content\/uploads\/2018\/11\/NIT-TURISME-1-300x225.jpg 300w, https:\/\/bisbalpenedes.com\/web\/wp-content\/uploads\/2018\/11\/NIT-TURISME-1-600x450.jpg 600w, https:\/\/bisbalpenedes.com\/web\/wp-content\/uploads\/2018\/11\/NIT-TURISME-1-768x576.jpg 768w, https:\/\/bisbalpenedes.com\/web\/wp-content\/uploads\/2018\/11\/NIT-TURISME-1-1024x768.jpg 1024w, https:\/\/bisbalpenedes.com\/web\/wp-content\/uploads\/2018\/11\/NIT-TURISME-1.jpg 1600w\" sizes=\"(max-width: 300px) 100vw, 300px\" \/><\/a><\/div>\n","protected":false},"excerpt":{"rendered":"<p>L&#8217;alcaldessa Agn\u00e8s Ferr\u00e9 i la regidora de Turisme, Judit Vidal, han assistit a la 28a Nit del Turisme de la Costa Daurada i de les Terres de l&#8217;Ebre, celebrada aquest &hellip; <a href=\"https:\/\/bisbalpenedes.com\/web\/2018\/11\/23\/lalcaldessa-i-la-regidora-de-turisme-han-assistit-a-la-28a-nit-del-turisme-de-la-costa-daurada-i-de-les-terres-de-lebre\/\" class=\"more-link\">Read More<\/a><\/p>\n","protected":false},"author":4,"featured_media":7883,"comment_status":"closed","ping_status":"closed","sticky":false,"template":"","format":"standard","meta":[],"categories":[8,2511],"tags":[1151,2598,673,2389,2600,2018,2599,328],"_links":{"self":[{"href":"https:\/\/bisbalpenedes.com\/web\/wp-json\/wp\/v2\/posts\/7877"}],"collection":[{"href":"https:\/\/bisbalpenedes.com\/web\/wp-json\/wp\/v2\/posts"}],"about":[{"href":"https:\/\/bisbalpenedes.com\/web\/wp-json\/wp\/v2\/types\/post"}],"author":[{"embeddable":true,"href":"https:\/\/bisbalpenedes.com\/web\/wp-json\/wp\/v2\/users\/4"}],"replies":[{"embeddable":true,"href":"https:\/\/bisbalpenedes.com\/web\/wp-json\/wp\/v2\/comments?post=7877"}],"version-history":[{"count":4,"href":"https:\/\/bisbalpenedes.com\/web\/wp-json\/wp\/v2\/posts\/7877\/revisions"}],"predecessor-version":[{"id":7886,"href":"https:\/\/bisbalpenedes.com\/web\/wp-json\/wp\/v2\/posts\/7877\/revisions\/7886"}],"wp:featuredmedia":[{"embeddable":true,"href":"https:\/\/bisbalpenedes.com\/web\/wp-json\/wp\/v2\/media\/7883"}],"wp:attachment":[{"href":"https:\/\/bisbalpenedes.com\/web\/wp-json\/wp\/v2\/media?parent=7877"}],"wp:term":[{"taxonomy":"category","embeddable":true,"href":"https:\/\/bisbalpenedes.com\/web\/wp-json\/wp\/v2\/categories?post=7877"},{"taxonomy":"post_tag","embeddable":true,"href":"https:\/\/bisbalpenedes.com\/web\/wp-json\/wp\/v2\/tags?post=7877"}],"curies":[{"name":"wp","href":"https:\/\/api.w.org\/{rel}","templated":true}]}}