{"id":7867,"date":"2018-11-22T19:56:22","date_gmt":"2018-11-22T18:56:22","guid":{"rendered":"http:\/\/bisbalpenedes.com\/web\/?p=7867"},"modified":"2018-11-22T20:33:21","modified_gmt":"2018-11-22T19:33:21","slug":"el-delegat-territorial-del-govern-de-la-generalitat-al-penedes-ha-visitat-la-bisbal-del-penedes","status":"publish","type":"post","link":"https:\/\/bisbalpenedes.com\/web\/2018\/11\/22\/el-delegat-territorial-del-govern-de-la-generalitat-al-penedes-ha-visitat-la-bisbal-del-penedes\/","title":{"rendered":"El delegat territorial del Govern de la Generalitat al Pened\u00e8s ha visitat la Bisbal del Pened\u00e8s"},"content":{"rendered":"<p style=\"text-align: justify;\"><a href=\"http:\/\/bisbalpenedes.com\/web\/wp-content\/uploads\/2018\/11\/IMG_8237.jpg\"><img loading=\"lazy\" class=\"aligncenter size-large wp-image-7868\" src=\"http:\/\/bisbalpenedes.com\/web\/wp-content\/uploads\/2018\/11\/IMG_8237-1024x683.jpg\" alt=\"Visita Pere Regull i Montserrat Carreras\" width=\"630\" height=\"420\" srcset=\"https:\/\/bisbalpenedes.com\/web\/wp-content\/uploads\/2018\/11\/IMG_8237-1024x683.jpg 1024w, https:\/\/bisbalpenedes.com\/web\/wp-content\/uploads\/2018\/11\/IMG_8237-600x400.jpg 600w, https:\/\/bisbalpenedes.com\/web\/wp-content\/uploads\/2018\/11\/IMG_8237-300x200.jpg 300w, https:\/\/bisbalpenedes.com\/web\/wp-content\/uploads\/2018\/11\/IMG_8237-768x512.jpg 768w\" sizes=\"(max-width: 630px) 100vw, 630px\" \/><\/a><a href=\"http:\/\/bisbalpenedes.com\/web\/wp-content\/uploads\/2018\/11\/IMG_8237.jpg\"><br \/>\n<\/a><\/p>\n<p style=\"text-align: justify;\"><span style=\"color: #000000;\">El delegat territorial del Govern de la Generalitat al Pened\u00e8s, Pere Regull; i\u00a0Montserrat Carreras, responsable de l&#8217;oficina de la Delegaci\u00f3 Territorial del Govern al Pened\u00e8s, han visitat la Bisbal del Pened\u00e8s aquest dijous 22 de novembre. A la visita hi han assistit l&#8217;alcaldessa Agn\u00e8s Ferr\u00e9; la primera tinent d&#8217;alcaldia, Judit Vidal; la segona tinent d&#8217;alcalia, Leo Uceda, i el regidor Feliu Gil.\u00a0<\/span><\/p>\n<p style=\"text-align: justify;\"><span style=\"color: #000000;\">Durant la\u00a0trobada s&#8217;han abordat diversos temes relacionats amb els projectes que l&#8217;Ajuntament de la Bisbal del Pened\u00e8s t\u00e9 en marxa, sobretot aquells en els quals es compta amb la participaci\u00f3 de la Generalitat de Catalunya.<\/span><\/p>\n<p style=\"text-align: justify;\"><span style=\"color: #000000;\">La Delegaci\u00f3 Territorial del Govern de la Generalitat al Pened\u00e8s \u00e9s un \u00f2rgan que fa funcions de representaci\u00f3, coordinaci\u00f3 i de r\u00e8gim interior del Govern de la Generalitat. Entre les seves funcions s&#8217;hi troben les seg\u00fcents:<\/span><\/p>\n<ul style=\"text-align: justify;\">\n<li><span style=\"color: #000000;\">Fer el seguiment de l&#8217;execuci\u00f3 dels plans i programes interdepartamentals.<\/span><\/li>\n<li><span style=\"color: #000000;\">Proposar als \u00f2rgans departamentals o interdepartamentals competents les actuacions que consideri adients, especialment la interposici\u00f3 de recursos i l&#8217;exercici d&#8217;accions en els termes que preveu la normativa vigent, en defensa de la Generalitat i de l&#8217;ordenament jur\u00eddic.<\/span><\/li>\n<\/ul>\n<p style=\"text-align: justify;\"><span style=\"color: #000000;\">Per a m\u00e9s informaci\u00f3 sobre aquesta delegaci\u00f3\u00a0podeu entrar al seg\u00fcent enlla\u00e7:\u00a0<a style=\"color: #000000;\" href=\"http:\/\/sac.gencat.cat\/sacgencat\/AppJava\/organisme_fitxa.jsp?codi=20432\" target=\"_blank\">http:\/\/sac.gencat.cat\/sacgencat\/AppJava\/organisme_fitxa.jsp?codi=20432<\/a>\u00a0<\/span><\/p>\n<p style=\"text-align: justify;\"><a href=\"http:\/\/bisbalpenedes.com\/web\/wp-content\/uploads\/2018\/11\/IMG_8241-e1542912504843.jpg\"><img loading=\"lazy\" class=\"aligncenter size-large wp-image-7869\" src=\"http:\/\/bisbalpenedes.com\/web\/wp-content\/uploads\/2018\/11\/IMG_8241-e1542912504843-1024x725.jpg\" alt=\"Visita Pere Regull i Montserrat Carreras 2\" width=\"630\" height=\"446\" srcset=\"https:\/\/bisbalpenedes.com\/web\/wp-content\/uploads\/2018\/11\/IMG_8241-e1542912504843-1024x725.jpg 1024w, https:\/\/bisbalpenedes.com\/web\/wp-content\/uploads\/2018\/11\/IMG_8241-e1542912504843-600x425.jpg 600w, https:\/\/bisbalpenedes.com\/web\/wp-content\/uploads\/2018\/11\/IMG_8241-e1542912504843-300x212.jpg 300w, https:\/\/bisbalpenedes.com\/web\/wp-content\/uploads\/2018\/11\/IMG_8241-e1542912504843-768x543.jpg 768w\" sizes=\"(max-width: 630px) 100vw, 630px\" \/><\/a><\/p>\n<hr \/>\n<p style=\"text-align: justify;\"><a href=\"http:\/\/bisbalpenedes.com\/web\/wp-content\/uploads\/2018\/11\/IMG_8237.jpg\"><img loading=\"lazy\" class=\"aligncenter size-large wp-image-7868\" src=\"http:\/\/bisbalpenedes.com\/web\/wp-content\/uploads\/2018\/11\/IMG_8237-1024x683.jpg\" alt=\"Visita Pere Regull i Montserrat Carreras\" width=\"630\" height=\"420\" srcset=\"https:\/\/bisbalpenedes.com\/web\/wp-content\/uploads\/2018\/11\/IMG_8237-1024x683.jpg 1024w, https:\/\/bisbalpenedes.com\/web\/wp-content\/uploads\/2018\/11\/IMG_8237-600x400.jpg 600w, https:\/\/bisbalpenedes.com\/web\/wp-content\/uploads\/2018\/11\/IMG_8237-300x200.jpg 300w, https:\/\/bisbalpenedes.com\/web\/wp-content\/uploads\/2018\/11\/IMG_8237-768x512.jpg 768w\" sizes=\"(max-width: 630px) 100vw, 630px\" \/><\/a><\/p>\n<p style=\"text-align: justify;\"><span style=\"color: #000000;\"><strong>CASTELLANO |<\/strong>\u00a0El delegado territorial del Govern de la Generalitat en el Pened\u00e8s, Pere Regull; y Montserrat Carreras, responsable de\u00a0la oficina de la\u00a0Delegaci\u00f3n Territorial del Govern en el Pened\u00e8s, han visitado la Bisbal del Pened\u00e8s este jueves 22 de noviembre. A la visita han asistido la alcaldesa Agn\u00e8s Ferr\u00e9, la primera teniente de alcald\u00eda, Judit Vidal; la segunda teniente de alcald\u00eda, Leo Uceda, y el regidor Feliu Gil.<\/span><\/p>\n<p style=\"text-align: justify;\"><span style=\"color: #000000;\">Durante el encuentro se han abordado varios temas relacionados con los proyectos que el Ayuntamiento de la Bisbal del Pened\u00e8s tiene en marcha, sobretodo aquellos en los cuales se cuenta con la participaci\u00f3n de la Generalitat de Catalunya.<\/span><\/p>\n<p style=\"text-align: justify;\"><span style=\"color: #000000;\">La Delegaci\u00f3 Territorial del Govern de la Generalitat en el Pened\u00e8s es un \u00f3rgano que hace funciones de representaci\u00f3n, coordinaci\u00f3n y r\u00e9gimen interior del Gobierno de la Generalitat. Entre sus funciones se encuentran las siguientes:<\/span><\/p>\n<ul style=\"text-align: justify;\">\n<li style=\"text-align: justify;\"><span style=\"color: #000000;\">Hacer el seguimiento de la ejecuci\u00f3n de los planes y programas interdepartamentales.<\/span><\/li>\n<li style=\"text-align: justify;\"><span style=\"color: #000000;\">Proponer a los \u00f3rganos departamentales o interdepartamentales competentes las actuaciones que considere adecuadas, especialmente la interposici\u00f3n de recursos y el ejercicio de acciones en los t\u00e9rminos que prev\u00e9 la normativa vigente, en defensa de la Generalitat y del ordenamiento jur\u00eddico.<\/span><\/li>\n<\/ul>\n<p style=\"text-align: justify;\"><span style=\"color: #000000;\">Para m\u00e1s informaci\u00f3n sobre esta delegaci\u00f3n pod\u00e9is entrar en el siguiente enlace:\u00a0<a style=\"color: #000000;\" href=\"http:\/\/sac.gencat.cat\/sacgencat\/AppJava\/organisme_fitxa.jsp?codi=20432\" target=\"_blank\">http:\/\/sac.gencat.cat\/sacgencat\/AppJava\/organisme_fitxa.jsp?codi=20432<\/a>\u00a0<\/span><\/p>\n<p style=\"text-align: justify;\"><a href=\"http:\/\/bisbalpenedes.com\/web\/wp-content\/uploads\/2018\/11\/IMG_8241-e1542912504843.jpg\"><img loading=\"lazy\" class=\"aligncenter size-large wp-image-7869\" src=\"http:\/\/bisbalpenedes.com\/web\/wp-content\/uploads\/2018\/11\/IMG_8241-e1542912504843-1024x725.jpg\" alt=\"Visita Pere Regull i Montserrat Carreras 2\" width=\"630\" height=\"446\" srcset=\"https:\/\/bisbalpenedes.com\/web\/wp-content\/uploads\/2018\/11\/IMG_8241-e1542912504843-1024x725.jpg 1024w, https:\/\/bisbalpenedes.com\/web\/wp-content\/uploads\/2018\/11\/IMG_8241-e1542912504843-600x425.jpg 600w, https:\/\/bisbalpenedes.com\/web\/wp-content\/uploads\/2018\/11\/IMG_8241-e1542912504843-300x212.jpg 300w, https:\/\/bisbalpenedes.com\/web\/wp-content\/uploads\/2018\/11\/IMG_8241-e1542912504843-768x543.jpg 768w\" sizes=\"(max-width: 630px) 100vw, 630px\" \/><\/a><\/p>\n<p>&nbsp;<\/p>\n","protected":false},"excerpt":{"rendered":"<p>El delegat territorial del Govern de la Generalitat al Pened\u00e8s, Pere Regull; i\u00a0Montserrat Carreras, responsable de l&#8217;oficina de la Delegaci\u00f3 Territorial del Govern al Pened\u00e8s, han visitat la Bisbal del &hellip; <a href=\"https:\/\/bisbalpenedes.com\/web\/2018\/11\/22\/el-delegat-territorial-del-govern-de-la-generalitat-al-penedes-ha-visitat-la-bisbal-del-penedes\/\" class=\"more-link\">Read More<\/a><\/p>\n","protected":false},"author":4,"featured_media":7868,"comment_status":"closed","ping_status":"closed","sticky":false,"template":"","format":"standard","meta":[],"categories":[2057],"tags":[1151,2595,2596,2484,865,2389,2411,2597,2145,603],"_links":{"self":[{"href":"https:\/\/bisbalpenedes.com\/web\/wp-json\/wp\/v2\/posts\/7867"}],"collection":[{"href":"https:\/\/bisbalpenedes.com\/web\/wp-json\/wp\/v2\/posts"}],"about":[{"href":"https:\/\/bisbalpenedes.com\/web\/wp-json\/wp\/v2\/types\/post"}],"author":[{"embeddable":true,"href":"https:\/\/bisbalpenedes.com\/web\/wp-json\/wp\/v2\/users\/4"}],"replies":[{"embeddable":true,"href":"https:\/\/bisbalpenedes.com\/web\/wp-json\/wp\/v2\/comments?post=7867"}],"version-history":[{"count":10,"href":"https:\/\/bisbalpenedes.com\/web\/wp-json\/wp\/v2\/posts\/7867\/revisions"}],"predecessor-version":[{"id":7881,"href":"https:\/\/bisbalpenedes.com\/web\/wp-json\/wp\/v2\/posts\/7867\/revisions\/7881"}],"wp:featuredmedia":[{"embeddable":true,"href":"https:\/\/bisbalpenedes.com\/web\/wp-json\/wp\/v2\/media\/7868"}],"wp:attachment":[{"href":"https:\/\/bisbalpenedes.com\/web\/wp-json\/wp\/v2\/media?parent=7867"}],"wp:term":[{"taxonomy":"category","embeddable":true,"href":"https:\/\/bisbalpenedes.com\/web\/wp-json\/wp\/v2\/categories?post=7867"},{"taxonomy":"post_tag","embeddable":true,"href":"https:\/\/bisbalpenedes.com\/web\/wp-json\/wp\/v2\/tags?post=7867"}],"curies":[{"name":"wp","href":"https:\/\/api.w.org\/{rel}","templated":true}]}}