{"id":7850,"date":"2018-11-19T20:51:12","date_gmt":"2018-11-19T19:51:12","guid":{"rendered":"http:\/\/bisbalpenedes.com\/web\/?p=7850"},"modified":"2018-11-19T21:05:52","modified_gmt":"2018-11-19T20:05:52","slug":"el-futbolista-bisbalenc-youssef-el-ghzaoui-ha-estat-cnvocat-per-la-seleccio-sub-18-del-marroc","status":"publish","type":"post","link":"https:\/\/bisbalpenedes.com\/web\/2018\/11\/19\/el-futbolista-bisbalenc-youssef-el-ghzaoui-ha-estat-cnvocat-per-la-seleccio-sub-18-del-marroc\/","title":{"rendered":"El futbolista bisbalenc Youssef El Ghzaoui ha estat convocat per la selecci\u00f3 sub 18 del Marroc"},"content":{"rendered":"<figure id=\"attachment_7851\" aria-describedby=\"caption-attachment-7851\" style=\"width: 630px\" class=\"wp-caption aligncenter\"><a href=\"http:\/\/bisbalpenedes.com\/web\/wp-content\/uploads\/2018\/11\/joussef-el-ghzaoui-foto-futbolista.jpg\"><img loading=\"lazy\" class=\"size-large wp-image-7851\" src=\"http:\/\/bisbalpenedes.com\/web\/wp-content\/uploads\/2018\/11\/joussef-el-ghzaoui-foto-futbolista-1024x682.jpg\" alt=\"Foto cedida: Joussef El Ghzaoui. \" width=\"630\" height=\"420\" srcset=\"https:\/\/bisbalpenedes.com\/web\/wp-content\/uploads\/2018\/11\/joussef-el-ghzaoui-foto-futbolista-1024x682.jpg 1024w, https:\/\/bisbalpenedes.com\/web\/wp-content\/uploads\/2018\/11\/joussef-el-ghzaoui-foto-futbolista-600x400.jpg 600w, https:\/\/bisbalpenedes.com\/web\/wp-content\/uploads\/2018\/11\/joussef-el-ghzaoui-foto-futbolista-300x200.jpg 300w, https:\/\/bisbalpenedes.com\/web\/wp-content\/uploads\/2018\/11\/joussef-el-ghzaoui-foto-futbolista-768x512.jpg 768w, https:\/\/bisbalpenedes.com\/web\/wp-content\/uploads\/2018\/11\/joussef-el-ghzaoui-foto-futbolista.jpg 1600w\" sizes=\"(max-width: 630px) 100vw, 630px\" \/><\/a><figcaption id=\"caption-attachment-7851\" class=\"wp-caption-text\">Foto cedida: Joussef El Ghzaoui.<\/figcaption><\/figure>\n<p style=\"text-align: justify;\"><span style=\"color: #000000;\">El futbolista bisbalenc Youssef El Ghzaoui ha estat convocat per la selecci\u00f3 sub 18 del Marroc per jugar tres partits entre els dies 20 i 25 de novembre. Segons ha explicat a l\u2019Ajuntament de la Bisbal del Pened\u00e8s \u201cla selecci\u00f3 va enviar sol\u00b7licitud al club i l\u2019entrenador i el director m\u2019ho van dir\u201d. El Ghazaoui s\u2019ha mostrat molt content i ha explicat que aix\u00f2 \u00e9s molt significatiu per a ell perqu\u00e8 creu que aix\u00f2 fa que \u201cla meva fam\u00edlia estigui orgullosa de mi\u201d i ha afegit que \u201cdespr\u00e9s del treball que he anat fent aquesta \u00e9s una gran recompensa\u201d.<\/span><\/p>\n<p style=\"text-align: justify;\"><span style=\"color: #000000;\">En l\u2019actualitat, el futbolista bisbalenc juga amb el Juvenil A del CF Reus i, durant vuit anys, fa ser jugador de la Joventut Bisbalenca.<\/span><\/p>\n<p style=\"text-align: justify;\"><span style=\"color: #000000;\">L\u2019Ajuntament de la Bisbal del Pened\u00e8s ha felicitat el jugador aquest dilluns 19 de novembre, abans del seu viatge cap al Marroc.<\/span><\/p>\n<hr \/>\n<p style=\"text-align: justify;\"><span style=\"color: #000000;\"><strong>CASTELLANO |<\/strong> El futbolista bisbalenc Youssef El Ghzaoui ha sido convocado por la selecci\u00f3n sub 18 de Marruecos para jugar tres partidos entre los d\u00edas 20 y 25 de noviembre. Seg\u00fan ha explicado al Ayuntamiento de la Bisbal del Pened\u00e8s &#8220;la selecci\u00f3n envi\u00f3 solicitud al club y el entrenador y el director me lo dijeron&#8221;. El Ghazaoui se ha mostrado muy contento y ha explicado que esto es muy significativo para \u00e9l porqu\u00e9 cree que esto hace que &#8220;mi familia est\u00e9 orgullosa de mi&#8221; y ha a\u00f1adido que &#8220;despu\u00e9s del trabajo que he ido haciendo esta es una gran recompensa&#8221;.<\/span><\/p>\n<p style=\"text-align: justify;\"><span style=\"color: #000000;\">En la actualidad, el futbolista bisbalenc juega con el Juvenil A del CF Reus y, durante ocho a\u00f1os, fue jugador de la Joventut Bisbalenca.<\/span><\/p>\n<p style=\"text-align: justify;\"><span style=\"color: #000000;\">El Ayuntamiento de la Bisbal del Pened\u00e8s ha felicitado al jugador este lunes 19 de noviembre, antes de su viaje a Marruecos.<\/span><\/p>\n","protected":false},"excerpt":{"rendered":"<p>El futbolista bisbalenc Youssef El Ghzaoui ha estat convocat per la selecci\u00f3 sub 18 del Marroc per jugar tres partits entre els dies 20 i 25 de novembre. Segons ha &hellip; <a href=\"https:\/\/bisbalpenedes.com\/web\/2018\/11\/19\/el-futbolista-bisbalenc-youssef-el-ghzaoui-ha-estat-cnvocat-per-la-seleccio-sub-18-del-marroc\/\" class=\"more-link\">Read More<\/a><\/p>\n","protected":false},"author":4,"featured_media":7851,"comment_status":"closed","ping_status":"closed","sticky":false,"template":"","format":"standard","meta":[],"categories":[20],"tags":[2589,2592,2588,345,2591,2590],"_links":{"self":[{"href":"https:\/\/bisbalpenedes.com\/web\/wp-json\/wp\/v2\/posts\/7850"}],"collection":[{"href":"https:\/\/bisbalpenedes.com\/web\/wp-json\/wp\/v2\/posts"}],"about":[{"href":"https:\/\/bisbalpenedes.com\/web\/wp-json\/wp\/v2\/types\/post"}],"author":[{"embeddable":true,"href":"https:\/\/bisbalpenedes.com\/web\/wp-json\/wp\/v2\/users\/4"}],"replies":[{"embeddable":true,"href":"https:\/\/bisbalpenedes.com\/web\/wp-json\/wp\/v2\/comments?post=7850"}],"version-history":[{"count":3,"href":"https:\/\/bisbalpenedes.com\/web\/wp-json\/wp\/v2\/posts\/7850\/revisions"}],"predecessor-version":[{"id":7854,"href":"https:\/\/bisbalpenedes.com\/web\/wp-json\/wp\/v2\/posts\/7850\/revisions\/7854"}],"wp:featuredmedia":[{"embeddable":true,"href":"https:\/\/bisbalpenedes.com\/web\/wp-json\/wp\/v2\/media\/7851"}],"wp:attachment":[{"href":"https:\/\/bisbalpenedes.com\/web\/wp-json\/wp\/v2\/media?parent=7850"}],"wp:term":[{"taxonomy":"category","embeddable":true,"href":"https:\/\/bisbalpenedes.com\/web\/wp-json\/wp\/v2\/categories?post=7850"},{"taxonomy":"post_tag","embeddable":true,"href":"https:\/\/bisbalpenedes.com\/web\/wp-json\/wp\/v2\/tags?post=7850"}],"curies":[{"name":"wp","href":"https:\/\/api.w.org\/{rel}","templated":true}]}}