{"id":7841,"date":"2018-11-19T13:30:57","date_gmt":"2018-11-19T12:30:57","guid":{"rendered":"http:\/\/bisbalpenedes.com\/web\/?p=7841"},"modified":"2018-11-19T13:30:57","modified_gmt":"2018-11-19T12:30:57","slug":"lajuntament-de-la-bisbal-del-penedes-cada-vegada-mes-adaptat-a-lera-digital","status":"publish","type":"post","link":"https:\/\/bisbalpenedes.com\/web\/2018\/11\/19\/lajuntament-de-la-bisbal-del-penedes-cada-vegada-mes-adaptat-a-lera-digital\/","title":{"rendered":"L\u2019Ajuntament de la Bisbal del Pened\u00e8s cada vegada m\u00e9s adaptat a l\u2019era digital"},"content":{"rendered":"<p style=\"text-align: justify;\"><a href=\"http:\/\/bisbalpenedes.com\/web\/wp-content\/uploads\/2018\/11\/tcat-administracio-electronica-targeta.jpg\"><img loading=\"lazy\" class=\"aligncenter size-full wp-image-7844\" src=\"http:\/\/bisbalpenedes.com\/web\/wp-content\/uploads\/2018\/11\/tcat-administracio-electronica-targeta.jpg\" alt=\"tcat administracio electronica targeta\" width=\"624\" height=\"290\" srcset=\"https:\/\/bisbalpenedes.com\/web\/wp-content\/uploads\/2018\/11\/tcat-administracio-electronica-targeta.jpg 624w, https:\/\/bisbalpenedes.com\/web\/wp-content\/uploads\/2018\/11\/tcat-administracio-electronica-targeta-600x279.jpg 600w, https:\/\/bisbalpenedes.com\/web\/wp-content\/uploads\/2018\/11\/tcat-administracio-electronica-targeta-300x139.jpg 300w\" sizes=\"(max-width: 624px) 100vw, 624px\" \/><\/a><\/p>\n<p style=\"text-align: justify;\"><span style=\"color: #000000;\">Cada vegada m\u00e9s, la ciutadania i les entitats estan optant per la via telem\u00e0tica per accedir a l\u2019administraci\u00f3. De fet, les empreses estan obligades a comunicar-se de forma electr\u00f2nica amb l\u2019ens local i, a poc a poc, s\u2019est\u00e0 treballant en el repte d\u2019adaptar l\u2019administraci\u00f3 local al m\u00f3n electr\u00f2nic, ja que tot sembla apuntar que, amb els anys, aquesta ser\u00e0 la via d\u2019acc\u00e9s a la informaci\u00f3 priorit\u00e0ria. Tant la informaci\u00f3 com les notificacions digitals, garanteixen el dret a la informaci\u00f3 i, alhora, suposen un important estalvi de paper i de personal aix\u00ed com faciliten l\u2019acc\u00e9s a la informaci\u00f3 municipal des de qualsevol lloc del m\u00f3n.<\/span><\/p>\n<p><span style=\"color: #000000;\">Per tot plegat, des de l\u2019Ajuntament considerem que l\u2019administraci\u00f3 ha de donar exemple quant al respecte pel medi ambient i l\u2019adaptaci\u00f3 a l\u2019era digital i, per aquest motiu, el personal i els regidors de la Corporaci\u00f3 ens estem adaptant al nou context des de fa mesos. Des de fa m\u00e9s d\u2019un any, els regidors de l\u2019equip de govern s\u00f3n convocats a les Juntes de Govern\u00a0 mitjan\u00e7ant una comunicaci\u00f3 electr\u00f2nica i, a partir d\u2019ara, en compliment amb la <a style=\"color: #000000;\" href=\"https:\/\/www.boe.es\/boe_catalan\/dias\/2015\/10\/02\/pdfs\/BOE-A-2015-10566-C.pdf\">Llei 40\/2015 de r\u00e8gim jur\u00eddic del sector p\u00fablic de l\u20191 d\u2019octubre<\/a> (Art. 17) i amb el <a style=\"color: #000000;\" href=\"http:\/\/bisbalpenedes.com\/web\/reglament-dorganitzacio-municipal\/\">Reglament d\u2019Organitzaci\u00f3 Municipal<\/a> (Art. 96), totes les convocat\u00f2ries als regidors i les regidores es duran a terme per via electr\u00f2nica. Per aquest motiu, i amb la finalitat de facilitar l\u2019acc\u00e9s a la informaci\u00f3 local a tots els membres del Consistori, l\u2019Ajuntament lliurar\u00e0 la targeta \u201cT-Cat\u201d de l\u2019Administraci\u00f3 Oberta de Catalunya, personal i intransferible, a cada membre del Ple. A m\u00e9s, se\u2019ls facilitar\u00e0 el lector d\u2019aquesta targeta perqu\u00e8 el puguin connectar a l\u2019ordinador i \u00a0se\u2019ls oferir\u00e0 una jornada formativa perqu\u00e8 aprenguin a fer funcionar aquests aplicatius i, aix\u00ed, puguin treballar de forma telem\u00e0tica i accedir a la informaci\u00f3 relacionada amb l\u2019Ajuntament i el govern municipal.<\/span><\/p>\n<p style=\"text-align: justify;\"><span style=\"color: #000000;\">Recordem que, amb la intenci\u00f3 de dotar de transpar\u00e8ncia, garantir l\u2019acc\u00e9s a la informaci\u00f3 de tota la ciutadania i complir la llei vigent, l\u2019Ajuntament de la Bisbal del Pened\u00e8s compta, des d\u2019aquesta legislatura, amb el <a style=\"color: #000000;\" href=\"https:\/\/bisbalpenedes.eadministracio.cat\/info.0\">Portal de transpar\u00e8ncia<\/a> un lloc web on tothom pot tenir acc\u00e9s a la informaci\u00f3 i la documentaci\u00f3 de gesti\u00f3 municipal. All\u00e0 s\u2019hi poden trobar les actes dels Plens, les Juntes de Govern, els procediments de contractaci\u00f3 aix\u00ed com d\u2019altra informaci\u00f3 de gesti\u00f3 p\u00fablica.<\/span><\/p>\n<hr \/>\n<p style=\"text-align: justify;\"><a href=\"http:\/\/bisbalpenedes.com\/web\/wp-content\/uploads\/2018\/11\/tcat-administracio-electronica-targeta.jpg\"><img loading=\"lazy\" class=\"aligncenter size-full wp-image-7844\" src=\"http:\/\/bisbalpenedes.com\/web\/wp-content\/uploads\/2018\/11\/tcat-administracio-electronica-targeta.jpg\" alt=\"tcat administracio electronica targeta\" width=\"624\" height=\"290\" srcset=\"https:\/\/bisbalpenedes.com\/web\/wp-content\/uploads\/2018\/11\/tcat-administracio-electronica-targeta.jpg 624w, https:\/\/bisbalpenedes.com\/web\/wp-content\/uploads\/2018\/11\/tcat-administracio-electronica-targeta-600x279.jpg 600w, https:\/\/bisbalpenedes.com\/web\/wp-content\/uploads\/2018\/11\/tcat-administracio-electronica-targeta-300x139.jpg 300w\" sizes=\"(max-width: 624px) 100vw, 624px\" \/><\/a><\/p>\n<p style=\"text-align: justify;\"><span style=\"color: #000000;\"><strong>CASTELLANO |<\/strong> Cada vez m\u00e1s, la ciudadan\u00eda y las entidades est\u00e1n optando por la v\u00eda telem\u00e1tica para acceder a la administraci\u00f3n. De hecho, las empresas est\u00e1n obligadas a comunicarse de forma electr\u00f3nica con el ente local y, a poco a poco, se est\u00e1 trabajando en el reto de adaptar la administraci\u00f3n local al mundo electr\u00f3nico, ya que todo parece apuntar que, con los a\u00f1os, esta ser\u00e1 la v\u00eda de acceso a la informaci\u00f3n prioritaria. Tanto la informaci\u00f3n como las notificaciones digitales, garantizan el derecho a la informaci\u00f3n y, a la vez, suponen un importante ahorro de papel y de personal as\u00ed como facilitan el acceso a la informaci\u00f3n municipal desde cualquier lugar del mundo.<\/span><\/p>\n<p style=\"text-align: justify;\"><span style=\"color: #000000;\">Por todo ello, desde el Ayuntamiento consideramos que la administraci\u00f3n debe dar ejemplo en cuanto al respeto por el medio ambiente y la adaptaci\u00f3n a la era digital y, por este motivo, el personal y los concejales de la Corporaci\u00f3n nos estamos adaptando al nuevo contexto desde hace meses. Desde hace m\u00e1s de un a\u00f1o, los concejales del equipo de gobierno son convocados a las Juntas de Gobierno mediante una comunicaci\u00f3n electr\u00f3nica y, a partir de ahora, en cumplimiento con la <a style=\"color: #000000;\" href=\"https:\/\/www.boe.es\/buscar\/act.php?id=BOE-A-2015-10566\" target=\"_blank\">Ley 40\/2015 de r\u00e9gimen jur\u00eddico del sector p\u00fablico del 1 de octubre<\/a> (Art. 17) y con el <a style=\"color: #000000;\" href=\"http:\/\/bisbalpenedes.com\/web\/reglament-dorganitzacio-municipal\/\" target=\"_blank\">Reglamento de Organizaci\u00f3n Municipal<\/a> (Art. 96), todas las convocatorias a los concejales y las concejalas se llevar\u00e1n a cabo por v\u00eda electr\u00f3nica. Por este motivo, y con la finalidad de facilitar el acceso a la informaci\u00f3n local a todos los miembros del Consistorio, el Ayuntamiento entregar\u00e1 la tarjeta &#8220;T-Cat&#8221; de la Administraci\u00f3 Oberta de Catalunya, personal e intransferible, a cada miembro del Pleno. Adem\u00e1s, se les facilitar\u00e1 el lector de esta targeta para que lo puedan conectar al ordenador y se les ofrecer\u00e1 una jornada formativa para qu\u00e9 aprendan a hacer funcionar estos aplicativos y, as\u00ed, puedan trabajar de forma telem\u00e1tica y acceder a la informaci\u00f3n relacionada con el Ayuntamiento y el gobierno municipal.<\/span><\/p>\n<p style=\"text-align: justify;\">\n<p style=\"text-align: justify;\"><span style=\"color: #000000;\">Recordamos que, con la intenci\u00f3n de dotar de transparencia, garantizar el acceso a la informaci\u00f3n de toda la ciudadan\u00eda y cumplir con la ley vigente, el Ayuntamiento de la Bisbal del Pened\u00e8s cuenta, desde esta legislatura, con el <a href=\"https:\/\/bisbalpenedes.eadministracio.cat\/info.0\" target=\"_blank\">Portal de transparencia<\/a>, un sitio web d\u00f3nde todo el mundo puede tener acceso a la informaci\u00f3n y a la documentaci\u00f3n de gesti\u00f3n municipal. All\u00ed se pueden encontrar las actas de los Plenos, las Juntas de Gobierno, los procedimientos de contrataci\u00f3n as\u00ed como otras informaciones de\u00a0 la gesti\u00f3n p\u00fablica.<\/span><\/p>\n<p style=\"text-align: justify;\">\n","protected":false},"excerpt":{"rendered":"<p>Cada vegada m\u00e9s, la ciutadania i les entitats estan optant per la via telem\u00e0tica per accedir a l\u2019administraci\u00f3. De fet, les empreses estan obligades a comunicar-se de forma electr\u00f2nica amb &hellip; <a href=\"https:\/\/bisbalpenedes.com\/web\/2018\/11\/19\/lajuntament-de-la-bisbal-del-penedes-cada-vegada-mes-adaptat-a-lera-digital\/\" class=\"more-link\">Read More<\/a><\/p>\n","protected":false},"author":4,"featured_media":7844,"comment_status":"closed","ping_status":"closed","sticky":false,"template":"","format":"standard","meta":[],"categories":[8],"tags":[2585,2581,2583,2584,2582,2587,2586,479,2580],"_links":{"self":[{"href":"https:\/\/bisbalpenedes.com\/web\/wp-json\/wp\/v2\/posts\/7841"}],"collection":[{"href":"https:\/\/bisbalpenedes.com\/web\/wp-json\/wp\/v2\/posts"}],"about":[{"href":"https:\/\/bisbalpenedes.com\/web\/wp-json\/wp\/v2\/types\/post"}],"author":[{"embeddable":true,"href":"https:\/\/bisbalpenedes.com\/web\/wp-json\/wp\/v2\/users\/4"}],"replies":[{"embeddable":true,"href":"https:\/\/bisbalpenedes.com\/web\/wp-json\/wp\/v2\/comments?post=7841"}],"version-history":[{"count":4,"href":"https:\/\/bisbalpenedes.com\/web\/wp-json\/wp\/v2\/posts\/7841\/revisions"}],"predecessor-version":[{"id":7849,"href":"https:\/\/bisbalpenedes.com\/web\/wp-json\/wp\/v2\/posts\/7841\/revisions\/7849"}],"wp:featuredmedia":[{"embeddable":true,"href":"https:\/\/bisbalpenedes.com\/web\/wp-json\/wp\/v2\/media\/7844"}],"wp:attachment":[{"href":"https:\/\/bisbalpenedes.com\/web\/wp-json\/wp\/v2\/media?parent=7841"}],"wp:term":[{"taxonomy":"category","embeddable":true,"href":"https:\/\/bisbalpenedes.com\/web\/wp-json\/wp\/v2\/categories?post=7841"},{"taxonomy":"post_tag","embeddable":true,"href":"https:\/\/bisbalpenedes.com\/web\/wp-json\/wp\/v2\/tags?post=7841"}],"curies":[{"name":"wp","href":"https:\/\/api.w.org\/{rel}","templated":true}]}}