{"id":7832,"date":"2018-11-18T14:44:35","date_gmt":"2018-11-18T13:44:35","guid":{"rendered":"http:\/\/bisbalpenedes.com\/web\/?p=7832"},"modified":"2018-11-18T14:45:36","modified_gmt":"2018-11-18T13:45:36","slug":"el-meteocat-ha-emes-avisos-per-intensitat-de-pluja-i-vent","status":"publish","type":"post","link":"https:\/\/bisbalpenedes.com\/web\/2018\/11\/18\/el-meteocat-ha-emes-avisos-per-intensitat-de-pluja-i-vent\/","title":{"rendered":"El Meteocat ha em\u00e8s avisos per intensitat de pluja i vent"},"content":{"rendered":"<p style=\"text-align: justify;\"><span style=\"color: #000000;\">El Meteocat ha em\u00e8s avisos per intensitat de pluja i vent que poden afectar el nostre municipi. \u00c9s per aquest motiu que us demanem que extremeu les precaucions, sobretot en les zones m\u00e9s pr\u00f2ximes a les rieres o que, per les seves caracter\u00edstiques, es puguin inundar amb pluges intenses.<\/span><\/p>\n<p style=\"text-align: justify;\"><span style=\"color: #000000;\">Pareu especialment atenci\u00f3 en les seg\u00fcents zones:<\/span><\/p>\n<p style=\"padding-left: 30px; text-align: justify;\"><span style=\"color: #000000;\">-Carrer Olivera, a la Masieta.<\/span><\/p>\n<p style=\"padding-left: 30px; text-align: justify;\"><span style=\"color: #000000;\">-Carrer Vall d&#8217;Aran i la riera de la Pineda de Santa Cristina<\/span><\/p>\n<p style=\"padding-left: 30px; text-align: justify;\"><span style=\"color: #000000;\">-Riera de l&#8217;Esplai<\/span><\/p>\n<p style=\"padding-left: 30px; text-align: justify;\"><span style=\"color: #000000;\">-Carrer dels Safareigs<\/span><\/p>\n<p style=\"padding-left: 30px; text-align: justify;\"><span style=\"color: #000000;\">-Cam\u00ed del Gosch, sobretot a l&#8217;altura del Punt Verd<\/span><\/p>\n<p style=\"text-align: justify;\"><span style=\"color: #000000;\">Es tracta de zones que poden ser especialment perilloses en cas que plogui de forma abundant, ja que per les seves caracter\u00edstiques es podrien inundar. Extremeu especialment les precaucions aquells ve\u00efns que residiu en zones pr\u00f2ximes a aquests punts.<\/span><\/p>\n<p style=\"text-align: justify;\"><span style=\"color: #000000;\">Per avisar d&#8217;incid\u00e8ncies podeu contactar amb el Servei d&#8217;Informaci\u00f3 i Inspecci\u00f3 Municipal, al 678 59 59 59.<\/span><\/p>\n<p style=\"text-align: justify;\"><span style=\"color: #000000;\">En cas d&#8217;accident, truqueu al tel\u00e8fon d&#8217;emerg\u00e8ncies 112.<\/span><\/p>\n<p style=\"text-align: justify;\"><span style=\"color: #000000;\">Podeu actualitzar la informaci\u00f3 meteorol\u00f2gica a <a href=\"http:\/\/www.meteo.cat\" target=\"_blank\">www.meteo.cat<\/a><\/span><\/p>\n<p style=\"text-align: justify;\"><a href=\"http:\/\/bisbalpenedes.com\/web\/wp-content\/uploads\/2018\/10\/Cartell_aiguats_inundacions.1.jpg\"><img loading=\"lazy\" class=\"aligncenter size-full wp-image-7665\" src=\"http:\/\/bisbalpenedes.com\/web\/wp-content\/uploads\/2018\/10\/Cartell_aiguats_inundacions.1.jpg\" alt=\"Cartell intensitat pluja\" width=\"459\" height=\"606\" srcset=\"https:\/\/bisbalpenedes.com\/web\/wp-content\/uploads\/2018\/10\/Cartell_aiguats_inundacions.1.jpg 459w, https:\/\/bisbalpenedes.com\/web\/wp-content\/uploads\/2018\/10\/Cartell_aiguats_inundacions.1-227x300.jpg 227w\" sizes=\"(max-width: 459px) 100vw, 459px\" \/><\/a><\/p>\n<p style=\"text-align: justify;\"><a href=\"http:\/\/bisbalpenedes.com\/web\/wp-content\/uploads\/2018\/11\/181118-AVIS-DE-PLUJA.png\"><img loading=\"lazy\" class=\"aligncenter size-large wp-image-7833\" src=\"http:\/\/bisbalpenedes.com\/web\/wp-content\/uploads\/2018\/11\/181118-AVIS-DE-PLUJA-1024x539.png\" alt=\"181118 AVIS DE PLUJA\" width=\"630\" height=\"332\" srcset=\"https:\/\/bisbalpenedes.com\/web\/wp-content\/uploads\/2018\/11\/181118-AVIS-DE-PLUJA-1024x539.png 1024w, https:\/\/bisbalpenedes.com\/web\/wp-content\/uploads\/2018\/11\/181118-AVIS-DE-PLUJA-600x316.png 600w, https:\/\/bisbalpenedes.com\/web\/wp-content\/uploads\/2018\/11\/181118-AVIS-DE-PLUJA-300x158.png 300w, https:\/\/bisbalpenedes.com\/web\/wp-content\/uploads\/2018\/11\/181118-AVIS-DE-PLUJA-768x404.png 768w, https:\/\/bisbalpenedes.com\/web\/wp-content\/uploads\/2018\/11\/181118-AVIS-DE-PLUJA.png 1165w\" sizes=\"(max-width: 630px) 100vw, 630px\" \/><\/a> <a href=\"http:\/\/bisbalpenedes.com\/web\/wp-content\/uploads\/2018\/11\/181118-AVIS-PER-VENT.png\"><img loading=\"lazy\" class=\"aligncenter size-large wp-image-7834\" src=\"http:\/\/bisbalpenedes.com\/web\/wp-content\/uploads\/2018\/11\/181118-AVIS-PER-VENT-1024x523.png\" alt=\"181118 AVIS PER VENT\" width=\"630\" height=\"322\" srcset=\"https:\/\/bisbalpenedes.com\/web\/wp-content\/uploads\/2018\/11\/181118-AVIS-PER-VENT-1024x523.png 1024w, https:\/\/bisbalpenedes.com\/web\/wp-content\/uploads\/2018\/11\/181118-AVIS-PER-VENT-600x306.png 600w, https:\/\/bisbalpenedes.com\/web\/wp-content\/uploads\/2018\/11\/181118-AVIS-PER-VENT-300x153.png 300w, https:\/\/bisbalpenedes.com\/web\/wp-content\/uploads\/2018\/11\/181118-AVIS-PER-VENT-768x392.png 768w, https:\/\/bisbalpenedes.com\/web\/wp-content\/uploads\/2018\/11\/181118-AVIS-PER-VENT.png 1177w\" sizes=\"(max-width: 630px) 100vw, 630px\" \/><\/a><\/p>\n<hr \/>\n<p style=\"text-align: justify;\"><span style=\"color: #000000;\"><strong>CASTELLANO |<\/strong> El Meteocat ha emitido avisos por intensidad de lluvia y viento que pueden afectar a nuestro municipio. Es por este motivo que os pedimos que extrem\u00e9is las precauciones, sobretodo en las zonas m\u00e1s pr\u00f3ximas a las rieras o que, por sus caracter\u00edsticas, se puedan inundar con lluvias intensas.<\/span><\/p>\n<p style=\"text-align: justify;\"><span style=\"color: #000000;\">Prestad especialmente atenci\u00f3n en las siguientes zonas:<\/span><\/p>\n<p style=\"padding-left: 30px; text-align: justify;\"><span style=\"color: #000000;\">-Calle Olivera, en la Masieta.<\/span><\/p>\n<p style=\"padding-left: 30px; text-align: justify;\"><span style=\"color: #000000;\">-Calle Vall d&#8217;Aran y la riera de la Pineda de Santa Cristina<\/span><\/p>\n<p style=\"padding-left: 30px; text-align: justify;\"><span style=\"color: #000000;\">-Riera de l&#8217;Esplai<\/span><\/p>\n<p style=\"padding-left: 30px; text-align: justify;\"><span style=\"color: #000000;\">-Calle dels Safareigs<\/span><\/p>\n<p style=\"padding-left: 30px; text-align: justify;\"><span style=\"color: #000000;\">-Cam\u00ed del Gosch, sobretodo a\u00a0la altura del Punt Verd<\/span><\/p>\n<p style=\"text-align: justify;\"><span style=\"color: #000000;\">Se trata de zonas que pueden ser especialmente peligrosas en el caso de que llueva de forma abundante, ya que por sus caracter\u00edsticas se podr\u00edan inundar. Extremad especialmente las precauciones aquellos vecinos que resid\u00e1is en zonas pr\u00f3ximas a estos puntos.<\/span><\/p>\n<p style=\"text-align: justify;\"><span style=\"color: #000000;\">Para avisar de incidencias pod\u00e9is contactar con el Servicio de Informaci\u00f3n e Inspecci\u00f3n Municipal, en el 678595959.<\/span><\/p>\n<p style=\"text-align: justify;\"><span style=\"color: #000000;\">En caso de accidente, llamad al tel\u00e9fono de emergencias 112.<\/span><\/p>\n<p style=\"text-align: justify;\"><span style=\"color: #000000;\">Pod\u00e9is actualizar la informaci\u00f3n meteorol\u00f3gica en <a style=\"color: #000000;\" href=\"http:\/\/www.meteo.cat\" target=\"_blank\">www.meteo.cat<\/a><\/span><\/p>\n<p style=\"text-align: justify;\"><a href=\"http:\/\/bisbalpenedes.com\/web\/wp-content\/uploads\/2018\/10\/Cartell_aiguats_inundacions.1.jpg\"><img loading=\"lazy\" class=\"aligncenter size-full wp-image-7665\" src=\"http:\/\/bisbalpenedes.com\/web\/wp-content\/uploads\/2018\/10\/Cartell_aiguats_inundacions.1.jpg\" alt=\"Cartell intensitat pluja\" width=\"459\" height=\"606\" srcset=\"https:\/\/bisbalpenedes.com\/web\/wp-content\/uploads\/2018\/10\/Cartell_aiguats_inundacions.1.jpg 459w, https:\/\/bisbalpenedes.com\/web\/wp-content\/uploads\/2018\/10\/Cartell_aiguats_inundacions.1-227x300.jpg 227w\" sizes=\"(max-width: 459px) 100vw, 459px\" \/><\/a><\/p>\n<p style=\"text-align: justify;\"><a href=\"http:\/\/bisbalpenedes.com\/web\/wp-content\/uploads\/2018\/11\/181118-AVIS-DE-PLUJA.png\"><img loading=\"lazy\" class=\"aligncenter size-large wp-image-7833\" src=\"http:\/\/bisbalpenedes.com\/web\/wp-content\/uploads\/2018\/11\/181118-AVIS-DE-PLUJA-1024x539.png\" alt=\"181118 AVIS DE PLUJA\" width=\"630\" height=\"332\" srcset=\"https:\/\/bisbalpenedes.com\/web\/wp-content\/uploads\/2018\/11\/181118-AVIS-DE-PLUJA-1024x539.png 1024w, https:\/\/bisbalpenedes.com\/web\/wp-content\/uploads\/2018\/11\/181118-AVIS-DE-PLUJA-600x316.png 600w, https:\/\/bisbalpenedes.com\/web\/wp-content\/uploads\/2018\/11\/181118-AVIS-DE-PLUJA-300x158.png 300w, https:\/\/bisbalpenedes.com\/web\/wp-content\/uploads\/2018\/11\/181118-AVIS-DE-PLUJA-768x404.png 768w, https:\/\/bisbalpenedes.com\/web\/wp-content\/uploads\/2018\/11\/181118-AVIS-DE-PLUJA.png 1165w\" sizes=\"(max-width: 630px) 100vw, 630px\" \/><\/a> <a href=\"http:\/\/bisbalpenedes.com\/web\/wp-content\/uploads\/2018\/11\/181118-AVIS-PER-VENT.png\"><img loading=\"lazy\" class=\"aligncenter size-large wp-image-7834\" src=\"http:\/\/bisbalpenedes.com\/web\/wp-content\/uploads\/2018\/11\/181118-AVIS-PER-VENT-1024x523.png\" alt=\"181118 AVIS PER VENT\" width=\"630\" height=\"322\" srcset=\"https:\/\/bisbalpenedes.com\/web\/wp-content\/uploads\/2018\/11\/181118-AVIS-PER-VENT-1024x523.png 1024w, https:\/\/bisbalpenedes.com\/web\/wp-content\/uploads\/2018\/11\/181118-AVIS-PER-VENT-600x306.png 600w, https:\/\/bisbalpenedes.com\/web\/wp-content\/uploads\/2018\/11\/181118-AVIS-PER-VENT-300x153.png 300w, https:\/\/bisbalpenedes.com\/web\/wp-content\/uploads\/2018\/11\/181118-AVIS-PER-VENT-768x392.png 768w, https:\/\/bisbalpenedes.com\/web\/wp-content\/uploads\/2018\/11\/181118-AVIS-PER-VENT.png 1177w\" sizes=\"(max-width: 630px) 100vw, 630px\" \/><\/a><\/p>\n<p>&nbsp;<\/p>\n<p>&nbsp;<\/p>\n","protected":false},"excerpt":{"rendered":"<p>El Meteocat ha em\u00e8s avisos per intensitat de pluja i vent que poden afectar el nostre municipi. \u00c9s per aquest motiu que us demanem que extremeu les precaucions, sobretot en &hellip; <a href=\"https:\/\/bisbalpenedes.com\/web\/2018\/11\/18\/el-meteocat-ha-emes-avisos-per-intensitat-de-pluja-i-vent\/\" class=\"more-link\">Read More<\/a><\/p>\n","protected":false},"author":4,"featured_media":7665,"comment_status":"closed","ping_status":"closed","sticky":false,"template":"","format":"standard","meta":[],"categories":[2543],"tags":[1983,129,1002,2579,2474,1190],"_links":{"self":[{"href":"https:\/\/bisbalpenedes.com\/web\/wp-json\/wp\/v2\/posts\/7832"}],"collection":[{"href":"https:\/\/bisbalpenedes.com\/web\/wp-json\/wp\/v2\/posts"}],"about":[{"href":"https:\/\/bisbalpenedes.com\/web\/wp-json\/wp\/v2\/types\/post"}],"author":[{"embeddable":true,"href":"https:\/\/bisbalpenedes.com\/web\/wp-json\/wp\/v2\/users\/4"}],"replies":[{"embeddable":true,"href":"https:\/\/bisbalpenedes.com\/web\/wp-json\/wp\/v2\/comments?post=7832"}],"version-history":[{"count":2,"href":"https:\/\/bisbalpenedes.com\/web\/wp-json\/wp\/v2\/posts\/7832\/revisions"}],"predecessor-version":[{"id":7836,"href":"https:\/\/bisbalpenedes.com\/web\/wp-json\/wp\/v2\/posts\/7832\/revisions\/7836"}],"wp:featuredmedia":[{"embeddable":true,"href":"https:\/\/bisbalpenedes.com\/web\/wp-json\/wp\/v2\/media\/7665"}],"wp:attachment":[{"href":"https:\/\/bisbalpenedes.com\/web\/wp-json\/wp\/v2\/media?parent=7832"}],"wp:term":[{"taxonomy":"category","embeddable":true,"href":"https:\/\/bisbalpenedes.com\/web\/wp-json\/wp\/v2\/categories?post=7832"},{"taxonomy":"post_tag","embeddable":true,"href":"https:\/\/bisbalpenedes.com\/web\/wp-json\/wp\/v2\/tags?post=7832"}],"curies":[{"name":"wp","href":"https:\/\/api.w.org\/{rel}","templated":true}]}}