{"id":7825,"date":"2018-11-15T16:57:41","date_gmt":"2018-11-15T15:57:41","guid":{"rendered":"http:\/\/bisbalpenedes.com\/web\/?p=7825"},"modified":"2018-11-15T16:57:41","modified_gmt":"2018-11-15T15:57:41","slug":"lajuntament-adequara-un-terreny-dequipaments-al-costat-del-local-social-que-sesta-construint-a-la-miralba","status":"publish","type":"post","link":"https:\/\/bisbalpenedes.com\/web\/2018\/11\/15\/lajuntament-adequara-un-terreny-dequipaments-al-costat-del-local-social-que-sesta-construint-a-la-miralba\/","title":{"rendered":"L\u2019Ajuntament adequar\u00e0 un terreny d\u2019equipaments al costat del local social que s\u2019est\u00e0 construint a la Miralba"},"content":{"rendered":"<p style=\"text-align: justify;\"><a href=\"http:\/\/bisbalpenedes.com\/web\/wp-content\/uploads\/2018\/11\/2018-11-12-14.12.02.jpg\"><img loading=\"lazy\" class=\"aligncenter size-large wp-image-7826\" src=\"http:\/\/bisbalpenedes.com\/web\/wp-content\/uploads\/2018\/11\/2018-11-12-14.12.02-1024x768.jpg\" alt=\"la miralba terreny equipaments\" width=\"630\" height=\"473\" srcset=\"https:\/\/bisbalpenedes.com\/web\/wp-content\/uploads\/2018\/11\/2018-11-12-14.12.02-1024x768.jpg 1024w, https:\/\/bisbalpenedes.com\/web\/wp-content\/uploads\/2018\/11\/2018-11-12-14.12.02-600x450.jpg 600w, https:\/\/bisbalpenedes.com\/web\/wp-content\/uploads\/2018\/11\/2018-11-12-14.12.02-300x225.jpg 300w, https:\/\/bisbalpenedes.com\/web\/wp-content\/uploads\/2018\/11\/2018-11-12-14.12.02-768x576.jpg 768w\" sizes=\"(max-width: 630px) 100vw, 630px\" \/><\/a><\/p>\n<p style=\"text-align: justify;\"><span style=\"color: #000000;\">La Junta de Govern Local del 9 de novembre de 2018 ha aprovat l\u2019adjudicaci\u00f3 de quatre parcel\u00b7les de la Miralba a l\u2019Ajuntament de la Bisbal del Pened\u00e8s. Es tracta de terrenys que s\u2019han subhastat perqu\u00e8 els seus propietaris no complien la seva obligaci\u00f3 d\u2019assumir els deutes derivats dels treballs d\u2019urbanitzaci\u00f3 i instal\u00b7laci\u00f3 de serveis a la urbanitzaci\u00f3. Una de les quatre parcel\u00b7les adjudicades est\u00e0 ubicada al costat del local social que s\u2019est\u00e0 construint a la urbanitzaci\u00f3 i est\u00e0 \u00a0considerat terreny d\u2019equipaments. L\u2019Ajuntament se l\u2019ha adjudicat amb la intenci\u00f3 d\u2019adequar-lo durant l\u2019any 2019.<\/span><\/p>\n<p style=\"text-align: justify;\"><span style=\"color: #000000;\">L\u2019Ajuntament \u00e9s propietari, en l\u2019actualitat, de m\u00e9s de 25 parcel\u00b7les a la Miralba i, per tant, tamb\u00e9 \u00e9s propietari del deute corresponent a aquestes parcel\u00b7les. Aix\u00f2 es deu al fet que, durant les legislatures anteriors (entre els anys 2007 i 2015) es van adjudicar i fer les obres d\u2019urbanitzaci\u00f3 de la Miralba, amb la corresponent obligaci\u00f3 dels ve\u00efns (propietaris) de la urbanitzaci\u00f3 de pagar les quotes de la urbanitzaci\u00f3. BASE \u2013 Gesti\u00f3 d\u2019Ingressos \u00e9s l\u2019ens que es va encarregar de gestionar el cobrament de quotes i va instruir el corresponent procediment administratiu de constrenyiment contra els deutors que no abonaven la seva part, la majoria d\u2019ells, propietaris de terrenys sense construccions. Les finques, els titulars de les quals no van satisfer, finalment, les quotes, van ser subhastades per\u00f2, en molts casos, la subhasta de les parcel\u00b7les es va declarar deserta i, per tant, les propietats van ser adjudicades a l\u2019Ajuntament de la Bisbal del Pened\u00e8s amb el seu corresponent deute. Com que el deute segueix vigent, l\u2019Ajuntament pot vendre directament aquestes parcel\u00b7les per saldar el deute de les quotes urban\u00edstiques. Per aquest motiu, en els pr\u00f2xims mesos s\u2019iniciar\u00e0 la venda p\u00fablica de diverses parcel\u00b7les, a excepci\u00f3 de casos com el del terreny de la Miralba, que est\u00e0 considerat terreny d\u2019equipaments.<\/span><\/p>\n<hr \/>\n<p style=\"text-align: justify;\"><span style=\"color: #000000;\"><strong>CASTELLANO |<\/strong> La Junta de Gobierno local del 9 de noviembre del 2018 ha aprobado la adjudicaci\u00f3n de cuatro parcelas de la Miralba al Ayuntamiento de la Bisbal del Pened\u00e8s. Se trata de terrenos que se han subastado porqu\u00e9 sus propietarios no cumpl\u00edan su obligaci\u00f3n de asumir las deudas derivadas de los trabajos de urbanizaci\u00f3n e instalaci\u00f3n de servicios en la urbanizaci\u00f3n. Una de las cuatro parcelas adjudicadas est\u00e1 ubicada al lado del local social que se est\u00e1 construyendo en la urbanizaci\u00f3n y est\u00e1 considerado terreno de equipamientos. El Ayuntamiento se lo ha adjudicado con la intenci\u00f3n de adecuarlo durante el a\u00f1o 2019.<\/span><\/p>\n<p style=\"text-align: justify;\"><span style=\"color: #000000;\">El Ayuntamiento es propietario, en la actualidad, de m\u00e1s de 25 parcelas en la Miralba y, por lo tanto, tambi\u00e9n es propietario de la deuda correspondiente a estas parcelas. Esto se debe al hecho que, durante las legislaturas anteriores (entre los a\u00f1os 2007 y 2015) se adjudicaron y se hicieron las obras de urbanizaci\u00f3n de la Miralba, con la correspondiente obligaci\u00f3n de los vecinos (propietarios)\u00a0de la urbanizaci\u00f3n de pagar las cuotas de la urbanizaci\u00f3n. BASE &#8211; Gesti\u00f3 d&#8217;Ingressos es el ente que se encarg\u00f3 de gestionar el cobro de cuotas e instruy\u00f3 el correspondiente procedimiento administrativo de\u00a0apremio contra los deudores que no abonaban su parte, la mayor\u00eda de ellos, propietarios de terrenos sin construcciones. Las fincas, los titulares de las cuales no satisficieron, finalmente, las cuotas, fueron subastadas pero, en muchos casos, la subasta de las parcelas se declar\u00f3 desierta y, por lo tanto, las propiedades fueron adjudicadas al Ayuntamiento de la Bisbal del Pened\u00e8s con su correspondiente deuda. Como que la deuda sigue vigente, el Ayuntamiento puede vender directamente estas parcelas para saldar la deuda de las cuotas urban\u00edsticas. Por este motivo, en los pr\u00f3ximos meses se iniciar\u00e1 la venta p\u00fablica de varias parcelas, a excepci\u00f3n de casos como el del terreno de la Miralba, que est\u00e1 considerado terreno de equipamientos.<\/span><\/p>\n<p>&nbsp;<\/p>\n<p>&nbsp;<\/p>\n","protected":false},"excerpt":{"rendered":"<p>La Junta de Govern Local del 9 de novembre de 2018 ha aprovat l\u2019adjudicaci\u00f3 de quatre parcel\u00b7les de la Miralba a l\u2019Ajuntament de la Bisbal del Pened\u00e8s. Es tracta de &hellip; <a href=\"https:\/\/bisbalpenedes.com\/web\/2018\/11\/15\/lajuntament-adequara-un-terreny-dequipaments-al-costat-del-local-social-que-sesta-construint-a-la-miralba\/\" class=\"more-link\">Read More<\/a><\/p>\n","protected":false},"author":4,"featured_media":7826,"comment_status":"closed","ping_status":"closed","sticky":false,"template":"","format":"standard","meta":[],"categories":[15],"tags":[1895,246,2573,1019,452],"_links":{"self":[{"href":"https:\/\/bisbalpenedes.com\/web\/wp-json\/wp\/v2\/posts\/7825"}],"collection":[{"href":"https:\/\/bisbalpenedes.com\/web\/wp-json\/wp\/v2\/posts"}],"about":[{"href":"https:\/\/bisbalpenedes.com\/web\/wp-json\/wp\/v2\/types\/post"}],"author":[{"embeddable":true,"href":"https:\/\/bisbalpenedes.com\/web\/wp-json\/wp\/v2\/users\/4"}],"replies":[{"embeddable":true,"href":"https:\/\/bisbalpenedes.com\/web\/wp-json\/wp\/v2\/comments?post=7825"}],"version-history":[{"count":1,"href":"https:\/\/bisbalpenedes.com\/web\/wp-json\/wp\/v2\/posts\/7825\/revisions"}],"predecessor-version":[{"id":7827,"href":"https:\/\/bisbalpenedes.com\/web\/wp-json\/wp\/v2\/posts\/7825\/revisions\/7827"}],"wp:featuredmedia":[{"embeddable":true,"href":"https:\/\/bisbalpenedes.com\/web\/wp-json\/wp\/v2\/media\/7826"}],"wp:attachment":[{"href":"https:\/\/bisbalpenedes.com\/web\/wp-json\/wp\/v2\/media?parent=7825"}],"wp:term":[{"taxonomy":"category","embeddable":true,"href":"https:\/\/bisbalpenedes.com\/web\/wp-json\/wp\/v2\/categories?post=7825"},{"taxonomy":"post_tag","embeddable":true,"href":"https:\/\/bisbalpenedes.com\/web\/wp-json\/wp\/v2\/tags?post=7825"}],"curies":[{"name":"wp","href":"https:\/\/api.w.org\/{rel}","templated":true}]}}