{"id":7822,"date":"2018-11-15T14:10:35","date_gmt":"2018-11-15T13:10:35","guid":{"rendered":"http:\/\/bisbalpenedes.com\/web\/?p=7822"},"modified":"2018-11-15T14:10:53","modified_gmt":"2018-11-15T13:10:53","slug":"avis-dinterrupcio-del-subministrament-electric-prevista-per-al-dia-16-de-novembre","status":"publish","type":"post","link":"https:\/\/bisbalpenedes.com\/web\/2018\/11\/15\/avis-dinterrupcio-del-subministrament-electric-prevista-per-al-dia-16-de-novembre\/","title":{"rendered":"Av\u00eds d\u2019interrupci\u00f3 del subministrament el\u00e8ctric prevista per al dia 16 de novembre"},"content":{"rendered":"<p style=\"text-align: justify;\"><span style=\"color: #000000;\">Endesa\u00a0 Distribuci\u00f3n ha informat que, aquest divendres 16 de novembre, de 9.00h a 13.00h, realitzar\u00e0 uns treballs de manteniment i millora a la xarxa de distribuci\u00f3 el\u00e8ctrica que comportaran la interrupci\u00f3 temporal del subministrament.<\/span><\/p>\n<p style=\"text-align: justify;\"><span style=\"color: #000000;\"><strong>Zona afectada:<\/strong><\/span><\/p>\n<p style=\"text-align: justify; padding-left: 30px;\"><span style=\"color: #000000;\">Carrer Anselm Clav\u00e9, avda. Baix Pened\u00e8s, carrer Barcelona, pla\u00e7a Catalunya, avda. Colom, carrer Doctor Robert, carrer de la Font, carrer Fortuny, passatge de la Reixa, carrer Llibertat, carrer Major, carrer Mestre Trujols, avda. Pau Casals, carrer Pompeu Fabra, carrer Safareigs, pl. Sant Jordi, carrer Verdaguer i carrer Vinyets.<\/span><\/p>\n<p style=\"text-align: justify;\"><span style=\"color: #000000;\">Per a m\u00e9s informaci\u00f3 contacteu amb Endesa Distribuci\u00f3n: 800 760 706 o www.endesadistribucion.es<\/span><\/p>\n<p style=\"text-align: justify;\"><span style=\"color: #000000;\"><strong>Us informem que l&#8217;Ajuntament de la Bisbal del Pened\u00e8s ha\u00a0fet arribar una queixa a Endesa Distribuci\u00f3n\u00a0sobre\u00a0\u00a0els horaris en els quals es talla el subministrament el\u00e8ctric, ja que els talls afecten els serveis b\u00e0sics (consultori m\u00e8dic, centres escolars&#8230;), alguns serveis municipals i el comer\u00e7 local.<\/strong><\/span><\/p>\n<hr \/>\n<p style=\"text-align: justify;\"><span style=\"color: #000000;\"><strong>CASTELLANO |<\/strong>\u00a0Endesa Distribuci\u00f3n ha informado que, este viernes 16 de noviembre, de 9.00h a 13.00h, realizar\u00e1 trabajos de mantenimiento y mejora de la red de distribuci\u00f3n el\u00e9ctrica que comportaran la interrupci\u00f3n temporal del suministro.<\/span><\/p>\n<p style=\"text-align: justify;\"><span style=\"color: #000000;\"><strong>Zona afectada:<\/strong><\/span><\/p>\n<p style=\"text-align: justify; padding-left: 30px;\"><span style=\"color: #000000;\">Calle Anselm Clav\u00e9, avda. Baix Pened\u00e8s, calle Barcelona, plaza Catalunya, avda. Colom, calle Doctor Robert, calle de la Font, calle Fortuny, pasaje de la Reixa, calle Llibertat, calle Major, calle Mestre Trujols, avda. pau Casals, calle Pompeu Fabra, calle Safareigs, pl. Sant Jordi, calle Verdaguer y calle Vinyets.<\/span><\/p>\n<p style=\"text-align: justify;\"><span style=\"color: #000000;\">Para m\u00e1s informaci\u00f3n contactad con Endesa Distribuci\u00f3n: 800 760 706 o www.endesadistribucion.es<\/span><\/p>\n<p style=\"text-align: justify;\"><span style=\"color: #000000;\"><strong>Os informamos que el Ayuntamiento de la Bisbal del Pened\u00e8s ha hecho llegar una queja a Endesa Distribuci\u00f3n sobre los horarios en los cuales se corta el suministro el\u00e9ctrico, ya que los cortes afectan a los servicios b\u00e1sicos (consultorio m\u00e9dico, centros escolares&#8230;), a algunos servicios municipales y al comercio local.<\/strong><\/span><\/p>\n<p>&nbsp;<\/p>\n","protected":false},"excerpt":{"rendered":"<p>Endesa\u00a0 Distribuci\u00f3n ha informat que, aquest divendres 16 de novembre, de 9.00h a 13.00h, realitzar\u00e0 uns treballs de manteniment i millora a la xarxa de distribuci\u00f3 el\u00e8ctrica que comportaran la &hellip; <a href=\"https:\/\/bisbalpenedes.com\/web\/2018\/11\/15\/avis-dinterrupcio-del-subministrament-electric-prevista-per-al-dia-16-de-novembre\/\" class=\"more-link\">Read More<\/a><\/p>\n","protected":false},"author":4,"featured_media":2315,"comment_status":"closed","ping_status":"closed","sticky":false,"template":"","format":"standard","meta":[],"categories":[1628],"tags":[129,441,2572],"_links":{"self":[{"href":"https:\/\/bisbalpenedes.com\/web\/wp-json\/wp\/v2\/posts\/7822"}],"collection":[{"href":"https:\/\/bisbalpenedes.com\/web\/wp-json\/wp\/v2\/posts"}],"about":[{"href":"https:\/\/bisbalpenedes.com\/web\/wp-json\/wp\/v2\/types\/post"}],"author":[{"embeddable":true,"href":"https:\/\/bisbalpenedes.com\/web\/wp-json\/wp\/v2\/users\/4"}],"replies":[{"embeddable":true,"href":"https:\/\/bisbalpenedes.com\/web\/wp-json\/wp\/v2\/comments?post=7822"}],"version-history":[{"count":2,"href":"https:\/\/bisbalpenedes.com\/web\/wp-json\/wp\/v2\/posts\/7822\/revisions"}],"predecessor-version":[{"id":7824,"href":"https:\/\/bisbalpenedes.com\/web\/wp-json\/wp\/v2\/posts\/7822\/revisions\/7824"}],"wp:featuredmedia":[{"embeddable":true,"href":"https:\/\/bisbalpenedes.com\/web\/wp-json\/wp\/v2\/media\/2315"}],"wp:attachment":[{"href":"https:\/\/bisbalpenedes.com\/web\/wp-json\/wp\/v2\/media?parent=7822"}],"wp:term":[{"taxonomy":"category","embeddable":true,"href":"https:\/\/bisbalpenedes.com\/web\/wp-json\/wp\/v2\/categories?post=7822"},{"taxonomy":"post_tag","embeddable":true,"href":"https:\/\/bisbalpenedes.com\/web\/wp-json\/wp\/v2\/tags?post=7822"}],"curies":[{"name":"wp","href":"https:\/\/api.w.org\/{rel}","templated":true}]}}