{"id":7819,"date":"2018-11-15T12:52:52","date_gmt":"2018-11-15T11:52:52","guid":{"rendered":"http:\/\/bisbalpenedes.com\/web\/?p=7819"},"modified":"2018-11-15T12:52:52","modified_gmt":"2018-11-15T11:52:52","slug":"ja-podeu-veure-el-programa-temps-lliure-dedicat-a-larea-de-cultura-de-lajuntament-de-la-bisbal-del-penedes","status":"publish","type":"post","link":"https:\/\/bisbalpenedes.com\/web\/2018\/11\/15\/ja-podeu-veure-el-programa-temps-lliure-dedicat-a-larea-de-cultura-de-lajuntament-de-la-bisbal-del-penedes\/","title":{"rendered":"Ja podeu veure el programa &#8216;Temps lliure&#8217; dedicat a l&#8217;\u00e0rea de Cultura de l&#8217;Ajuntament de la Bisbal del Pened\u00e8s"},"content":{"rendered":"<p><a href=\"http:\/\/bisbalpenedes.com\/web\/wp-content\/uploads\/2018\/11\/imatge-twit-rtv-el-vendrell-cultura.jpg\"><img loading=\"lazy\" class=\"aligncenter size-large wp-image-7820\" src=\"http:\/\/bisbalpenedes.com\/web\/wp-content\/uploads\/2018\/11\/imatge-twit-rtv-el-vendrell-cultura-1024x536.jpg\" alt=\"imatge twit rtv el vendrell cultura\" width=\"630\" height=\"330\" srcset=\"https:\/\/bisbalpenedes.com\/web\/wp-content\/uploads\/2018\/11\/imatge-twit-rtv-el-vendrell-cultura.jpg 1024w, https:\/\/bisbalpenedes.com\/web\/wp-content\/uploads\/2018\/11\/imatge-twit-rtv-el-vendrell-cultura-600x314.jpg 600w, https:\/\/bisbalpenedes.com\/web\/wp-content\/uploads\/2018\/11\/imatge-twit-rtv-el-vendrell-cultura-300x157.jpg 300w, https:\/\/bisbalpenedes.com\/web\/wp-content\/uploads\/2018\/11\/imatge-twit-rtv-el-vendrell-cultura-768x402.jpg 768w\" sizes=\"(max-width: 630px) 100vw, 630px\" \/><\/a><\/p>\n<p><span style=\"color: #000000;\">La Regidora de Cultura Judit Vidal\u00a0i el Salvador Catal\u00e0, t\u00e8cnic de l&#8217;Ajuntament, han parlat de cultura a RTV El Vendrell, en el marc del programa &#8216;Temps lliure&#8217;. Us deixem l&#8217;enlla\u00e7 al v\u00eddeo i, des d\u2019aqu\u00ed, agra\u00efm que la televisi\u00f3 vendrellenca hagi mostrat inter\u00e8s per les nostres iniciatives i ens hagi volgut dedicar un espai televisiu.<\/span><\/p>\n<p><span style=\"color: #000000;\">Podeu veure el programa aqu\u00ed:\u00a0<span style=\"color: #3366ff;\"><a style=\"color: #3366ff;\" href=\"http:\/\/www.rtvelvendrell.cat\/temps-lliure-dijous-15-de-novembre-de-2018\/\" target=\"_blank\">http:\/\/www.rtvelvendrell.cat\/temps-lliure-dijous-15-de-novembre-de-2018\/<\/a><\/span><\/span><\/p>\n<p><span style=\"color: #000000;\">Tamb\u00e9 el podreu veure, a trav\u00e9s de la televisi\u00f3, avui dijous a les 14.30h i, a partir d&#8217;aqu\u00ed, cada hora (15.30h, 16:30h&#8230;) i es repetir\u00e0 divendres i durant el cap de setmana.<\/span><\/p>\n<p><span style=\"color: #000000;\">&#8212;<\/span><\/p>\n<p><span style=\"color: #000000;\"><b>CASTELLANO |<\/b>\u00a0La Regidora de Cultura Judit Vidal y Salvador Catal\u00e0, t\u00e9cnico del Ayuntamiento, han hablado de cultura en Rtv El Vendrell, en el\u00a0marco del programa &#8216;Temps lliure&#8217;. Os dejamos el enlace al v\u00eddeo y, desde aqu\u00ed, agradecemos que la televisi\u00f3n vendrellenca haya mostrado inter\u00e9s por nuestras iniciativas y nos haya querido dedicar un espacio televisivo.<\/span><\/p>\n<p><span style=\"color: #000000;\">Pod\u00e9is ver el programa aqu\u00ed:\u00a0<a style=\"color: #000000;\" href=\"http:\/\/www.rtvelvendrell.cat\/temps-lliure-dijous-15-de-novembre-de-2018\/\" target=\"_blank\"><span style=\"color: #3366ff;\">http:\/\/www.rtvelvendrell.cat\/temps-lliure-dijous-15-de-novembre-de-2018<\/span>\/<\/a><\/span><\/p>\n<p><span style=\"color: #000000;\">Tambi\u00e9n lo podr\u00e9is ver, a trav\u00e9s de la televisi\u00f3n, hoy jueves a las 14.30h y, a partir de aqu\u00ed, cada hora (15.30h, 16.30h&#8230;) y se repetir\u00e1 el viernes y durante el fin de semana.<\/span><\/p>\n","protected":false},"excerpt":{"rendered":"<p>La Regidora de Cultura Judit Vidal\u00a0i el Salvador Catal\u00e0, t\u00e8cnic de l&#8217;Ajuntament, han parlat de cultura a RTV El Vendrell, en el marc del programa &#8216;Temps lliure&#8217;. Us deixem l&#8217;enlla\u00e7 &hellip; <a href=\"https:\/\/bisbalpenedes.com\/web\/2018\/11\/15\/ja-podeu-veure-el-programa-temps-lliure-dedicat-a-larea-de-cultura-de-lajuntament-de-la-bisbal-del-penedes\/\" class=\"more-link\">Read More<\/a><\/p>\n","protected":false},"author":4,"featured_media":7820,"comment_status":"closed","ping_status":"closed","sticky":false,"template":"","format":"standard","meta":[],"categories":[13],"tags":[110,230,1198,308,225,351,2389,2571,2567],"_links":{"self":[{"href":"https:\/\/bisbalpenedes.com\/web\/wp-json\/wp\/v2\/posts\/7819"}],"collection":[{"href":"https:\/\/bisbalpenedes.com\/web\/wp-json\/wp\/v2\/posts"}],"about":[{"href":"https:\/\/bisbalpenedes.com\/web\/wp-json\/wp\/v2\/types\/post"}],"author":[{"embeddable":true,"href":"https:\/\/bisbalpenedes.com\/web\/wp-json\/wp\/v2\/users\/4"}],"replies":[{"embeddable":true,"href":"https:\/\/bisbalpenedes.com\/web\/wp-json\/wp\/v2\/comments?post=7819"}],"version-history":[{"count":1,"href":"https:\/\/bisbalpenedes.com\/web\/wp-json\/wp\/v2\/posts\/7819\/revisions"}],"predecessor-version":[{"id":7821,"href":"https:\/\/bisbalpenedes.com\/web\/wp-json\/wp\/v2\/posts\/7819\/revisions\/7821"}],"wp:featuredmedia":[{"embeddable":true,"href":"https:\/\/bisbalpenedes.com\/web\/wp-json\/wp\/v2\/media\/7820"}],"wp:attachment":[{"href":"https:\/\/bisbalpenedes.com\/web\/wp-json\/wp\/v2\/media?parent=7819"}],"wp:term":[{"taxonomy":"category","embeddable":true,"href":"https:\/\/bisbalpenedes.com\/web\/wp-json\/wp\/v2\/categories?post=7819"},{"taxonomy":"post_tag","embeddable":true,"href":"https:\/\/bisbalpenedes.com\/web\/wp-json\/wp\/v2\/tags?post=7819"}],"curies":[{"name":"wp","href":"https:\/\/api.w.org\/{rel}","templated":true}]}}