{"id":7815,"date":"2018-11-15T12:21:02","date_gmt":"2018-11-15T11:21:02","guid":{"rendered":"http:\/\/bisbalpenedes.com\/web\/?p=7815"},"modified":"2018-11-15T12:21:02","modified_gmt":"2018-11-15T11:21:02","slug":"avis-per-intensitat-i-acumulacio-de-pluja","status":"publish","type":"post","link":"https:\/\/bisbalpenedes.com\/web\/2018\/11\/15\/avis-per-intensitat-i-acumulacio-de-pluja\/","title":{"rendered":"Av\u00eds per intensitat i acumulaci\u00f3 de pluja"},"content":{"rendered":"<p><span style=\"color: #000000;\">El Meteocat ha em\u00e8s avisos que afecten les jornades d&#8217;avui i de dem\u00e0, tant per intensitat de pluja com per acumulaci\u00f3<\/span><\/p>\n<hr \/>\n<p><span style=\"color: #000000;\">El Meteocat ha emitido avisos que afectan a las jornadas de hoy y de ma\u00f1ana, tanto por intensidad de lluvia como por acumulaci\u00f3n.<\/span><\/p>\n<p><a href=\"http:\/\/bisbalpenedes.com\/web\/wp-content\/uploads\/2018\/11\/AVIS-INTENSITAT-PLUJA-1.jpg\"><img loading=\"lazy\" class=\"aligncenter size-large wp-image-7816\" src=\"http:\/\/bisbalpenedes.com\/web\/wp-content\/uploads\/2018\/11\/AVIS-INTENSITAT-PLUJA-1-1024x661.jpg\" alt=\"AVIS INTENSITAT PLUJA 1\" width=\"630\" height=\"407\" srcset=\"https:\/\/bisbalpenedes.com\/web\/wp-content\/uploads\/2018\/11\/AVIS-INTENSITAT-PLUJA-1-1024x661.jpg 1024w, https:\/\/bisbalpenedes.com\/web\/wp-content\/uploads\/2018\/11\/AVIS-INTENSITAT-PLUJA-1-600x388.jpg 600w, https:\/\/bisbalpenedes.com\/web\/wp-content\/uploads\/2018\/11\/AVIS-INTENSITAT-PLUJA-1-300x194.jpg 300w, https:\/\/bisbalpenedes.com\/web\/wp-content\/uploads\/2018\/11\/AVIS-INTENSITAT-PLUJA-1-768x496.jpg 768w, https:\/\/bisbalpenedes.com\/web\/wp-content\/uploads\/2018\/11\/AVIS-INTENSITAT-PLUJA-1.jpg 1090w\" sizes=\"(max-width: 630px) 100vw, 630px\" \/><\/a> <a href=\"http:\/\/bisbalpenedes.com\/web\/wp-content\/uploads\/2018\/11\/AVIS-INTENSITAT-PLUJA-2.jpg\"><img loading=\"lazy\" class=\"aligncenter size-large wp-image-7817\" src=\"http:\/\/bisbalpenedes.com\/web\/wp-content\/uploads\/2018\/11\/AVIS-INTENSITAT-PLUJA-2-1024x652.jpg\" alt=\"AVIS INTENSITAT PLUJA 2\" width=\"630\" height=\"401\" srcset=\"https:\/\/bisbalpenedes.com\/web\/wp-content\/uploads\/2018\/11\/AVIS-INTENSITAT-PLUJA-2-1024x652.jpg 1024w, https:\/\/bisbalpenedes.com\/web\/wp-content\/uploads\/2018\/11\/AVIS-INTENSITAT-PLUJA-2-600x382.jpg 600w, https:\/\/bisbalpenedes.com\/web\/wp-content\/uploads\/2018\/11\/AVIS-INTENSITAT-PLUJA-2-300x191.jpg 300w, https:\/\/bisbalpenedes.com\/web\/wp-content\/uploads\/2018\/11\/AVIS-INTENSITAT-PLUJA-2-768x489.jpg 768w, https:\/\/bisbalpenedes.com\/web\/wp-content\/uploads\/2018\/11\/AVIS-INTENSITAT-PLUJA-2.jpg 1086w\" sizes=\"(max-width: 630px) 100vw, 630px\" \/><\/a><\/p>\n","protected":false},"excerpt":{"rendered":"<p>El Meteocat ha em\u00e8s avisos que afecten les jornades d&#8217;avui i de dem\u00e0, tant per intensitat de pluja com per acumulaci\u00f3 El Meteocat ha emitido avisos que afectan a las &hellip; <a href=\"https:\/\/bisbalpenedes.com\/web\/2018\/11\/15\/avis-per-intensitat-i-acumulacio-de-pluja\/\" class=\"more-link\">Read More<\/a><\/p>\n","protected":false},"author":4,"featured_media":7816,"comment_status":"closed","ping_status":"closed","sticky":false,"template":"","format":"standard","meta":[],"categories":[2543],"tags":[129,2050,1188,2474,2570],"_links":{"self":[{"href":"https:\/\/bisbalpenedes.com\/web\/wp-json\/wp\/v2\/posts\/7815"}],"collection":[{"href":"https:\/\/bisbalpenedes.com\/web\/wp-json\/wp\/v2\/posts"}],"about":[{"href":"https:\/\/bisbalpenedes.com\/web\/wp-json\/wp\/v2\/types\/post"}],"author":[{"embeddable":true,"href":"https:\/\/bisbalpenedes.com\/web\/wp-json\/wp\/v2\/users\/4"}],"replies":[{"embeddable":true,"href":"https:\/\/bisbalpenedes.com\/web\/wp-json\/wp\/v2\/comments?post=7815"}],"version-history":[{"count":1,"href":"https:\/\/bisbalpenedes.com\/web\/wp-json\/wp\/v2\/posts\/7815\/revisions"}],"predecessor-version":[{"id":7818,"href":"https:\/\/bisbalpenedes.com\/web\/wp-json\/wp\/v2\/posts\/7815\/revisions\/7818"}],"wp:featuredmedia":[{"embeddable":true,"href":"https:\/\/bisbalpenedes.com\/web\/wp-json\/wp\/v2\/media\/7816"}],"wp:attachment":[{"href":"https:\/\/bisbalpenedes.com\/web\/wp-json\/wp\/v2\/media?parent=7815"}],"wp:term":[{"taxonomy":"category","embeddable":true,"href":"https:\/\/bisbalpenedes.com\/web\/wp-json\/wp\/v2\/categories?post=7815"},{"taxonomy":"post_tag","embeddable":true,"href":"https:\/\/bisbalpenedes.com\/web\/wp-json\/wp\/v2\/tags?post=7815"}],"curies":[{"name":"wp","href":"https:\/\/api.w.org\/{rel}","templated":true}]}}