{"id":7803,"date":"2018-11-14T20:30:11","date_gmt":"2018-11-14T19:30:11","guid":{"rendered":"http:\/\/bisbalpenedes.com\/web\/?p=7803"},"modified":"2018-11-14T20:45:45","modified_gmt":"2018-11-14T19:45:45","slug":"el-programa-temps-lliure-de-la-televisio-del-vendrell-daquesta-setmana-parlara-de-les-activitats-que-sorganitzen-des-de-larea-de-cultura","status":"publish","type":"post","link":"https:\/\/bisbalpenedes.com\/web\/2018\/11\/14\/el-programa-temps-lliure-de-la-televisio-del-vendrell-daquesta-setmana-parlara-de-les-activitats-que-sorganitzen-des-de-larea-de-cultura\/","title":{"rendered":"El programa &#8216;Temps lliure&#8217; de la televisi\u00f3 del Vendrell d&#8217;aquesta setmana parlar\u00e0 de les activitats que s&#8217;organitzen des de l&#8217;\u00c0rea de Cultura"},"content":{"rendered":"<div class=\"\" data-block=\"true\" data-editor=\"ec70s\" data-offset-key=\"c5k6t-0-0\">\n<div class=\"_1mf _1mj\" style=\"text-align: justify;\" data-offset-key=\"c5k6t-0-0\">\n<figure id=\"attachment_7804\" aria-describedby=\"caption-attachment-7804\" style=\"width: 630px\" class=\"wp-caption aligncenter\"><a href=\"http:\/\/bisbalpenedes.com\/web\/wp-content\/uploads\/2018\/11\/TEMPS-LLIURE-TV-EL-VENDRELL-CULTURA.jpg\"><img loading=\"lazy\" class=\"wp-image-7804 size-large\" src=\"http:\/\/bisbalpenedes.com\/web\/wp-content\/uploads\/2018\/11\/TEMPS-LLIURE-TV-EL-VENDRELL-CULTURA-1024x768.jpg\" alt=\"TEMPS LLIURE TV EL VENDRELL CULTURA\" width=\"630\" height=\"473\" srcset=\"https:\/\/bisbalpenedes.com\/web\/wp-content\/uploads\/2018\/11\/TEMPS-LLIURE-TV-EL-VENDRELL-CULTURA-1024x768.jpg 1024w, https:\/\/bisbalpenedes.com\/web\/wp-content\/uploads\/2018\/11\/TEMPS-LLIURE-TV-EL-VENDRELL-CULTURA-600x450.jpg 600w, https:\/\/bisbalpenedes.com\/web\/wp-content\/uploads\/2018\/11\/TEMPS-LLIURE-TV-EL-VENDRELL-CULTURA-300x225.jpg 300w, https:\/\/bisbalpenedes.com\/web\/wp-content\/uploads\/2018\/11\/TEMPS-LLIURE-TV-EL-VENDRELL-CULTURA-768x576.jpg 768w\" sizes=\"(max-width: 630px) 100vw, 630px\" \/><\/a><figcaption id=\"caption-attachment-7804\" class=\"wp-caption-text\">Part superior, d&#8217;esquerra a dreta: Juli\u00e0 Alborn\u00e0 (c\u00e0mera i realitzador) i Pere Sallent (periodista i presentador). Part inferior, d&#8217;esquerra a dreta: Salvador Catal\u00e0 (t\u00e8cnic de l&#8217;Ajuntament) i Judit Vidal (Regidora de Cultura)<\/figcaption><\/figure>\n<\/div>\n<div class=\"_1mf _1mj\" style=\"text-align: justify;\" data-offset-key=\"c5k6t-0-0\"><\/div>\n<div class=\"_1mf _1mj\" style=\"text-align: justify;\" data-offset-key=\"c5k6t-0-0\"><span style=\"color: #000000;\">Aquesta setmana Rtv El Vendrell dedicar\u00e0 una part del programa &#8220;Temps lliure&#8221;, condu\u00eft per Pere Sallent, a l&#8217;\u00e0rea de Cultura de l&#8217;Ajuntament de la Bisbal del Pened\u00e8s. En concret hi podreu veure la regidora de Cultura, Judit Vidal, i un dels t\u00e8cnics de l&#8217;Ajuntament, el Salvador Catal\u00e0. El programa s&#8217;emetr\u00e0 per primera vegada aquest dijous 15 de novembre a les 14.30h i s&#8217;anir\u00e0 repetint cada hora (15.30h, 16.30h&#8230;) durant tota la jornada. Tamb\u00e9 es repetir\u00e0 el divendres i durant el cap de setmana i es podr\u00e0 recuperar al web www.rtvelvendrell.cat. Des d&#8217;aqu\u00ed agra\u00efm que la televisi\u00f3 vendrellenca hagi mostrat inter\u00e8s per les nostres iniciatives i ens hagi volgut dedicar un espai televisiu.<\/span><\/div>\n<\/div>\n<div class=\"\" style=\"text-align: justify;\" data-block=\"true\" data-editor=\"ec70s\" data-offset-key=\"et2ql-0-0\"><span style=\"color: #000000;\">\u00a0<\/span><\/div>\n<div class=\"\" style=\"text-align: justify;\" data-block=\"true\" data-editor=\"ec70s\" data-offset-key=\"bhe4k-0-0\">\n<div class=\"_1mf _1mj\" data-offset-key=\"bhe4k-0-0\">\n<hr \/>\n<\/div>\n<\/div>\n<div class=\"\" style=\"text-align: justify;\" data-block=\"true\" data-editor=\"ec70s\" data-offset-key=\"7a1nv-0-0\"><span style=\"color: #000000;\">\u00a0<\/span><\/div>\n<div class=\"\" data-block=\"true\" data-editor=\"ec70s\" data-offset-key=\"47k67-0-0\">\n<div class=\"_1mf _1mj\" style=\"text-align: justify;\" data-offset-key=\"47k67-0-0\"><span style=\"color: #000000;\"><strong>CASTELLANO |<\/strong> Esta semana Rtv El Vendrell dedicar\u00e1 una parte del programa &#8220;Temps lliure&#8221;, conducido por Pere Sallent, a la \u00e1rea de Cultura del Ayuntamiento de la Bisbal del Pened\u00e8s. En concreto podr\u00e9is ver a la regidora de Cultura, Judit Vidal, y a uno de los t\u00e9cnicos del Ayuntamiento, Salvador Catal\u00e0. El programa se emitir\u00e1 por primera vez este jueves 15 de noviembre a las 14.30h y se ir\u00e1 repitiendo cada hora (15.30h, 16.30h&#8230;) durante toda la jornada. Tambi\u00e9n se repetir\u00e1 el viernes y durante el fin de semana y se podr\u00e1 recuperar en la web <a href=\"http:\/\/www.rtvelvendrell.cat\" target=\"_blank\">www.rtvelvendrell.cat<\/a>. Desde aqu\u00ed agradecemos que la televisi\u00f3n vendrellenca haya mostrado inter\u00e9s por nuestras iniciativas y nos haya querido dedicar un espacio televisivo.<\/span><\/div>\n<\/div>\n","protected":false},"excerpt":{"rendered":"<p>Aquesta setmana Rtv El Vendrell dedicar\u00e0 una part del programa &#8220;Temps lliure&#8221;, condu\u00eft per Pere Sallent, a l&#8217;\u00e0rea de Cultura de l&#8217;Ajuntament de la Bisbal del Pened\u00e8s. En concret hi &hellip; <a href=\"https:\/\/bisbalpenedes.com\/web\/2018\/11\/14\/el-programa-temps-lliure-de-la-televisio-del-vendrell-daquesta-setmana-parlara-de-les-activitats-que-sorganitzen-des-de-larea-de-cultura\/\" class=\"more-link\">Read More<\/a><\/p>\n","protected":false},"author":4,"featured_media":7804,"comment_status":"closed","ping_status":"closed","sticky":false,"template":"","format":"standard","meta":[],"categories":[13],"tags":[391,2389,2569,2568,1079,2567,1100,1974],"_links":{"self":[{"href":"https:\/\/bisbalpenedes.com\/web\/wp-json\/wp\/v2\/posts\/7803"}],"collection":[{"href":"https:\/\/bisbalpenedes.com\/web\/wp-json\/wp\/v2\/posts"}],"about":[{"href":"https:\/\/bisbalpenedes.com\/web\/wp-json\/wp\/v2\/types\/post"}],"author":[{"embeddable":true,"href":"https:\/\/bisbalpenedes.com\/web\/wp-json\/wp\/v2\/users\/4"}],"replies":[{"embeddable":true,"href":"https:\/\/bisbalpenedes.com\/web\/wp-json\/wp\/v2\/comments?post=7803"}],"version-history":[{"count":10,"href":"https:\/\/bisbalpenedes.com\/web\/wp-json\/wp\/v2\/posts\/7803\/revisions"}],"predecessor-version":[{"id":7814,"href":"https:\/\/bisbalpenedes.com\/web\/wp-json\/wp\/v2\/posts\/7803\/revisions\/7814"}],"wp:featuredmedia":[{"embeddable":true,"href":"https:\/\/bisbalpenedes.com\/web\/wp-json\/wp\/v2\/media\/7804"}],"wp:attachment":[{"href":"https:\/\/bisbalpenedes.com\/web\/wp-json\/wp\/v2\/media?parent=7803"}],"wp:term":[{"taxonomy":"category","embeddable":true,"href":"https:\/\/bisbalpenedes.com\/web\/wp-json\/wp\/v2\/categories?post=7803"},{"taxonomy":"post_tag","embeddable":true,"href":"https:\/\/bisbalpenedes.com\/web\/wp-json\/wp\/v2\/tags?post=7803"}],"curies":[{"name":"wp","href":"https:\/\/api.w.org\/{rel}","templated":true}]}}