{"id":7790,"date":"2018-11-13T19:41:22","date_gmt":"2018-11-13T18:41:22","guid":{"rendered":"http:\/\/bisbalpenedes.com\/web\/?p=7790"},"modified":"2018-11-13T19:41:22","modified_gmt":"2018-11-13T18:41:22","slug":"aquesta-setmana-ha-tingut-lloc-la-primera-reunio-de-la-comissio-tecnica-de-valoracio-de-les-prestacions-economiques-durgencia-social","status":"publish","type":"post","link":"https:\/\/bisbalpenedes.com\/web\/2018\/11\/13\/aquesta-setmana-ha-tingut-lloc-la-primera-reunio-de-la-comissio-tecnica-de-valoracio-de-les-prestacions-economiques-durgencia-social\/","title":{"rendered":"Aquesta setmana ha tingut lloc la primera reuni\u00f3 de la Comissi\u00f3 T\u00e8cnica de Valoraci\u00f3 de les prestacions econ\u00f2miques d&#8217;urg\u00e8ncia social"},"content":{"rendered":"<p>&nbsp;<\/p>\n<p><a href=\"http:\/\/bisbalpenedes.com\/web\/wp-content\/uploads\/2018\/11\/DSC02247.jpg\"><img loading=\"lazy\" class=\"aligncenter size-large wp-image-7791\" src=\"http:\/\/bisbalpenedes.com\/web\/wp-content\/uploads\/2018\/11\/DSC02247-1024x768.jpg\" alt=\"TAULA SOCIAL COMISSIO TECNICA DE VALORACIO\" width=\"630\" height=\"473\" srcset=\"https:\/\/bisbalpenedes.com\/web\/wp-content\/uploads\/2018\/11\/DSC02247-1024x768.jpg 1024w, https:\/\/bisbalpenedes.com\/web\/wp-content\/uploads\/2018\/11\/DSC02247-600x450.jpg 600w, https:\/\/bisbalpenedes.com\/web\/wp-content\/uploads\/2018\/11\/DSC02247-300x225.jpg 300w, https:\/\/bisbalpenedes.com\/web\/wp-content\/uploads\/2018\/11\/DSC02247-768x576.jpg 768w\" sizes=\"(max-width: 630px) 100vw, 630px\" \/><\/a><\/p>\n<p><span style=\"color: #000000;\">Aquest dimarts 13 de novembre s\u2019ha reunit, per primera vegada, la Comissi\u00f3 T\u00e8cnica de Valoraci\u00f3 de les prestacions econ\u00f2miques d\u2019urg\u00e8ncia social. La finalitat d\u2019aquest organisme \u00e9s determinar la prescripci\u00f3, la modalitat i la quantia de la prestaci\u00f3 social per urg\u00e8ncia que s\u2019atorga, fer el seguiment dels comptadors solidaris i tractar tots aquells temes urgents i excepcionals que tinguin a veure amb l\u2019\u00e0rea de Serveis Socials. L\u2019Ajuntament\u00a0vol fer un seguiment m\u00e9s personalitzat de cada cas d\u2019urg\u00e8ncia social i, per aix\u00f2, far\u00e0 una valoraci\u00f3 econ\u00f2mica i social, aix\u00ed com un pla d\u2019ocupaci\u00f3 i formaci\u00f3, adequat a cada usuari. Les decisions que es prenguin a la Comissi\u00f3 t\u00e8cnica de valoraci\u00f3 de les prestacions econ\u00f2miques d\u2019urg\u00e8ncia social seran resoltes, posteriorment, mitjan\u00e7ant la Junta de Govern Local.<\/span><\/p>\n<p><span style=\"color: #000000;\">Aquest organisme, de recent creaci\u00f3, est\u00e0 regulat pel reglament que va ser publicat al Butllet\u00ed Oficial de la Prov\u00edncia de Tarragona el passat 1 d\u2019agost de 2018 i la Junta de Govern Local del passat 9 de novembre va aprovar els membres que en formen part:<\/span><\/p>\n<ul>\n<li><span style=\"color: #000000;\">President\/a: L\u2019alcaldessa<\/span><\/li>\n<li><span style=\"color: #000000;\">Vocals:<\/span><\/li>\n<li><span style=\"color: #000000;\">Regidor de Benestar Social<\/span><\/li>\n<li><span style=\"color: #000000;\">Secretari\/a-Interventor\/a de l\u2019Ajuntament<\/span><\/li>\n<li><span style=\"color: #000000;\">Treballador\/a social del Consell Comarcal del Baix Pened\u00e8s designat a la Bisbal del Pened\u00e8s.<\/span><\/li>\n<li><span style=\"color: #000000;\">Treballadora del SOM Bisbal<\/span><\/li>\n<li><span style=\"color: #000000;\">Secretari\/a: Un funcionari\/a de l\u2019Ajuntament<\/span><\/li>\n<\/ul>\n<p><span style=\"color: #000000;\">La Comissi\u00f3 T\u00e8cnica de valoraci\u00f3 de les prestacions econ\u00f2miques d\u2019urg\u00e8ncia social es reunir\u00e0 cada mes de manera ordin\u00e0ria i, en cas de necessitat, l\u2019alcaldessa podr\u00e0 convocar la comissi\u00f3 de manera extraordin\u00e0ria.<\/span><\/p>\n<hr \/>\n<p><span style=\"color: #000000;\">CASTELLANO | Este martes 13 de noviembre se ha reunido, por primera vez, la Comisi\u00f3n T\u00e9cnica de Valoraci\u00f3n de las prestaciones econ\u00f3micas de urgencia social. La finalidad de este organismo es determinar la prescripci\u00f3n, la modalidad y la cuant\u00eda de la prestaci\u00f3n social por urgencia que se otorga, hacer el seguimiento de los contadores solidarios y tratar todos aquellos temas urgentes y excepcionales que tengan que ver con el \u00e1rea de Servicios Sociales. El Ayuntamiento quiere\u00a0hacer un seguimiento m\u00e1s personalizado de cada caso de urgencia social y, por eso, har\u00e1 una valoraci\u00f3n econ\u00f3mica y social, as\u00ed como un plan de ocupaci\u00f3n y formaci\u00f3n, adecuado a cada usuario. Las decisiones que se tomen en la Comisi\u00f3n T\u00e9cnica de valoraci\u00f3n de las prestaciones econ\u00f3micas de urgencia social ser\u00e1n resueltas, posteriormente, mediante la Junta de Gobierno Local.<\/span><\/p>\n<p><span style=\"color: #000000;\">Este organismo, de reciente creaci\u00f3n, est\u00e1 regulado por el reglamento que se public\u00f3 en el Bolet\u00edn Oficial de la Provincia de Tarragona el pasado 1 de agosto del 2018 y la Junta de Gobierno Local del pasado 9 de noviembre aprob\u00f3 los miembros que formaran parte de \u00e9l:<\/span><\/p>\n<ul>\n<li><span style=\"color: #000000;\">Presidente\/a: La alcaldesa<\/span><\/li>\n<li><span style=\"color: #000000;\">Vocales:<\/span>\n<ul>\n<li><span style=\"color: #000000;\">Regidor de Benestar Social<\/span><\/li>\n<li><span style=\"color: #000000;\">Secretari\/a-Interventor\/a del Ayuntamiento<\/span><\/li>\n<li><span style=\"color: #000000;\">Trabajador\/a social del Consell Comarcal del Baix Pened\u00e8s designado en la Bisbal del Pened\u00e8s<\/span><\/li>\n<li><span style=\"color: #000000;\">Trabajadora del SOM Bisbal<\/span><\/li>\n<\/ul>\n<\/li>\n<li><span style=\"color: #000000;\">Secretario\/a: Un funcionario\/a del Ayuntamiento<\/span><\/li>\n<\/ul>\n<p><span style=\"color: #000000;\">La Comisi\u00f3n T\u00e9cnica de valoraci\u00f3n de las prestaciones econ\u00f3micas de urgencia social se reunir\u00e1 cada mes de manera ordinaria y, en caso de necesidad, la alcaldesa podr\u00e1 convocar la comisi\u00f3n de forma extraordinaria.<\/span><\/p>\n<p>&nbsp;<\/p>\n","protected":false},"excerpt":{"rendered":"<p>&nbsp; Aquest dimarts 13 de novembre s\u2019ha reunit, per primera vegada, la Comissi\u00f3 T\u00e8cnica de Valoraci\u00f3 de les prestacions econ\u00f2miques d\u2019urg\u00e8ncia social. La finalitat d\u2019aquest organisme \u00e9s determinar la prescripci\u00f3, &hellip; <a href=\"https:\/\/bisbalpenedes.com\/web\/2018\/11\/13\/aquesta-setmana-ha-tingut-lloc-la-primera-reunio-de-la-comissio-tecnica-de-valoracio-de-les-prestacions-economiques-durgencia-social\/\" class=\"more-link\">Read More<\/a><\/p>\n","protected":false},"author":4,"featured_media":7791,"comment_status":"closed","ping_status":"closed","sticky":false,"template":"","format":"standard","meta":[],"categories":[17],"tags":[463,315,2559,2558,2560,268,271,2557,1505],"_links":{"self":[{"href":"https:\/\/bisbalpenedes.com\/web\/wp-json\/wp\/v2\/posts\/7790"}],"collection":[{"href":"https:\/\/bisbalpenedes.com\/web\/wp-json\/wp\/v2\/posts"}],"about":[{"href":"https:\/\/bisbalpenedes.com\/web\/wp-json\/wp\/v2\/types\/post"}],"author":[{"embeddable":true,"href":"https:\/\/bisbalpenedes.com\/web\/wp-json\/wp\/v2\/users\/4"}],"replies":[{"embeddable":true,"href":"https:\/\/bisbalpenedes.com\/web\/wp-json\/wp\/v2\/comments?post=7790"}],"version-history":[{"count":1,"href":"https:\/\/bisbalpenedes.com\/web\/wp-json\/wp\/v2\/posts\/7790\/revisions"}],"predecessor-version":[{"id":7792,"href":"https:\/\/bisbalpenedes.com\/web\/wp-json\/wp\/v2\/posts\/7790\/revisions\/7792"}],"wp:featuredmedia":[{"embeddable":true,"href":"https:\/\/bisbalpenedes.com\/web\/wp-json\/wp\/v2\/media\/7791"}],"wp:attachment":[{"href":"https:\/\/bisbalpenedes.com\/web\/wp-json\/wp\/v2\/media?parent=7790"}],"wp:term":[{"taxonomy":"category","embeddable":true,"href":"https:\/\/bisbalpenedes.com\/web\/wp-json\/wp\/v2\/categories?post=7790"},{"taxonomy":"post_tag","embeddable":true,"href":"https:\/\/bisbalpenedes.com\/web\/wp-json\/wp\/v2\/tags?post=7790"}],"curies":[{"name":"wp","href":"https:\/\/api.w.org\/{rel}","templated":true}]}}