{"id":7784,"date":"2018-11-13T18:05:53","date_gmt":"2018-11-13T17:05:53","guid":{"rendered":"http:\/\/bisbalpenedes.com\/web\/?p=7784"},"modified":"2018-11-13T18:05:53","modified_gmt":"2018-11-13T17:05:53","slug":"el-dimecres-21-de-novembre-se-sortejara-el-kit-residu-zero-entre-els-participants-a-lenquesta-del-consell-comarcal","status":"publish","type":"post","link":"https:\/\/bisbalpenedes.com\/web\/2018\/11\/13\/el-dimecres-21-de-novembre-se-sortejara-el-kit-residu-zero-entre-els-participants-a-lenquesta-del-consell-comarcal\/","title":{"rendered":"El dimecres 21 de novembre se sortejar\u00e0 el &#8216;kit residu zero&#8217; entre els participants a l&#8217;enquesta del Consell Comarcal"},"content":{"rendered":"<p style=\"text-align: justify;\"><span style=\"color: #000000;\">L\u2019educadora ambiental del Consell Comarcal del Baix Pened\u00e8s, en col\u00b7laboraci\u00f3 amb la Regidoria de Medi Ambient, ha estat col\u00b7locant una parada informativa al mercat tots els dimecres, des del mes d\u2019agost i fins al mes de novembre. Aquest punt d\u2019informaci\u00f3 perseguia l\u2019objectiu de conscienciar els bisbalencs i les bisbalenques sobre reciclatge i s\u2019hi oferia la possibilitat de respondre una enquesta. Totes les persones que han participat en l\u2019enquesta participaran en el sorteig que es dur\u00e0 a terme el pr\u00f2xim dimecres 21 de novembre a les 18h a la Biblioteca p\u00fablica de la Bisbal del Pened\u00e8s. La persona guanyadora obtindr\u00e0 un \u201cKit residu zero\u201d valorat en 50\u20ac que inclou els seg\u00fcents productes:<\/span><\/p>\n<p style=\"padding-left: 30px; text-align: justify;\"><span style=\"color: #000000;\">-Un Boc\u2019n\u2019roll, \u00e9s a dir, un porta entrepans reutilitzable, ajustable, plegable i rentable.<\/span><\/p>\n<p style=\"padding-left: 30px; text-align: justify;\"><span style=\"color: #000000;\">-Una ampolla d\u2019aigua de vidre reutilitzable (400 ml)<\/span><\/p>\n<p style=\"padding-left: 30px; text-align: justify;\"><span style=\"color: #000000;\">-Un raspall de dents de bamb\u00fa lliure de derivats del petroli<\/span><\/p>\n<p style=\"padding-left: 30px; text-align: justify;\"><span style=\"color: #000000;\">-Bossa de tela per comprar el pa de cot\u00f3 org\u00e0nic<\/span><\/p>\n<p style=\"padding-left: 30px; text-align: justify;\"><span style=\"color: #000000;\">-Bee Wrap, un substitut de paper film, reutilitzable<\/span><\/p>\n<p style=\"padding-left: 30px; text-align: justify;\"><span style=\"color: #000000;\">-Una bossa de cot\u00f3 de gasa per comprar fruits secs o llegums a granel<\/span><\/p>\n<p style=\"padding-left: 30px; text-align: justify;\"><span style=\"color: #000000;\">-Pack de 2 palletes per beure d\u2019acer inoxidable (inclouen raspall de neteja)<\/span><\/p>\n<p style=\"padding-left: 30px; text-align: justify;\"><span style=\"color: #000000;\">-Pack de 3 bosses reutilitzables per comprar fruites I verdures a granel<\/span><\/p>\n<p style=\"text-align: justify;\"><span style=\"color: #000000;\">La persona guanyadora ser\u00e0 notificada mitjan\u00e7ant l\u2019aplicatiu Whatsapp, sempre que hagi indicat el seu n\u00famero de tel\u00e8fon. En cas contrari podr\u00e0 ser contactada mitjan\u00e7ant la seva adre\u00e7a i s\u2019acordar\u00e0 amb ella l\u2019entrega del premi.<\/span><\/p>\n<p style=\"text-align: justify;\"><span style=\"color: #000000;\">Per a qualsevol dubte o consulta us podeu adre\u00e7ar a la informadora mediambiental mitjan\u00e7ant el seg\u00fcent correu electr\u00f2nic: <a style=\"color: #000000;\" href=\"mailto:reciclatge.labisbal@gmail.com\">reciclatge.labisbal@gmail.com<\/a><\/span><\/p>\n<hr \/>\n<p style=\"text-align: justify;\"><span style=\"color: #000000;\"><strong>CASTELLANO |<\/strong> La educadora ambiental del Consell Comarcal del Baix Pened\u00e8s, en colaboraci\u00f3n con la Regidoria de Medi Ambient, ha estado colocando una parada informativa en el mercado todos los mi\u00e9rcoles, desde el mes de agosto y hasta el mes de noviembre. Este punto de informaci\u00f3n persegu\u00eda el objetivo de concienciar a los bisbalencs y las bisbalenques sobre reciclaje y se ofrec\u00eda la posibilidad de responder una encuesta. Todas las personas que han participado en la encuesta participar\u00e1n en el sorteo que se llevar\u00e1 a cabo el pr\u00f3ximo mi\u00e9rcoles 21 de noviembre a las 18h en la Biblioteca p\u00fablica de la Bisbal del Pened\u00e8s. La persona ganadora obtendr\u00e1 un &#8220;Kit residu zero&#8221; valorado en 50\u20ac que incluye los siguientes productos:<\/span><\/p>\n<p style=\"text-align: justify; padding-left: 30px;\"><span style=\"color: #000000;\">-Un Boc&#8217;n&#8217;roll, es decir, un &#8220;llevabocadillos&#8221; reutilizable, ajustable, plegable y lavable.<\/span><\/p>\n<p style=\"text-align: justify; padding-left: 30px;\"><span style=\"color: #000000;\">-Una botella de agua de cristal reutilizable (400 ml)<\/span><\/p>\n<p style=\"text-align: justify; padding-left: 30px;\"><span style=\"color: #000000;\">-Un cepillo de dientes de bamb\u00fa libre de derivados del petr\u00f3leo<\/span><\/p>\n<p style=\"text-align: justify; padding-left: 30px;\"><span style=\"color: #000000;\">-Una bolsa de tela para comprar el pan de algod\u00f3n org\u00e1nico<\/span><\/p>\n<p style=\"text-align: justify; padding-left: 30px;\"><span style=\"color: #000000;\">-Bee Wrap, un sustituto del papel film, reutilizable<\/span><\/p>\n<p style=\"text-align: justify; padding-left: 30px;\"><span style=\"color: #000000;\">-Una bolsa de algod\u00f3n de gasa para comprar frutos secos o legumbres a granel<\/span><\/p>\n<p style=\"text-align: justify; padding-left: 30px;\"><span style=\"color: #000000;\">-Pack de 2 ca\u00f1itas para beber de acero inoxidable (incluyen cepillo de limpieza)<\/span><\/p>\n<p style=\"text-align: justify; padding-left: 30px;\"><span style=\"color: #000000;\">-Pack de 3 bolsas reutilizables para comprar frutas y verduras a granel<\/span><\/p>\n<p style=\"text-align: justify;\"><span style=\"color: #000000;\">La persona ganadora ser\u00e1 notificada mediante la aplicaci\u00f3n Whatsapp, siempre que haya indicado su n\u00famero de tel\u00e9fono. En caso contrario podr\u00e1 ser contactada mediante su direcci\u00f3n y se acordar\u00e1 con ella la entrega del premio.<\/span><\/p>\n<p style=\"text-align: justify;\"><span style=\"color: #000000;\">Para cualquier duda o consulta os pod\u00e9is dirigir a la informadora medioambiental mediante el siguiente correo electr\u00f3nico:\u00a0<a style=\"color: #000000;\" href=\"mailto:reciclatge.labisbal@gmail.com\">reciclatge.labisbal@gmail.com<\/a> <\/span><\/p>\n<p style=\"text-align: justify;\"><strong><u><a href=\"http:\/\/bisbalpenedes.com\/web\/wp-content\/uploads\/2018\/11\/KIT-de-RESIDU-ZERO-001.jpg\"><img loading=\"lazy\" class=\"aligncenter size-large wp-image-7787\" src=\"http:\/\/bisbalpenedes.com\/web\/wp-content\/uploads\/2018\/11\/KIT-de-RESIDU-ZERO-001-724x1024.jpg\" alt=\"KIT-de-RESIDU-ZERO-001\" width=\"630\" height=\"891\" srcset=\"https:\/\/bisbalpenedes.com\/web\/wp-content\/uploads\/2018\/11\/KIT-de-RESIDU-ZERO-001-724x1024.jpg 724w, https:\/\/bisbalpenedes.com\/web\/wp-content\/uploads\/2018\/11\/KIT-de-RESIDU-ZERO-001-600x848.jpg 600w, https:\/\/bisbalpenedes.com\/web\/wp-content\/uploads\/2018\/11\/KIT-de-RESIDU-ZERO-001-212x300.jpg 212w, https:\/\/bisbalpenedes.com\/web\/wp-content\/uploads\/2018\/11\/KIT-de-RESIDU-ZERO-001-768x1086.jpg 768w, https:\/\/bisbalpenedes.com\/web\/wp-content\/uploads\/2018\/11\/KIT-de-RESIDU-ZERO-001.jpg 1191w\" sizes=\"(max-width: 630px) 100vw, 630px\" \/><\/a> <a href=\"http:\/\/bisbalpenedes.com\/web\/wp-content\/uploads\/2018\/11\/KIT-de-RESIDU-ZERO-002.jpg\"><img loading=\"lazy\" class=\"aligncenter size-large wp-image-7788\" src=\"http:\/\/bisbalpenedes.com\/web\/wp-content\/uploads\/2018\/11\/KIT-de-RESIDU-ZERO-002-724x1024.jpg\" alt=\"KIT-de-RESIDU-ZERO-002\" width=\"630\" height=\"891\" srcset=\"https:\/\/bisbalpenedes.com\/web\/wp-content\/uploads\/2018\/11\/KIT-de-RESIDU-ZERO-002-724x1024.jpg 724w, https:\/\/bisbalpenedes.com\/web\/wp-content\/uploads\/2018\/11\/KIT-de-RESIDU-ZERO-002-600x848.jpg 600w, https:\/\/bisbalpenedes.com\/web\/wp-content\/uploads\/2018\/11\/KIT-de-RESIDU-ZERO-002-212x300.jpg 212w, https:\/\/bisbalpenedes.com\/web\/wp-content\/uploads\/2018\/11\/KIT-de-RESIDU-ZERO-002-768x1086.jpg 768w, https:\/\/bisbalpenedes.com\/web\/wp-content\/uploads\/2018\/11\/KIT-de-RESIDU-ZERO-002.jpg 1191w\" sizes=\"(max-width: 630px) 100vw, 630px\" \/><\/a><\/u><\/strong><\/p>\n<p>&nbsp;<\/p>\n<p>&nbsp;<\/p>\n<p>&nbsp;<\/p>\n<p><strong>\u00a0<\/strong><\/p>\n<p>&nbsp;<\/p>\n<p>&nbsp;<\/p>\n<p>&nbsp;<\/p>\n","protected":false},"excerpt":{"rendered":"<p>L\u2019educadora ambiental del Consell Comarcal del Baix Pened\u00e8s, en col\u00b7laboraci\u00f3 amb la Regidoria de Medi Ambient, ha estat col\u00b7locant una parada informativa al mercat tots els dimecres, des del mes &hellip; <a href=\"https:\/\/bisbalpenedes.com\/web\/2018\/11\/13\/el-dimecres-21-de-novembre-se-sortejara-el-kit-residu-zero-entre-els-participants-a-lenquesta-del-consell-comarcal\/\" class=\"more-link\">Read More<\/a><\/p>\n","protected":false},"author":4,"featured_media":7787,"comment_status":"closed","ping_status":"closed","sticky":false,"template":"","format":"standard","meta":[],"categories":[32],"tags":[1836,2556,1056,220,627,2555,1182,1925],"_links":{"self":[{"href":"https:\/\/bisbalpenedes.com\/web\/wp-json\/wp\/v2\/posts\/7784"}],"collection":[{"href":"https:\/\/bisbalpenedes.com\/web\/wp-json\/wp\/v2\/posts"}],"about":[{"href":"https:\/\/bisbalpenedes.com\/web\/wp-json\/wp\/v2\/types\/post"}],"author":[{"embeddable":true,"href":"https:\/\/bisbalpenedes.com\/web\/wp-json\/wp\/v2\/users\/4"}],"replies":[{"embeddable":true,"href":"https:\/\/bisbalpenedes.com\/web\/wp-json\/wp\/v2\/comments?post=7784"}],"version-history":[{"count":3,"href":"https:\/\/bisbalpenedes.com\/web\/wp-json\/wp\/v2\/posts\/7784\/revisions"}],"predecessor-version":[{"id":7789,"href":"https:\/\/bisbalpenedes.com\/web\/wp-json\/wp\/v2\/posts\/7784\/revisions\/7789"}],"wp:featuredmedia":[{"embeddable":true,"href":"https:\/\/bisbalpenedes.com\/web\/wp-json\/wp\/v2\/media\/7787"}],"wp:attachment":[{"href":"https:\/\/bisbalpenedes.com\/web\/wp-json\/wp\/v2\/media?parent=7784"}],"wp:term":[{"taxonomy":"category","embeddable":true,"href":"https:\/\/bisbalpenedes.com\/web\/wp-json\/wp\/v2\/categories?post=7784"},{"taxonomy":"post_tag","embeddable":true,"href":"https:\/\/bisbalpenedes.com\/web\/wp-json\/wp\/v2\/tags?post=7784"}],"curies":[{"name":"wp","href":"https:\/\/api.w.org\/{rel}","templated":true}]}}