{"id":7781,"date":"2018-11-13T10:39:45","date_gmt":"2018-11-13T09:39:45","guid":{"rendered":"http:\/\/bisbalpenedes.com\/web\/?p=7781"},"modified":"2018-11-13T10:39:45","modified_gmt":"2018-11-13T09:39:45","slug":"acta-del-tribunal-de-les-proves-de-la-convocatoria-de-6-places-personal-de-neteja","status":"publish","type":"post","link":"https:\/\/bisbalpenedes.com\/web\/2018\/11\/13\/acta-del-tribunal-de-les-proves-de-la-convocatoria-de-6-places-personal-de-neteja\/","title":{"rendered":"Acta del tribunal de les proves de la convocat\u00f2ria de 6 places personal de neteja"},"content":{"rendered":"<p>Acta de la constituci\u00f3 del tribunal de realitzaci\u00f3 de les proves corresponents a la convocat\u00f2ria d&#8217;un proc\u00e9s selectiu mitjan\u00e7ant concurs oposici\u00f3 lliure per a la provisi\u00f3 de sis places de personal de neteja del grup professional (AP) personal laboral en \u00e8gim inter\u00ed a temps parcial<\/p>\n<p>Descarrega l&#8217;acta: <a href=\"http:\/\/bisbalpenedes.com\/web\/wp-content\/uploads\/2018\/11\/20181109_Acta-Tribunal-9_11_2018-Neteja.pdf\">20181109_Acta Tribunal 9_11_2018 Neteja<\/a><\/p>\n","protected":false},"excerpt":{"rendered":"<p>Acta de la constituci\u00f3 del tribunal de realitzaci\u00f3 de les proves corresponents a la convocat\u00f2ria d&#8217;un proc\u00e9s selectiu mitjan\u00e7ant concurs oposici\u00f3 lliure per a la provisi\u00f3 de sis places de &hellip; <a href=\"https:\/\/bisbalpenedes.com\/web\/2018\/11\/13\/acta-del-tribunal-de-les-proves-de-la-convocatoria-de-6-places-personal-de-neteja\/\" class=\"more-link\">Read More<\/a><\/p>\n","protected":false},"author":1,"featured_media":6737,"comment_status":"closed","ping_status":"closed","sticky":false,"template":"","format":"standard","meta":[],"categories":[9],"tags":[111,361,1834],"_links":{"self":[{"href":"https:\/\/bisbalpenedes.com\/web\/wp-json\/wp\/v2\/posts\/7781"}],"collection":[{"href":"https:\/\/bisbalpenedes.com\/web\/wp-json\/wp\/v2\/posts"}],"about":[{"href":"https:\/\/bisbalpenedes.com\/web\/wp-json\/wp\/v2\/types\/post"}],"author":[{"embeddable":true,"href":"https:\/\/bisbalpenedes.com\/web\/wp-json\/wp\/v2\/users\/1"}],"replies":[{"embeddable":true,"href":"https:\/\/bisbalpenedes.com\/web\/wp-json\/wp\/v2\/comments?post=7781"}],"version-history":[{"count":1,"href":"https:\/\/bisbalpenedes.com\/web\/wp-json\/wp\/v2\/posts\/7781\/revisions"}],"predecessor-version":[{"id":7783,"href":"https:\/\/bisbalpenedes.com\/web\/wp-json\/wp\/v2\/posts\/7781\/revisions\/7783"}],"wp:featuredmedia":[{"embeddable":true,"href":"https:\/\/bisbalpenedes.com\/web\/wp-json\/wp\/v2\/media\/6737"}],"wp:attachment":[{"href":"https:\/\/bisbalpenedes.com\/web\/wp-json\/wp\/v2\/media?parent=7781"}],"wp:term":[{"taxonomy":"category","embeddable":true,"href":"https:\/\/bisbalpenedes.com\/web\/wp-json\/wp\/v2\/categories?post=7781"},{"taxonomy":"post_tag","embeddable":true,"href":"https:\/\/bisbalpenedes.com\/web\/wp-json\/wp\/v2\/tags?post=7781"}],"curies":[{"name":"wp","href":"https:\/\/api.w.org\/{rel}","templated":true}]}}