{"id":7771,"date":"2018-11-12T19:40:03","date_gmt":"2018-11-12T18:40:03","guid":{"rendered":"http:\/\/bisbalpenedes.com\/web\/?p=7771"},"modified":"2018-11-12T19:58:49","modified_gmt":"2018-11-12T18:58:49","slug":"lajuntament-de-la-bisbal-del-penedes-ha-signat-un-conveni-de-collaboracio-amb-lobra-social-la-caixa","status":"publish","type":"post","link":"https:\/\/bisbalpenedes.com\/web\/2018\/11\/12\/lajuntament-de-la-bisbal-del-penedes-ha-signat-un-conveni-de-collaboracio-amb-lobra-social-la-caixa\/","title":{"rendered":"L&#8217;Ajuntament de la Bisbal del Pened\u00e8s ha signat un conveni de col\u00b7laboraci\u00f3 amb l&#8217;Obra Social &#8216;La Caixa&#8217;"},"content":{"rendered":"<figure id=\"attachment_7773\" aria-describedby=\"caption-attachment-7773\" style=\"width: 630px\" class=\"wp-caption aligncenter\"><a href=\"http:\/\/bisbalpenedes.com\/web\/wp-content\/uploads\/2018\/11\/IMG_8202.jpg\"><img loading=\"lazy\" class=\"wp-image-7773 size-large\" src=\"http:\/\/bisbalpenedes.com\/web\/wp-content\/uploads\/2018\/11\/IMG_8202-1024x683.jpg\" alt=\"SIGNATURA_CONVENI_LA_CAIXA\" width=\"630\" height=\"420\" srcset=\"https:\/\/bisbalpenedes.com\/web\/wp-content\/uploads\/2018\/11\/IMG_8202-1024x683.jpg 1024w, https:\/\/bisbalpenedes.com\/web\/wp-content\/uploads\/2018\/11\/IMG_8202-600x400.jpg 600w, https:\/\/bisbalpenedes.com\/web\/wp-content\/uploads\/2018\/11\/IMG_8202-300x200.jpg 300w, https:\/\/bisbalpenedes.com\/web\/wp-content\/uploads\/2018\/11\/IMG_8202-768x512.jpg 768w\" sizes=\"(max-width: 630px) 100vw, 630px\" \/><\/a><figcaption id=\"caption-attachment-7773\" class=\"wp-caption-text\"><span style=\"color: #000000;\">D&#8217;esquerra a dreta: Alexis Gomez, director de banca d&#8217;Institucions (CaixaBank); Agn\u00e8s Ferr\u00e9, alcaldessa de la Bisbal del Pened\u00e8s; Cristina Parra (CaixaBank); Judit Vidal, regidora de Gent Gran; Leo Uceda, regidora de Joventut i Ensenyament; Feliu Gil, regidor de Benestar Social.<\/span><\/figcaption><\/figure>\n<h3 style=\"text-align: justify;\"><span style=\"color: #000000;\"><strong>Les Regidories de la Gent Gran, Benestar Social, Ensenyament i Joventut destinaran l\u2019import del conveni a projectes socials adre\u00e7ats a adolescents en situaci\u00f3 de risc, fam\u00edlies econ\u00f2micament desafavorides i al col\u00b7lectiu de la gent gran<\/strong><\/span><\/h3>\n<p style=\"text-align: justify;\"><span style=\"color: #000000;\">L\u2019Obra Social \u201cla Caixa\u201d destina 1.450\u20ac als projectes socials que du a terme l\u2019Ajuntament de la Bisbal del Pened\u00e8s. Amb aquest import, les Regidories de Gent Gran, Benestar Social, Ensenyament i Joventut duran a terme diverses iniciatives que persegueixen fomentar l\u2019acompanyament socioeducatiu dels adolescents que es troben en situaci\u00f3 de risc, ampliar els serveis de lleure adre\u00e7ats a la gent gran i ajudar les fam\u00edlies econ\u00f2micament desafavorides. Tot i que l\u2019Ajuntament de la Bisbal assumeix els costos econ\u00f2mics i de personal d\u2019aquests serveis i iniciatives, compta amb el suport econ\u00f2mic de l\u2019Obra Social \u201cla Caixa\u201d per poder-los refor\u00e7ar i implementar.<\/span><\/p>\n<p style=\"text-align: justify;\"><span style=\"color: #000000;\">El passat dimecres 7 de novembre es va signar un conveni amb l\u2019Obra Social \u201cla Caixa\u201d per un import de 1.450\u20ac que l\u2019Ajuntament de la Bisbal destinar\u00e0 als seg\u00fcents projectes:<\/span><\/p>\n<p style=\"text-align: justify;\"><span style=\"color: #000000;\"><strong>UN NADAL PER A TOTHOM<\/strong><\/span><\/p>\n<p style=\"text-align: justify;\"><span style=\"color: #000000;\">Enguany les regidories de la Gent Gran, Benestar Social i Ensenyament duran a terme una campanya amb la finalitat que tota la poblaci\u00f3 pugui gaudir de les festes nadalenques. Per aquest motiu, dur\u00e0 a terme diverses accions adre\u00e7ades als seg\u00fcents col\u00b7lectius:<\/span><\/p>\n<p style=\"text-align: justify;\"><span style=\"color: #000000;\"><strong>-Usuaris del servei \u2018Bon dia\u2019:<\/strong> Pels volts de les festes de Nadal, l\u2019Ajuntament organitzar\u00e0 un berenar perqu\u00e8 els usuaris i les volunt\u00e0ries del servei comparteixin una tarda i rebin un obsequi per part de l\u2019Ajuntament. El \u2018Bon dia\u2019 \u00e9s un servei de la Regidoria de la Gent Gran que consisteix en trucar per tel\u00e8fon, di\u00e0riament, a les persones majors de 65 anys que viuen soles, o en parella, al municipi. Les persones encarregades de fer aquesta trucada s\u00f3n volunt\u00e0ries i el projecte persegueix diversos objectius: comprovar que les persones es troben b\u00e9 de salut, ajudar els usuaris amb els problemes, dubtes o consultes quotidians que es puguin trobar i\u00a0 evitar que se sentin soles. <strong>L\u2019Ajuntament destinar\u00e0 200\u20ac a aquest projecte.<\/strong><\/span><\/p>\n<p style=\"text-align: justify;\"><span style=\"color: #000000;\"><strong>-Infants i joves de 0 a 15 anys, contemplats als Serveis Socials:<\/strong> Les fam\u00edlies que estiguin donades d\u2019alta als Serveis Socials del Consell Comarcal del Baix Pened\u00e8s podran decidir si, durant la nit de Reis, voldran recollir un regal en alguns dels locals de la Bisbal o voldran que se\u2019ls entregui a casa. <strong>L\u2019Ajuntament destinar\u00e0 250\u20ac a aquesta iniciativa.<\/strong><\/span><\/p>\n<p style=\"text-align: justify;\"><span style=\"color: #000000;\"><strong>-Persones grans que viuen soles:<\/strong> les persones grans que viuen soles, o en parella, rebran una visita dels usuaris de la Cova Jove, que els acompanyaran durant una tarda i que, a m\u00e9s, els hi faran un regal. Aquesta acci\u00f3 es dur\u00e0 a terme la setmana abans de Nadal i <strong>s\u2019hi destinar\u00e0 la quantitat de 300\u20ac.<\/strong><\/span><\/p>\n<p style=\"text-align: justify;\"><span style=\"color: #000000;\"><strong>AMPLIACI\u00d3 DEL PROJECTE DE LA COVA JOVE<\/strong><\/span><\/p>\n<p style=\"text-align: justify;\"><span style=\"color: #000000;\">L\u2019Ajuntament de la Bisbal del Pened\u00e8s ha ampliat el servei de la Cova Jove per poder oferir el \u00a0servei d\u2019<strong>acompanyament socioeducatiu als adolescents en situaci\u00f3 de risc <\/strong>que presta l\u2019\u00c0rea d\u2019Acci\u00f3 Social del Consell Comarcal del Baix Pened\u00e8s. Amb la finalitat d\u2019adquirir nou <strong>material de suport<\/strong> per a aquests joves (jocs de taula educatius, material did\u00e0ctic i llibres), <strong>l\u2019Ajuntament \u00a0destinar\u00e0 300\u20ac del conveni amb l\u2019Obra Social \u201cla Caixa\u201d.<\/strong><\/span><\/p>\n<p style=\"text-align: justify;\"><span style=\"color: #000000;\">Des de l\u2019\u00c0rea d\u2019Acci\u00f3 Social del Consell Comarcal del Baix Pened\u00e8s s\u2019ha creat el servei d\u2019acompanyament socioeducatiu per adolescents en situaci\u00f3 de risc i l\u2019Ajuntament de la Bisbal forma part d\u2019aquest projecte que est\u00e0 regulat pel Contracte-Programa 2016-2019 del Departament de Treball, Afers Socials i Fam\u00edlies i el Consell Comarcal del Baix Pened\u00e8s que es finan\u00e7a des d\u2019aquest departament i des dels Ajuntaments que hi participen. Aquest servei s\u2019ofereix a les tardes, de dilluns a divendres, a medi obert i a la Cova Jove i, de moment, est\u00e0 previst que s\u2019ofereixi fins al desembre de 2019. El cost total per a l\u2019Ajuntament \u00e9s de 11.500\u20ac (des del mes d\u2019octubre de 2018 fins al mes de desembre de 2019), que \u00e9s el cost que comporta comptar amb l\u2019educador.<\/span><\/p>\n<p style=\"text-align: justify;\"><span style=\"color: #000000;\">La Cova Jove va obrir les seves portes el 23 de mar\u00e7 de 2018 i \u00e9s un espai obert on el jovent pot gaudir d\u2019activitats d\u2019oci i tallers. A m\u00e9s, hi pot trobar informaci\u00f3 sobre orientaci\u00f3 acad\u00e8mica, emancipaci\u00f3 i lleure, entre altres. L\u2019espai, que estava contemplat en el Pla Local de Joventut 2016\/2019, est\u00e0 ubicat al CMC (Centre Municipal de Cultura) i pret\u00e9n convertir-se en un lloc de refer\u00e8ncia per als joves de 12 a 35 anys de la vila.<\/span><\/p>\n<p style=\"text-align: justify;\"><span style=\"color: #000000;\"><strong>EL RAC\u00d3 DE LA GENT GRAN<\/strong><\/span><\/p>\n<p style=\"text-align: justify;\"><span style=\"color: #000000;\">L\u2019Ajuntament de la Bisbal del Pened\u00e8s ha inaugurat el Rac\u00f3 de la Gent Gran aquest mes d\u2019octubre amb la finalitat d\u2019esdevenir un punt de trobada per als majors de 65 anys i millorar la cohesi\u00f3 i la sociabilitat d\u2019aquest col\u00b7lectiu. L\u2019espai, que est\u00e0 ubicat a l\u2019Era de batre, ofereix activitats diverses de dilluns a divendres. S\u2019hi poden fer des d\u2019activitats de lleure, gimn\u00e0stica, tallers de mem\u00f2ria i benestar emocional, jocs o activitats per lliure, compta amb una dinamitzadora durant les tardes i, a m\u00e9s, acull la seu de l\u2019Associaci\u00f3 de la Gent Gran de la Bisbal del Pened\u00e8s.<\/span><\/p>\n<p style=\"text-align: justify;\"><span style=\"color: #000000;\">La Regidoria de la Gent Gran ha anat introduint millores, sempre en comunicaci\u00f3 amb els usuaris, amb la finalitat que les persones grans s\u2019hi trobin a gust i puguin dur a terme aquelles activitats amb qu\u00e8 es troben m\u00e9s c\u00f2modes. La Regidoria de la Gent Gran ha decidit destinar <strong>400\u20ac<\/strong> a aquest espai amb la finalitat <strong>d\u2019equipari-lo amb jocs de taula, llibres i material destinat a la gent gran.<\/strong><\/span><\/p>\n<hr \/>\n<figure id=\"attachment_7773\" aria-describedby=\"caption-attachment-7773\" style=\"width: 630px\" class=\"wp-caption aligncenter\"><a href=\"http:\/\/bisbalpenedes.com\/web\/wp-content\/uploads\/2018\/11\/IMG_8202.jpg\"><img loading=\"lazy\" class=\"wp-image-7773 size-large\" src=\"http:\/\/bisbalpenedes.com\/web\/wp-content\/uploads\/2018\/11\/IMG_8202-1024x683.jpg\" alt=\"SIGNATURA_CONVENI_LA_CAIXA\" width=\"630\" height=\"420\" srcset=\"https:\/\/bisbalpenedes.com\/web\/wp-content\/uploads\/2018\/11\/IMG_8202-1024x683.jpg 1024w, https:\/\/bisbalpenedes.com\/web\/wp-content\/uploads\/2018\/11\/IMG_8202-600x400.jpg 600w, https:\/\/bisbalpenedes.com\/web\/wp-content\/uploads\/2018\/11\/IMG_8202-300x200.jpg 300w, https:\/\/bisbalpenedes.com\/web\/wp-content\/uploads\/2018\/11\/IMG_8202-768x512.jpg 768w\" sizes=\"(max-width: 630px) 100vw, 630px\" \/><\/a><figcaption id=\"caption-attachment-7773\" class=\"wp-caption-text\">De izquierda a derecha: Alexis Gomez, director de banca d&#8217;Institucions (CaixaBank); Agn\u00e8s Ferr\u00e9, alcaldesa de la Bisbal del Pened\u00e8s; Cristina Parra (CaixaBank); Judit Vidal, regidora de Gent Gran; Leo Uceda, regidora de Joventut y Ensenyament; Feliu Gil, regidor de Benestar Social.<\/figcaption><\/figure>\n<h3 style=\"text-align: justify;\"><strong><span style=\"color: #000000;\">CASTELLANO | Las Concejal\u00edas\u00a0de la Gent Gran, Benestar Social, Ensenyament y Joventut destinaran el importe del convenio a proyectos sociales dirigidos a adolescentes en situaci\u00f3n de riesgo, familias econ\u00f3micamente desfavorecidas y al colectivo de la gente mayor.\u00a0<\/span><\/strong><\/h3>\n<p style=\"text-align: justify;\"><span style=\"color: #000000;\">La Obra Social &#8220;la Caixa&#8221; destina 1.450\u20ac a los proyectos sociales que lleva a cabo el Ayuntamiento de la Bisbal del Pened\u00e8s. Con este importe, las regidories de la Gent Gran, Benestar Social, Ensenyament y Joventut llevar\u00e1n a cabo varias iniciativas que persiguen fomentar el acompa\u00f1amiento socioeducativo de los adolescentes que se encuentran en situaci\u00f3n de riesgo, ampliar los servicios de ocio dirigidos a la gente mayor y ayudar a las familias econ\u00f3micamente desfavorecidas. Aunque el Ayuntamiento de la Bisbal asume los costes econ\u00f3micos y de personal de estos servicios e iniciativas, cuenta con el soporte econ\u00f3mico de la Obra Social &#8220;la Caixa&#8221; para poderlos reforzar e implementar.<\/span><\/p>\n<p style=\"text-align: justify;\"><span style=\"color: #000000;\">El pasado mi\u00e9rcoles 7 de noviembre se firm\u00f3 un convenio con la Obra Social &#8220;la Caixa&#8221; por un importe de 1.450\u20ac que el Ayuntamiento de la Bisbal destinar\u00e1 a los siguientes proyectos:<\/span><\/p>\n<p style=\"text-align: justify;\"><strong><span style=\"color: #000000;\">UN NADAL PER A TOTHOM<\/span><\/strong><\/p>\n<p style=\"text-align: justify;\"><span style=\"color: #000000;\">Este a\u00f1o las regidories de la Gent Gran, Benestar Social y Ensenyament llevar\u00e1n a cabo una campa\u00f1a con la finalidad de que toda la poblaci\u00f3n pueda disfrutar de las fiestas navide\u00f1as. Por este motivo, llevar\u00e1 a cabo varias acciones dirigidas a los siguientes colectivos:<\/span><\/p>\n<p style=\"text-align: justify; padding-left: 30px;\"><span style=\"color: #000000;\"><strong>-Usuarios del servicio &#8220;Bon dia&#8221;:<\/strong> hacia los alrededores de las fiestas de Navidad, el Ayuntamiento organizar\u00e1 una merienda para que los usuarios y las voluntarias del servicio compartan la tarde y reciban un obsequio por parte del Ayuntamiento. El &#8216;Bon dia&#8217; es un servicio de la Regidoria de la Gent Gran que consiste en llamar por tel\u00e9fono, diariamente, a las personas mayores de 65 a\u00f1os que viven solas, o en pareja, en el municipio. Las personas encargadas de hacer esta llamada son voluntarias y el proyecto persigue varios objetivos: comprobar que las personas se encuentran bien de salud, ayudar a los usuarios con sus problemas, dudas o consultas cotidianas que se puedan encontrar y evitar que se sientan solas. <strong>El Ayuntamiento destinar\u00e1 200\u20ac a este proyecto.<\/strong><\/span><\/p>\n<p style=\"text-align: justify; padding-left: 30px;\"><span style=\"color: #000000;\"><strong>-Ni\u00f1os y j\u00f3venes de 0 a 15 a\u00f1os, contemplados por Servicios Sociales:<\/strong> Las familias que est\u00e9n dadas de alta en los Servicios Sociales del Consell Comarcal del Baix Pened\u00e8s podr\u00e1n decidir si, durante la noche de reyes, querr\u00e1n recoger un regalo en algunos de los locales de la Bisbal o querr\u00e1n que se les entregue en casa. <strong>El Ayuntamiento destinar\u00e1 250\u20ac a esta iniciativa.<\/strong><\/span><\/p>\n<p style=\"text-align: justify; padding-left: 30px;\"><span style=\"color: #000000;\"><strong>-Personas mayores que viven solas:<\/strong> las personas mayores que viven solas, o en pareja, recibir\u00e1n una visita de los usuarios de la Cova Jove, que les acompa\u00f1ar\u00e1n durante toda la tarde y que, adem\u00e1s, les har\u00e1n un regalo. Esta acci\u00f3n se llevar\u00e1 a cabo la semana antes de Navidad y <strong>se destinar\u00e1n 300\u20ac.<\/strong><\/span><\/p>\n<p style=\"text-align: justify;\"><strong><span style=\"color: #000000;\">AMPLIACI\u00d3N DEL PROYECTO DE LA COVA JOVE<\/span><\/strong><\/p>\n<p style=\"text-align: justify;\"><span style=\"color: #000000;\">El Ayuntamiento de la Bisbal del Pened\u00e8s ha ampliado el servicio de la Cova Jove para poder ofrecer el servicio de <strong>acompa\u00f1amiento socioeducativo a los adolescentes en situaci\u00f3n de riesgo<\/strong> que presta el \u00c1rea de Acci\u00f3n Social del Consell Comarcal del Baix Pened\u00e8s. Con la finalidad de adquirir nuevo <strong>material de soporte<\/strong> para estos j\u00f3venes (juegos de mesa educativos, material did\u00e1ctico y libros), el Ayuntamiento destinar\u00e1 300\u20ac del convenio con la Obra Social &#8220;la Caixa&#8221;.<\/span><\/p>\n<p style=\"text-align: justify;\"><span style=\"color: #000000;\">Desde el \u00c1rea de Acci\u00f3 Social del Consell Comarcal del Baix Pened\u00e8s se ha creado el servicio de acompa\u00f1amiento socioeducativo para adolescentes en situaci\u00f3n de riesgo y el Ayuntamiento de la Bisbal forma parte de este proyecto que est\u00e1 regulado por el Contrato-Programa 2016-2019 del Departament de Treball, Afers Socials i Fam\u00edlies y el Consell Comarcal del Baix Pened\u00e8s que se financia desde este departamento y desde los Ayuntamientos que participan en \u00e9l. Este servicio se ofrece por las tardes, de lunes a viernes, a medio abierto y en la Cova Jove y, de momento, est\u00e1 previsto que se ofrezca hasta el mes de diciembre del 2019. El coste total para el Ayuntamiento es de 11.500\u20ac (desde el mes de octubre del 2018 hasta el mes de diciembre del 2019), que es el coste que comporta contar con el educador.<\/span><\/p>\n<p style=\"text-align: justify;\"><span style=\"color: #000000;\">La Cova Jove abri\u00f3 sus puertas el 23 de marzo del 2018 y es un espacio abierto donde la juventud puede disfrutar de actividades de ocio y talleres. Adem\u00e1s, se puede encontrar informaci\u00f3n sobre orientaci\u00f3n acad\u00e9mica, emancipaci\u00f3n y ocio, entre otras. El espacio, que estaba contemplado en el Plan Local de Joventut 2016-2019, est\u00e1 ubicado en el CMC (Centre Municipal de Cultura) y pretende convertirse en un lugar de referencia para los j\u00f3venes de 12 a 35 a\u00f1os del municipio.<\/span><\/p>\n<p style=\"text-align: justify;\"><strong><span style=\"color: #000000;\">EL RAC\u00d3 DE LA GENT GRAN<\/span><\/strong><\/p>\n<p style=\"text-align: justify;\"><span style=\"color: #000000;\">El Ayuntamiento de la Bisbal del Pened\u00e8s ha inaugurado el Rac\u00f3 de la Gent Gran este mes de octubre con la finalidad de que se convierta en un punto de encuentro para los mayores de 65 a\u00f1os y para mejorar la cohesi\u00f3n y la sociabilidad de este colectivo. El espacio, que est\u00e1 ubicado en la Era de batre, ofrece actividades varias de lunes a viernes. Se pueden hacer desde actividades de ocio, gimnasia, talleres de memoria y bienestar emocional, juegos o actividades por libre, cuenta con una dinamizadora por las tardes y, adem\u00e1s, acoge la sede de la Associaci\u00f3 de la Gent Gran de la Bisbal del Pened\u00e8s.<\/span><\/p>\n<p style=\"text-align: justify;\"><span style=\"color: #000000;\">La Regidoria de la Gent Gran ha ido introduciendo mejoras, siempre en comunicaci\u00f3n con los usuarios, con la finalidad de que las personas mayores se encuentren a gusto y puedan llevar a cabo aquellas actividades con las que se encuentren m\u00e1s c\u00f3modos. La Regidoria de la Gent Gran ha decidido destinar <strong>400\u20ac<\/strong> a este espacio con la finalidad de <strong>equiparlo con juegos de mesa, libros y material destinado a la gente mayor.<\/strong><\/span><\/p>\n","protected":false},"excerpt":{"rendered":"<p>Les Regidories de la Gent Gran, Benestar Social, Ensenyament i Joventut destinaran l\u2019import del conveni a projectes socials adre\u00e7ats a adolescents en situaci\u00f3 de risc, fam\u00edlies econ\u00f2micament desafavorides i al &hellip; <a href=\"https:\/\/bisbalpenedes.com\/web\/2018\/11\/12\/lajuntament-de-la-bisbal-del-penedes-ha-signat-un-conveni-de-collaboracio-amb-lobra-social-la-caixa\/\" class=\"more-link\">Read More<\/a><\/p>\n","protected":false},"author":4,"featured_media":7773,"comment_status":"closed","ping_status":"closed","sticky":false,"template":"","format":"standard","meta":[],"categories":[8,17],"tags":[2399,1017,305,181,505,1509,95,2553,1894,268,2554],"_links":{"self":[{"href":"https:\/\/bisbalpenedes.com\/web\/wp-json\/wp\/v2\/posts\/7771"}],"collection":[{"href":"https:\/\/bisbalpenedes.com\/web\/wp-json\/wp\/v2\/posts"}],"about":[{"href":"https:\/\/bisbalpenedes.com\/web\/wp-json\/wp\/v2\/types\/post"}],"author":[{"embeddable":true,"href":"https:\/\/bisbalpenedes.com\/web\/wp-json\/wp\/v2\/users\/4"}],"replies":[{"embeddable":true,"href":"https:\/\/bisbalpenedes.com\/web\/wp-json\/wp\/v2\/comments?post=7771"}],"version-history":[{"count":7,"href":"https:\/\/bisbalpenedes.com\/web\/wp-json\/wp\/v2\/posts\/7771\/revisions"}],"predecessor-version":[{"id":7779,"href":"https:\/\/bisbalpenedes.com\/web\/wp-json\/wp\/v2\/posts\/7771\/revisions\/7779"}],"wp:featuredmedia":[{"embeddable":true,"href":"https:\/\/bisbalpenedes.com\/web\/wp-json\/wp\/v2\/media\/7773"}],"wp:attachment":[{"href":"https:\/\/bisbalpenedes.com\/web\/wp-json\/wp\/v2\/media?parent=7771"}],"wp:term":[{"taxonomy":"category","embeddable":true,"href":"https:\/\/bisbalpenedes.com\/web\/wp-json\/wp\/v2\/categories?post=7771"},{"taxonomy":"post_tag","embeddable":true,"href":"https:\/\/bisbalpenedes.com\/web\/wp-json\/wp\/v2\/tags?post=7771"}],"curies":[{"name":"wp","href":"https:\/\/api.w.org\/{rel}","templated":true}]}}