{"id":7764,"date":"2018-11-10T10:56:58","date_gmt":"2018-11-10T09:56:58","guid":{"rendered":"http:\/\/bisbalpenedes.com\/web\/?p=7764"},"modified":"2018-11-10T10:56:58","modified_gmt":"2018-11-10T09:56:58","slug":"la-regidoria-docupacio-ha-signat-un-conveni-de-formacio-ocupacional-amb-ugt-catalunya","status":"publish","type":"post","link":"https:\/\/bisbalpenedes.com\/web\/2018\/11\/10\/la-regidoria-docupacio-ha-signat-un-conveni-de-formacio-ocupacional-amb-ugt-catalunya\/","title":{"rendered":"La Regidoria d&#8217;Ocupaci\u00f3 ha signat un conveni de formaci\u00f3 ocupacional amb UGT Catalunya"},"content":{"rendered":"<figure id=\"attachment_7765\" aria-describedby=\"caption-attachment-7765\" style=\"width: 630px\" class=\"wp-caption aligncenter\"><a href=\"http:\/\/bisbalpenedes.com\/web\/wp-content\/uploads\/2018\/11\/CONVENI-UGT-1.jpg\"><img loading=\"lazy\" class=\"wp-image-7765 size-large\" src=\"http:\/\/bisbalpenedes.com\/web\/wp-content\/uploads\/2018\/11\/CONVENI-UGT-1-1024x768.jpg\" alt=\"CONVENI UGT 1\" width=\"630\" height=\"473\" srcset=\"https:\/\/bisbalpenedes.com\/web\/wp-content\/uploads\/2018\/11\/CONVENI-UGT-1-1024x768.jpg 1024w, https:\/\/bisbalpenedes.com\/web\/wp-content\/uploads\/2018\/11\/CONVENI-UGT-1-600x450.jpg 600w, https:\/\/bisbalpenedes.com\/web\/wp-content\/uploads\/2018\/11\/CONVENI-UGT-1-300x225.jpg 300w, https:\/\/bisbalpenedes.com\/web\/wp-content\/uploads\/2018\/11\/CONVENI-UGT-1-768x576.jpg 768w, https:\/\/bisbalpenedes.com\/web\/wp-content\/uploads\/2018\/11\/CONVENI-UGT-1.jpg 1599w\" sizes=\"(max-width: 630px) 100vw, 630px\" \/><\/a><figcaption id=\"caption-attachment-7765\" class=\"wp-caption-text\">D&#8217;esquerra a dreta: Mar V\u00e1zquez, delegada territorial de la UGT al Baix Pened\u00e8s; Agn\u00e8s Ferr\u00e9, alcaldessa de la Bisbal i regidora d&#8217;Ocupaci\u00f3; Joan Llort Vall\u00e8s, secretari general de la UGT a Tarragona.<\/figcaption><\/figure>\n<p style=\"text-align: justify;\"><span style=\"color: #000000;\">Aquest divendres 9 de novembre s\u2019ha signat un conveni de formaci\u00f3 ocupacional amb UGT Catalunya, entitat impulsora de formacions i orientacions per a desocupats i tamb\u00e9 dedicada a la formaci\u00f3 de treballadors i treballadores p\u00fabliques. A la signatura amb l\u2019alcaldessa i regidora d&#8217;Ocupaci\u00f3, Agn\u00e8s Ferr\u00e9, hi han assistit el secretari general de la UGT Tarragona, Joan Llort Vall\u00e8s; i la delegada territorial de la UGT al Baix Pened\u00e8s, Mar V\u00e1zquez. El conveni inclou un curs de correu electr\u00f2nic, dues sessions de 3 hores de les Jornades sobre drets i deures dels treballadors (adre\u00e7ada als treballadors municipals) i un curs formatiu de coach\/intel\u00b7lig\u00e8ncia emocional (tamb\u00e9 adre\u00e7at als treballadors municipals) que es far\u00e0 durant el primer trimestre del 2019. A m\u00e9s, s\u2019ha creat una comissi\u00f3 de seguiment formada per representants de l\u2019Ajuntament i de la UGT de Tarragona que es reuneixen a l\u2019inici i al final de les c\u00e0psules formatives amb la voluntat d\u2019avaluar els resultats de la implantaci\u00f3 i d\u2019estudiar propostes o iniciatives que es puguin desenvolupar a l\u2019Ajuntament. El cost total de les activitats que deriven del conveni per a l\u2019Ajuntament \u00e9s de 577,76\u20ac.<\/span><\/p>\n<hr \/>\n<p style=\"text-align: justify;\"><span style=\"color: #000000;\"><strong>CASTELLANO |<\/strong> Este viernes 9 de noviembre se ha firmado un convenio de formaci\u00f3n ocupacional con UGT Catalunya, entidad impulsora de formaciones y orientaciones para desocupados y tambi\u00e9n dedicada a la formaci\u00f3n de trabajadores y trabajadoras p\u00fablicas. A la firma con la alcaldesa i regidora de Ocupaci\u00f3, Agn\u00e8s Ferr\u00e9, han asistido el secretario general de la UGT Tarragona, Joan Llort Vall\u00e8s; y la delegada territorial de la UGT en el Baix Pened\u00e8s, Mar V\u00e1zquez. El convenio incluye un curso de correo electr\u00f3nico, dos sesiones de 3 horas de las\u00a0 jornadas sobre derechos y deberes de los trabajadores (dirigida a los trabajadores municipales) y un curso formativo de coach\/inteligencia emocional (tambi\u00e9n dirigido a los trabajadores municipales) que se har\u00e1 durante el primer trimestre del 2019. Adem\u00e1s, se ha creado una comisi\u00f3n de seguimiento formada por representantes del Ayuntamiento y de la UGT de Tarragona que se re\u00fanen al inicio y al final de las c\u00e1psulas formativas con la voluntad de evaluar los resultados de la implantaci\u00f3n y de estudiar las propuestas o iniciativas que se puedan desarrollar en el Ayuntamiento. El coste total de las actividades que derivan del convenio para el Ayuntamiento es de 577,76\u20ac.<\/span><\/p>\n","protected":false},"excerpt":{"rendered":"<p>Aquest divendres 9 de novembre s\u2019ha signat un conveni de formaci\u00f3 ocupacional amb UGT Catalunya, entitat impulsora de formacions i orientacions per a desocupats i tamb\u00e9 dedicada a la formaci\u00f3 &hellip; <a href=\"https:\/\/bisbalpenedes.com\/web\/2018\/11\/10\/la-regidoria-docupacio-ha-signat-un-conveni-de-formacio-ocupacional-amb-ugt-catalunya\/\" class=\"more-link\">Read More<\/a><\/p>\n","protected":false},"author":4,"featured_media":7765,"comment_status":"closed","ping_status":"closed","sticky":false,"template":"","format":"standard","meta":[],"categories":[9],"tags":[2415,440,2296,12,2549,2414,1854,271,2548,1159,2547,2413],"_links":{"self":[{"href":"https:\/\/bisbalpenedes.com\/web\/wp-json\/wp\/v2\/posts\/7764"}],"collection":[{"href":"https:\/\/bisbalpenedes.com\/web\/wp-json\/wp\/v2\/posts"}],"about":[{"href":"https:\/\/bisbalpenedes.com\/web\/wp-json\/wp\/v2\/types\/post"}],"author":[{"embeddable":true,"href":"https:\/\/bisbalpenedes.com\/web\/wp-json\/wp\/v2\/users\/4"}],"replies":[{"embeddable":true,"href":"https:\/\/bisbalpenedes.com\/web\/wp-json\/wp\/v2\/comments?post=7764"}],"version-history":[{"count":1,"href":"https:\/\/bisbalpenedes.com\/web\/wp-json\/wp\/v2\/posts\/7764\/revisions"}],"predecessor-version":[{"id":7766,"href":"https:\/\/bisbalpenedes.com\/web\/wp-json\/wp\/v2\/posts\/7764\/revisions\/7766"}],"wp:featuredmedia":[{"embeddable":true,"href":"https:\/\/bisbalpenedes.com\/web\/wp-json\/wp\/v2\/media\/7765"}],"wp:attachment":[{"href":"https:\/\/bisbalpenedes.com\/web\/wp-json\/wp\/v2\/media?parent=7764"}],"wp:term":[{"taxonomy":"category","embeddable":true,"href":"https:\/\/bisbalpenedes.com\/web\/wp-json\/wp\/v2\/categories?post=7764"},{"taxonomy":"post_tag","embeddable":true,"href":"https:\/\/bisbalpenedes.com\/web\/wp-json\/wp\/v2\/tags?post=7764"}],"curies":[{"name":"wp","href":"https:\/\/api.w.org\/{rel}","templated":true}]}}