{"id":7758,"date":"2018-11-09T12:39:06","date_gmt":"2018-11-09T11:39:06","guid":{"rendered":"http:\/\/bisbalpenedes.com\/web\/?p=7758"},"modified":"2018-11-20T21:03:47","modified_gmt":"2018-11-20T20:03:47","slug":"el-proxim-dissabte-24-de-novembre-a-les-19h-podreu-veure-el-documental-petitet-al-cmc","status":"publish","type":"post","link":"https:\/\/bisbalpenedes.com\/web\/2018\/11\/09\/el-proxim-dissabte-24-de-novembre-a-les-19h-podreu-veure-el-documental-petitet-al-cmc\/","title":{"rendered":"El pr\u00f2xim dissabte 24 de novembre a les 18h podreu veure el documental &#8216;Petitet&#8217; al CMC"},"content":{"rendered":"<p><span style=\"color: #000000;\">El pr\u00f2xim dissabte 24 de novembre, a les 18h, podreu veure\u00a0el documental &#8216;Petitet&#8217; del Cicle Gaud\u00ed al CMC.<\/span><\/p>\n<p><a href=\"http:\/\/bisbalpenedes.com\/web\/wp-content\/uploads\/2018\/02\/A3_PETITET_LA_BISBAL_PENEDES-18H.jpg\"><img loading=\"lazy\" class=\"aligncenter size-medium wp-image-7861\" src=\"http:\/\/bisbalpenedes.com\/web\/wp-content\/uploads\/2018\/02\/A3_PETITET_LA_BISBAL_PENEDES-18H-212x300.jpg\" alt=\"A3_PETITET_LA_BISBAL_PENEDES 18H\" width=\"212\" height=\"300\" srcset=\"https:\/\/bisbalpenedes.com\/web\/wp-content\/uploads\/2018\/02\/A3_PETITET_LA_BISBAL_PENEDES-18H-212x300.jpg 212w, https:\/\/bisbalpenedes.com\/web\/wp-content\/uploads\/2018\/02\/A3_PETITET_LA_BISBAL_PENEDES-18H-600x849.jpg 600w, https:\/\/bisbalpenedes.com\/web\/wp-content\/uploads\/2018\/02\/A3_PETITET_LA_BISBAL_PENEDES-18H-768x1087.jpg 768w, https:\/\/bisbalpenedes.com\/web\/wp-content\/uploads\/2018\/02\/A3_PETITET_LA_BISBAL_PENEDES-18H-724x1024.jpg 724w, https:\/\/bisbalpenedes.com\/web\/wp-content\/uploads\/2018\/02\/A3_PETITET_LA_BISBAL_PENEDES-18H.jpg 1169w\" sizes=\"(max-width: 212px) 100vw, 212px\" \/><\/a><a href=\"http:\/\/bisbalpenedes.com\/web\/wp-content\/uploads\/2018\/11\/VISUAL_A3_PETITET_LA_BISBAL_PENEDES.jpg\"><br \/>\n<\/a>FITXA\u00a0T\u00c8CNICA<\/p>\n<div class=\"wpb_text_column wpb_content_element \">\n<div class=\"wpb_text_column wpb_content_element \">\n<div class=\"wpb_wrapper\">\n<p><span style=\"color: #000000;\">\u00a0Direcci\u00f3:\u00a0<strong>Carles Bosch<\/strong><\/span><\/p>\n<p><span style=\"color: #000000;\">Gui\u00f3:\u00a0<strong>Carles Bosch i David Vidal<\/strong><\/span><\/p>\n<p><span style=\"color: #000000;\">M\u00fasica:\u00a0<strong>Josep Sanou<\/strong><\/span><\/p>\n<p><span style=\"color: #000000;\">Estrena:\u00a0<strong>Juny de 2018<\/strong><\/span><\/p>\n<p><span style=\"color: #000000;\">Durada:\u00a0<strong>107\u00a0min.<\/strong><\/span><\/p>\n<p><span style=\"color: #000000;\">G\u00e8nere:\u00a0<strong>Documental<\/strong><\/span><\/p>\n<p><span style=\"color: #000000;\">Versi\u00f3:\u00a0<strong>Original en catal\u00e0<\/strong><\/span><\/p>\n<\/div>\n<div class=\"wpb_text_column wpb_content_element \">\n<div class=\"wpb_wrapper\">\n<h4><span style=\"color: #000000;\">SINOPSI<\/span><\/h4>\n<\/div>\n<\/div>\n<div class=\"wpb_text_column wpb_content_element \">\n<div class=\"wpb_wrapper\">\n<p><span style=\"color: #000000;\">Petitet, un ex-m\u00fasic gitano barcelon\u00ed, el pare del qual va ser un dels \u201cpalmeros\u201d del m\u00edtic Peret, va prometre a la seva mare moribunda que un dia portaria la rumba catalana a l\u2019escenari d\u2019un gran teatre de Barcelona, i, ara, per a poder complir la promesa, haur\u00e0 de reunir una vintena de m\u00fasics gitanos \u2013 genials per\u00f2 indisciplinats\u2013 i aconseguir el miracle que s\u2019entenguin amb\u2026 una orquestra simf\u00f2nica!<\/span><\/p>\n<p><span style=\"color: #000000;\"><em><strong>\u201cAls gitanos, el que ens passa, \u00e9s que quan diem alguna cosa la fem\u201d<\/strong><\/em><\/span><\/p>\n<\/div>\n<\/div>\n<\/div>\n<\/div>\n<p style=\"text-align: center;\"><iframe loading=\"lazy\" src=\"https:\/\/www.youtube.com\/embed\/dMEImZvo6H0\" width=\"560\" height=\"315\" frameborder=\"0\" allowfullscreen=\"allowfullscreen\"><\/iframe><\/p>\n<hr \/>\n<p><span style=\"color: #000000;\"><strong>CASTELLANO |<\/strong> El pr\u00f3ximo s\u00e1bado 24 de noviembre, a las 18h, podr\u00e9is ver\u00a0el documental &#8216;Petitet&#8217; del Cicle Gaud\u00ed en el CMC.<\/span><\/p>\n<p><a href=\"http:\/\/bisbalpenedes.com\/web\/wp-content\/uploads\/2018\/02\/A3_PETITET_LA_BISBAL_PENEDES-18H.jpg\"><img loading=\"lazy\" class=\"aligncenter size-medium wp-image-7861\" src=\"http:\/\/bisbalpenedes.com\/web\/wp-content\/uploads\/2018\/02\/A3_PETITET_LA_BISBAL_PENEDES-18H-212x300.jpg\" alt=\"A3_PETITET_LA_BISBAL_PENEDES 18H\" width=\"212\" height=\"300\" srcset=\"https:\/\/bisbalpenedes.com\/web\/wp-content\/uploads\/2018\/02\/A3_PETITET_LA_BISBAL_PENEDES-18H-212x300.jpg 212w, https:\/\/bisbalpenedes.com\/web\/wp-content\/uploads\/2018\/02\/A3_PETITET_LA_BISBAL_PENEDES-18H-600x849.jpg 600w, https:\/\/bisbalpenedes.com\/web\/wp-content\/uploads\/2018\/02\/A3_PETITET_LA_BISBAL_PENEDES-18H-768x1087.jpg 768w, https:\/\/bisbalpenedes.com\/web\/wp-content\/uploads\/2018\/02\/A3_PETITET_LA_BISBAL_PENEDES-18H-724x1024.jpg 724w, https:\/\/bisbalpenedes.com\/web\/wp-content\/uploads\/2018\/02\/A3_PETITET_LA_BISBAL_PENEDES-18H.jpg 1169w\" sizes=\"(max-width: 212px) 100vw, 212px\" \/><\/a><\/p>\n<div class=\"wpb_text_column wpb_content_element \">\n<div class=\"wpb_text_column wpb_content_element \">\n<div class=\"wpb_wrapper\">\n<h4><span style=\"color: #000000;\">FICHA T\u00c9CNICA<\/span><\/h4>\n<\/div>\n<\/div>\n<div class=\"wpb_text_column wpb_content_element \">\n<div class=\"wpb_wrapper\">\n<p><span style=\"color: #000000;\">\u00a0Direcci\u00f3n:\u00a0<strong>Carles Bosch<\/strong><\/span><\/p>\n<p><span style=\"color: #000000;\">Gui\u00f3n:\u00a0<strong>Carles Bosch y David Vidal<\/strong><\/span><\/p>\n<p><span style=\"color: #000000;\">M\u00fasica:\u00a0<strong>Josep Sanou<\/strong><\/span><\/p>\n<p><span style=\"color: #000000;\">Estreno:\u00a0<strong>Junio del 2018<\/strong><\/span><\/p>\n<p><span style=\"color: #000000;\">Duraci\u00f3n:\u00a0<strong>107\u00a0min.<\/strong><\/span><\/p>\n<p><span style=\"color: #000000;\">G\u00e9nero:\u00a0<strong>Documental<\/strong><\/span><\/p>\n<p><span style=\"color: #000000;\">Versi\u00f3n:\u00a0<strong>Original en catal\u00e1n<\/strong><\/span><\/p>\n<\/div>\n<div class=\"wpb_text_column wpb_content_element \">\n<div class=\"wpb_wrapper\">\n<h4><span style=\"color: #000000;\">SINOPSIS<\/span><\/h4>\n<\/div>\n<\/div>\n<div class=\"wpb_text_column wpb_content_element \">\n<div class=\"wpb_wrapper\">\n<p><span style=\"color: #000000;\">Petitet, un exm\u00fasico gitano barcelon\u00e9s, el padre del cual fue uno de los &#8220;palmeros&#8221; del m\u00edtico Peret, prometi\u00f3 a su madre moribunda que un d\u00eda llevar\u00eda la rumba catalana al escenario de un gran teatro de Barcelona y, ahora, para poder cumplir su promesa, deber\u00e1 reunir veinte m\u00fasicos gitanos &#8211; geniales pero indisciplinados &#8211; y conseguir el milagro de que se entreguen con&#8230; \u00a1Una orquesta sinf\u00f3nica!<\/span><\/p>\n<p><span style=\"color: #000000;\"><em><strong>\u201cA los gitanos, lo que nos pasa, es que cuando decimos una cosa la hacemos&#8221;<\/strong><\/em><\/span><\/p>\n<\/div>\n<\/div>\n<\/div>\n<\/div>\n<p style=\"text-align: center;\"><iframe loading=\"lazy\" src=\"https:\/\/www.youtube.com\/embed\/dMEImZvo6H0\" width=\"560\" height=\"315\" frameborder=\"0\" allowfullscreen=\"allowfullscreen\"><\/iframe><\/p>\n","protected":false},"excerpt":{"rendered":"<p>El pr\u00f2xim dissabte 24 de novembre, a les 18h, podreu veure\u00a0el documental &#8216;Petitet&#8217; del Cicle Gaud\u00ed al CMC. FITXA\u00a0T\u00c8CNICA \u00a0Direcci\u00f3:\u00a0Carles Bosch Gui\u00f3:\u00a0Carles Bosch i David Vidal M\u00fasica:\u00a0Josep Sanou Estrena:\u00a0Juny de &hellip; <a href=\"https:\/\/bisbalpenedes.com\/web\/2018\/11\/09\/el-proxim-dissabte-24-de-novembre-a-les-19h-podreu-veure-el-documental-petitet-al-cmc\/\" class=\"more-link\">Read More<\/a><\/p>\n","protected":false},"author":4,"featured_media":7861,"comment_status":"closed","ping_status":"closed","sticky":false,"template":"","format":"standard","meta":[],"categories":[13],"tags":[496,308,2260,2546],"_links":{"self":[{"href":"https:\/\/bisbalpenedes.com\/web\/wp-json\/wp\/v2\/posts\/7758"}],"collection":[{"href":"https:\/\/bisbalpenedes.com\/web\/wp-json\/wp\/v2\/posts"}],"about":[{"href":"https:\/\/bisbalpenedes.com\/web\/wp-json\/wp\/v2\/types\/post"}],"author":[{"embeddable":true,"href":"https:\/\/bisbalpenedes.com\/web\/wp-json\/wp\/v2\/users\/4"}],"replies":[{"embeddable":true,"href":"https:\/\/bisbalpenedes.com\/web\/wp-json\/wp\/v2\/comments?post=7758"}],"version-history":[{"count":2,"href":"https:\/\/bisbalpenedes.com\/web\/wp-json\/wp\/v2\/posts\/7758\/revisions"}],"predecessor-version":[{"id":7863,"href":"https:\/\/bisbalpenedes.com\/web\/wp-json\/wp\/v2\/posts\/7758\/revisions\/7863"}],"wp:featuredmedia":[{"embeddable":true,"href":"https:\/\/bisbalpenedes.com\/web\/wp-json\/wp\/v2\/media\/7861"}],"wp:attachment":[{"href":"https:\/\/bisbalpenedes.com\/web\/wp-json\/wp\/v2\/media?parent=7758"}],"wp:term":[{"taxonomy":"category","embeddable":true,"href":"https:\/\/bisbalpenedes.com\/web\/wp-json\/wp\/v2\/categories?post=7758"},{"taxonomy":"post_tag","embeddable":true,"href":"https:\/\/bisbalpenedes.com\/web\/wp-json\/wp\/v2\/tags?post=7758"}],"curies":[{"name":"wp","href":"https:\/\/api.w.org\/{rel}","templated":true}]}}