{"id":7745,"date":"2018-11-09T11:54:47","date_gmt":"2018-11-09T10:54:47","guid":{"rendered":"http:\/\/bisbalpenedes.com\/web\/?p=7745"},"modified":"2018-11-09T12:03:39","modified_gmt":"2018-11-09T11:03:39","slug":"la-regidoria-deducacio-ha-installat-un-tendal-al-pati-de-la-llar-dinfants","status":"publish","type":"post","link":"https:\/\/bisbalpenedes.com\/web\/2018\/11\/09\/la-regidoria-deducacio-ha-installat-un-tendal-al-pati-de-la-llar-dinfants\/","title":{"rendered":"La Regidoria d&#8217;Educaci\u00f3 ha instal\u00b7lat un tendal al pati de la Llar d&#8217;infants"},"content":{"rendered":"<p style=\"text-align: justify;\"><a href=\"http:\/\/bisbalpenedes.com\/web\/wp-content\/uploads\/2018\/11\/Foto-9-11-18-9-18-00-8.jpg\"><img loading=\"lazy\" class=\"aligncenter size-large wp-image-7756\" src=\"http:\/\/bisbalpenedes.com\/web\/wp-content\/uploads\/2018\/11\/Foto-9-11-18-9-18-00-8-1024x814.jpg\" alt=\"TENDAL LLAR D'INFANTS 4\" width=\"630\" height=\"501\" srcset=\"https:\/\/bisbalpenedes.com\/web\/wp-content\/uploads\/2018\/11\/Foto-9-11-18-9-18-00-8-1024x814.jpg 1024w, https:\/\/bisbalpenedes.com\/web\/wp-content\/uploads\/2018\/11\/Foto-9-11-18-9-18-00-8-600x477.jpg 600w, https:\/\/bisbalpenedes.com\/web\/wp-content\/uploads\/2018\/11\/Foto-9-11-18-9-18-00-8-300x238.jpg 300w, https:\/\/bisbalpenedes.com\/web\/wp-content\/uploads\/2018\/11\/Foto-9-11-18-9-18-00-8-768x610.jpg 768w, https:\/\/bisbalpenedes.com\/web\/wp-content\/uploads\/2018\/11\/Foto-9-11-18-9-18-00-8.jpg 1491w\" sizes=\"(max-width: 630px) 100vw, 630px\" \/><\/a><a href=\"http:\/\/bisbalpenedes.com\/web\/wp-content\/uploads\/2018\/11\/Foto-9-11-18-9-18-00-1.jpg\"><br \/>\n<\/a><\/p>\n<p style=\"text-align: justify;\"><span style=\"color: #000000;\">La Regidoria d\u2019Educaci\u00f3 continua fent millores a la Llar d\u2019infants municipal. Aquesta setmana ha instal\u00b7lat un tendal al pati per protegir els infants del sol en les zones d\u2019esbarjo. El tendal no \u00e9s fix i es pot obrir o tancar en funci\u00f3 de la situaci\u00f3 meteorol\u00f2gica de cada moment.<\/span><\/p>\n<p style=\"text-align: justify;\"><span style=\"color: #000000;\">El passat mes de setembre tamb\u00e9 es van instal\u00b7lar cortines noves al menjador de la Llar d\u2019Infants municipal perqu\u00e8 les antigues no estaven en bon estat i n\u2019hi havia de trencades. Ambdues accions persegueixen fer m\u00e9s acollidora la Llar d\u2019infants i protegir els infants de la llum i els raigs del sol.<\/span><\/p>\n<hr \/>\n<p style=\"text-align: justify;\"><span style=\"color: #000000;\"><strong>CASTELLANO |<\/strong> La Regidoria d\u2019Educaci\u00f3 contin\u00faa realizando mejoras en la Llar d\u2019infants municipal. Esta semana ha instalado un toldo en el patio para proteger a los ni\u00f1os de la luz en las zonas de recreo. El toldo no es fijo y se puede abrir o cerrar en funci\u00f3n de la situaci\u00f3n meteorol\u00f3gica de cada momento.<\/span><\/p>\n<p style=\"text-align: justify;\"><span style=\"color: #000000;\">El pasado mes de septiembre tambi\u00e9n se instalaron cortinas nuevas en el comedor de Llar d\u2019Infants municipal porqu\u00e9 las antiguas no estaban en buen estado y hab\u00eda algunas que estaban rotas. Ambas acciones persiguen hacer m\u00e1s acogedora la Llar d\u2019infants y proteger a los ni\u00f1os de la luz y de los rayos del sol.<\/span><\/p>\n<p style=\"text-align: justify;\"><a href=\"http:\/\/bisbalpenedes.com\/web\/wp-content\/uploads\/2018\/11\/Foto-9-11-18-9-17-59-1.jpg\"><img loading=\"lazy\" class=\"aligncenter size-large wp-image-7751\" src=\"http:\/\/bisbalpenedes.com\/web\/wp-content\/uploads\/2018\/11\/Foto-9-11-18-9-17-59-1-1024x768.jpg\" alt=\"TENDAL LLAR D'INFANTS 2\" width=\"630\" height=\"473\" srcset=\"https:\/\/bisbalpenedes.com\/web\/wp-content\/uploads\/2018\/11\/Foto-9-11-18-9-17-59-1-1024x768.jpg 1024w, https:\/\/bisbalpenedes.com\/web\/wp-content\/uploads\/2018\/11\/Foto-9-11-18-9-17-59-1-600x450.jpg 600w, https:\/\/bisbalpenedes.com\/web\/wp-content\/uploads\/2018\/11\/Foto-9-11-18-9-17-59-1-300x225.jpg 300w, https:\/\/bisbalpenedes.com\/web\/wp-content\/uploads\/2018\/11\/Foto-9-11-18-9-17-59-1-768x576.jpg 768w, https:\/\/bisbalpenedes.com\/web\/wp-content\/uploads\/2018\/11\/Foto-9-11-18-9-17-59-1.jpg 1600w\" sizes=\"(max-width: 630px) 100vw, 630px\" \/><\/a><\/p>\n<p style=\"text-align: justify;\"><a href=\"http:\/\/bisbalpenedes.com\/web\/wp-content\/uploads\/2018\/11\/Foto-9-11-18-9-18-00-6.jpg\"><img loading=\"lazy\" class=\"aligncenter size-large wp-image-7754\" src=\"http:\/\/bisbalpenedes.com\/web\/wp-content\/uploads\/2018\/11\/Foto-9-11-18-9-18-00-6-1024x768.jpg\" alt=\"tendal llar d'infants 3\" width=\"630\" height=\"473\" srcset=\"https:\/\/bisbalpenedes.com\/web\/wp-content\/uploads\/2018\/11\/Foto-9-11-18-9-18-00-6-1024x768.jpg 1024w, https:\/\/bisbalpenedes.com\/web\/wp-content\/uploads\/2018\/11\/Foto-9-11-18-9-18-00-6-600x450.jpg 600w, https:\/\/bisbalpenedes.com\/web\/wp-content\/uploads\/2018\/11\/Foto-9-11-18-9-18-00-6-300x225.jpg 300w, https:\/\/bisbalpenedes.com\/web\/wp-content\/uploads\/2018\/11\/Foto-9-11-18-9-18-00-6-768x576.jpg 768w, https:\/\/bisbalpenedes.com\/web\/wp-content\/uploads\/2018\/11\/Foto-9-11-18-9-18-00-6.jpg 1600w\" sizes=\"(max-width: 630px) 100vw, 630px\" \/><\/a><a href=\"http:\/\/bisbalpenedes.com\/web\/wp-content\/uploads\/2018\/11\/Foto-9-11-18-9-18-00-6.jpg\"><br \/>\n<\/a><\/p>\n","protected":false},"excerpt":{"rendered":"<p>La Regidoria d\u2019Educaci\u00f3 continua fent millores a la Llar d\u2019infants municipal. Aquesta setmana ha instal\u00b7lat un tendal al pati per protegir els infants del sol en les zones d\u2019esbarjo. El &hellip; <a href=\"https:\/\/bisbalpenedes.com\/web\/2018\/11\/09\/la-regidoria-deducacio-ha-installat-un-tendal-al-pati-de-la-llar-dinfants\/\" class=\"more-link\">Read More<\/a><\/p>\n","protected":false},"author":4,"featured_media":7750,"comment_status":"closed","ping_status":"closed","sticky":false,"template":"","format":"standard","meta":[],"categories":[2397],"tags":[274,272,574,1321,2545,1544],"_links":{"self":[{"href":"https:\/\/bisbalpenedes.com\/web\/wp-json\/wp\/v2\/posts\/7745"}],"collection":[{"href":"https:\/\/bisbalpenedes.com\/web\/wp-json\/wp\/v2\/posts"}],"about":[{"href":"https:\/\/bisbalpenedes.com\/web\/wp-json\/wp\/v2\/types\/post"}],"author":[{"embeddable":true,"href":"https:\/\/bisbalpenedes.com\/web\/wp-json\/wp\/v2\/users\/4"}],"replies":[{"embeddable":true,"href":"https:\/\/bisbalpenedes.com\/web\/wp-json\/wp\/v2\/comments?post=7745"}],"version-history":[{"count":4,"href":"https:\/\/bisbalpenedes.com\/web\/wp-json\/wp\/v2\/posts\/7745\/revisions"}],"predecessor-version":[{"id":7757,"href":"https:\/\/bisbalpenedes.com\/web\/wp-json\/wp\/v2\/posts\/7745\/revisions\/7757"}],"wp:featuredmedia":[{"embeddable":true,"href":"https:\/\/bisbalpenedes.com\/web\/wp-json\/wp\/v2\/media\/7750"}],"wp:attachment":[{"href":"https:\/\/bisbalpenedes.com\/web\/wp-json\/wp\/v2\/media?parent=7745"}],"wp:term":[{"taxonomy":"category","embeddable":true,"href":"https:\/\/bisbalpenedes.com\/web\/wp-json\/wp\/v2\/categories?post=7745"},{"taxonomy":"post_tag","embeddable":true,"href":"https:\/\/bisbalpenedes.com\/web\/wp-json\/wp\/v2\/tags?post=7745"}],"curies":[{"name":"wp","href":"https:\/\/api.w.org\/{rel}","templated":true}]}}