{"id":7736,"date":"2018-11-08T15:38:40","date_gmt":"2018-11-08T14:38:40","guid":{"rendered":"http:\/\/bisbalpenedes.com\/web\/?p=7736"},"modified":"2018-11-08T15:49:10","modified_gmt":"2018-11-08T14:49:10","slug":"avis-dinterrupcio-del-subministrament-electric","status":"publish","type":"post","link":"https:\/\/bisbalpenedes.com\/web\/2018\/11\/08\/avis-dinterrupcio-del-subministrament-electric\/","title":{"rendered":"Av\u00eds d&#8217;interrupci\u00f3 del subministrament el\u00e8ctric"},"content":{"rendered":"<p style=\"text-align: justify;\"><span style=\"color: #000000;\">Endesa\u00a0 Distribuci\u00f3n ha informat que, aquest divendres 9 de novembre, de 9.00h a 13.00h, realitzar\u00e0 uns treballs de manteniment i millora a la xarxa de distribuci\u00f3 el\u00e8ctrica que comportaran la interrupci\u00f3 temporal del subministrament.<\/span><\/p>\n<p style=\"text-align: justify;\"><strong><span style=\"color: #000000;\">Zona afectada:<\/span><\/strong><\/p>\n<p style=\"text-align: justify; padding-left: 30px;\"><span style=\"color: #000000;\">Carrer Anselm Clav\u00e9, avda. Baix Pened\u00e8s, carrer Barcelona, pla\u00e7a Catalunya, avda. Colom, carrer Doctor Robert, carrer de la Font, carrer Fortuny, passatge de la Reixa, carrer Llibertat, carrer Major, carrer Mestre Trujols, avda. Pau Casals, carrer Pompeu Fabra, carrer Safareigs, pl. Sant Jordi, carrer Verdaguer i carrer Vinyets.<\/span><\/p>\n<p style=\"text-align: justify;\"><span style=\"color: #000000;\">Per a m\u00e9s informaci\u00f3 contacteu amb Endesa Distribuci\u00f3n: 800 760 706 o www.endesadistribucion.es<\/span><\/p>\n<hr \/>\n<p style=\"text-align: justify;\"><span style=\"color: #000000;\"><strong>CASTELLANO |<\/strong> Endesa Distribuci\u00f3n ha informado que, este viernes 9 de noviembre, de 9.00h a 13.00h, realizar\u00e1 trabajos de mantenimiento y mejora de la red de distribuci\u00f3n el\u00e9ctrica que comportaran la interrupci\u00f3n temporal del suministro.<\/span><\/p>\n<p style=\"text-align: justify;\"><strong><span style=\"color: #000000;\">Zona afectada:<\/span><\/strong><\/p>\n<p style=\"text-align: justify; padding-left: 30px;\"><span style=\"color: #000000;\">Calle Anselm Clav\u00e9, avda. Baix Pened\u00e8s, calle Barcelona, plaza Catalunya, avda. Colom, calle Doctor Robert, calle de la Font, calle Fortuny, pasaje de la Reixa, calle Llibertat, calle Major, calle Mestre Trujols, avda. pau Casals, calle Pompeu Fabra, calle Safareigs, pl. Sant Jordi, calle Verdaguer y calle Vinyets.<\/span><\/p>\n<p style=\"text-align: justify;\"><span style=\"color: #000000;\">Para m\u00e1s informaci\u00f3n contactad con Endesa Distribuci\u00f3n: 800 760 706 o www.endesadistribucion.es<\/span><\/p>\n<p style=\"text-align: justify;\"><a href=\"http:\/\/bisbalpenedes.com\/web\/wp-content\/uploads\/2018\/11\/TALL-SUBMINISTRAMENT-ENDESA-09-11-2018-e1541687833985.jpg\"><img loading=\"lazy\" class=\"aligncenter size-full wp-image-7737\" src=\"http:\/\/bisbalpenedes.com\/web\/wp-content\/uploads\/2018\/11\/TALL-SUBMINISTRAMENT-ENDESA-09-11-2018-e1541687833985.jpg\" alt=\"TALL SUBMINISTRAMENT ENDESA-09-11-2018\" width=\"1005\" height=\"1443\" srcset=\"https:\/\/bisbalpenedes.com\/web\/wp-content\/uploads\/2018\/11\/TALL-SUBMINISTRAMENT-ENDESA-09-11-2018-e1541687833985.jpg 1005w, https:\/\/bisbalpenedes.com\/web\/wp-content\/uploads\/2018\/11\/TALL-SUBMINISTRAMENT-ENDESA-09-11-2018-e1541687833985-600x861.jpg 600w, https:\/\/bisbalpenedes.com\/web\/wp-content\/uploads\/2018\/11\/TALL-SUBMINISTRAMENT-ENDESA-09-11-2018-e1541687833985-209x300.jpg 209w, https:\/\/bisbalpenedes.com\/web\/wp-content\/uploads\/2018\/11\/TALL-SUBMINISTRAMENT-ENDESA-09-11-2018-e1541687833985-768x1103.jpg 768w, https:\/\/bisbalpenedes.com\/web\/wp-content\/uploads\/2018\/11\/TALL-SUBMINISTRAMENT-ENDESA-09-11-2018-e1541687833985-713x1024.jpg 713w\" sizes=\"(max-width: 1005px) 100vw, 1005px\" \/><\/a><\/p>\n","protected":false},"excerpt":{"rendered":"<p>Endesa\u00a0 Distribuci\u00f3n ha informat que, aquest divendres 9 de novembre, de 9.00h a 13.00h, realitzar\u00e0 uns treballs de manteniment i millora a la xarxa de distribuci\u00f3 el\u00e8ctrica que comportaran la &hellip; <a href=\"https:\/\/bisbalpenedes.com\/web\/2018\/11\/08\/avis-dinterrupcio-del-subministrament-electric\/\" class=\"more-link\">Read More<\/a><\/p>\n","protected":false},"author":4,"featured_media":2315,"comment_status":"closed","ping_status":"closed","sticky":false,"template":"","format":"standard","meta":[],"categories":[1628],"tags":[2544,442,441,224,160],"_links":{"self":[{"href":"https:\/\/bisbalpenedes.com\/web\/wp-json\/wp\/v2\/posts\/7736"}],"collection":[{"href":"https:\/\/bisbalpenedes.com\/web\/wp-json\/wp\/v2\/posts"}],"about":[{"href":"https:\/\/bisbalpenedes.com\/web\/wp-json\/wp\/v2\/types\/post"}],"author":[{"embeddable":true,"href":"https:\/\/bisbalpenedes.com\/web\/wp-json\/wp\/v2\/users\/4"}],"replies":[{"embeddable":true,"href":"https:\/\/bisbalpenedes.com\/web\/wp-json\/wp\/v2\/comments?post=7736"}],"version-history":[{"count":3,"href":"https:\/\/bisbalpenedes.com\/web\/wp-json\/wp\/v2\/posts\/7736\/revisions"}],"predecessor-version":[{"id":7740,"href":"https:\/\/bisbalpenedes.com\/web\/wp-json\/wp\/v2\/posts\/7736\/revisions\/7740"}],"wp:featuredmedia":[{"embeddable":true,"href":"https:\/\/bisbalpenedes.com\/web\/wp-json\/wp\/v2\/media\/2315"}],"wp:attachment":[{"href":"https:\/\/bisbalpenedes.com\/web\/wp-json\/wp\/v2\/media?parent=7736"}],"wp:term":[{"taxonomy":"category","embeddable":true,"href":"https:\/\/bisbalpenedes.com\/web\/wp-json\/wp\/v2\/categories?post=7736"},{"taxonomy":"post_tag","embeddable":true,"href":"https:\/\/bisbalpenedes.com\/web\/wp-json\/wp\/v2\/tags?post=7736"}],"curies":[{"name":"wp","href":"https:\/\/api.w.org\/{rel}","templated":true}]}}