{"id":7727,"date":"2018-11-07T15:43:01","date_gmt":"2018-11-07T14:43:01","guid":{"rendered":"http:\/\/bisbalpenedes.com\/web\/?p=7727"},"modified":"2018-11-07T16:42:30","modified_gmt":"2018-11-07T15:42:30","slug":"la-biblioteca-publica-estrena-equipament-informatic","status":"publish","type":"post","link":"https:\/\/bisbalpenedes.com\/web\/2018\/11\/07\/la-biblioteca-publica-estrena-equipament-informatic\/","title":{"rendered":"La Biblioteca p\u00fablica estrena equipament inform\u00e0tic"},"content":{"rendered":"<p style=\"text-align: justify;\"><a href=\"http:\/\/bisbalpenedes.com\/web\/wp-content\/uploads\/2018\/11\/DSC02213.jpg\"><img loading=\"lazy\" class=\"aligncenter size-large wp-image-7729\" src=\"http:\/\/bisbalpenedes.com\/web\/wp-content\/uploads\/2018\/11\/DSC02213-1024x768.jpg\" alt=\"ordinadors biblioteca\" width=\"630\" height=\"473\" srcset=\"https:\/\/bisbalpenedes.com\/web\/wp-content\/uploads\/2018\/11\/DSC02213-1024x768.jpg 1024w, https:\/\/bisbalpenedes.com\/web\/wp-content\/uploads\/2018\/11\/DSC02213-600x450.jpg 600w, https:\/\/bisbalpenedes.com\/web\/wp-content\/uploads\/2018\/11\/DSC02213-300x225.jpg 300w, https:\/\/bisbalpenedes.com\/web\/wp-content\/uploads\/2018\/11\/DSC02213-768x576.jpg 768w\" sizes=\"(max-width: 630px) 100vw, 630px\" \/><\/a><a href=\"http:\/\/bisbalpenedes.com\/web\/wp-content\/uploads\/2018\/11\/DSC02213.jpg\"><br \/>\n<\/a><\/p>\n<p style=\"text-align: justify;\"><span style=\"color: #000000;\">A partir d&#8217;avui dimecres 7 de novembre\u00a0trobareu nous equips inform\u00e0tics\u00a0a la Biblioteca perqu\u00e8 els pugueu fer servir per escriure, fer cerques a internet, fer treballs escolars, etc. Des de la Regidoria de Cultura hem aprofitat els dies que la Biblioteca p\u00fablica ha estat tancada per vacances del personal per fer millores en les instal\u00b7lacions amb l\u2019objectiu de poder seguir ampliant els serveis i millorant la comoditat dels usuaris.<\/span><\/p>\n<p style=\"text-align: justify;\"><span style=\"color: #000000;\">L\u2019Ajuntament ha adquirit nou equipament inform\u00e0tic per a la Biblioteca p\u00fablica a trav\u00e9s de la Central de compres de l\u2019Associaci\u00f3 Catalana de Municipis per un total de 6.109,19\u20ac. El material que s\u2019ha adquirit \u00e9s el seg\u00fcent:<\/span><\/p>\n<p style=\"padding-left: 30px; text-align: justify;\"><span style=\"color: #000000;\">-4 ordinadors de sobretaula (Intel Core 3) amb pantalles m\u00e9s grans i sistema operatiu Windows 10 amb connexi\u00f3 directa a internet (m\u00e9s \u00e0gils i r\u00e0pids) i connexi\u00f3 directa a la impressora<\/span><\/p>\n<p style=\"padding-left: 30px; text-align: justify;\"><span style=\"color: #000000;\">-2 ordinadors port\u00e0tils de suport per a la Biblioteca<\/span><\/p>\n<p style=\"padding-left: 30px; text-align: justify;\"><span style=\"color: #000000;\">-1 nou PC per al bibliotecari amb millors prestacions<\/span><\/p>\n<p style=\"padding-left: 30px; text-align: justify;\"><span style=\"color: #000000;\">-L\u2019equipament complementari corresponent (teclats, ratolins\u2026)<\/span><\/p>\n<p style=\"text-align: justify;\"><span style=\"color: #000000;\">El nou equipament s\u2019ha adquirit perqu\u00e8 el pugui fer servir tant la ciutadania (realitzaci\u00f3 de treballs, cerca d\u2019informaci\u00f3\u2026) com l\u2019administraci\u00f3, les entitats i les associacions.<\/span><\/p>\n<p style=\"text-align: justify;\"><a href=\"http:\/\/bisbalpenedes.com\/web\/wp-content\/uploads\/2018\/11\/DSC02208.jpg\"><img loading=\"lazy\" class=\"aligncenter wp-image-7730\" src=\"http:\/\/bisbalpenedes.com\/web\/wp-content\/uploads\/2018\/11\/DSC02208-1024x768.jpg\" alt=\"ordinadors biblioteca 2\" width=\"285\" height=\"214\" srcset=\"https:\/\/bisbalpenedes.com\/web\/wp-content\/uploads\/2018\/11\/DSC02208-1024x768.jpg 1024w, https:\/\/bisbalpenedes.com\/web\/wp-content\/uploads\/2018\/11\/DSC02208-600x450.jpg 600w, https:\/\/bisbalpenedes.com\/web\/wp-content\/uploads\/2018\/11\/DSC02208-300x225.jpg 300w, https:\/\/bisbalpenedes.com\/web\/wp-content\/uploads\/2018\/11\/DSC02208-768x576.jpg 768w\" sizes=\"(max-width: 285px) 100vw, 285px\" \/><\/a><\/p>\n<p style=\"text-align: justify;\"><span style=\"color: #000000;\">Val a dir que l\u2019Ajuntament pagar\u00e0 2.534,19\u20ac amb fons propis i la resta, 3.575\u20ac, seran subvencionats per l\u2019Oficina de suport a la iniciativa cultural de la Generalitat de Catalunya (Subvenci\u00f3 per a la renovaci\u00f3 del mobiliari, senyalitzaci\u00f3 i maquin\u00e0ria de les Biblioteques p\u00fabliques).<\/span><\/p>\n<p style=\"text-align: justify;\"><span style=\"color: #000000;\">La Biblioteca seguir\u00e0 comptant amb el punt wifi que, a partir d\u2019ara, funcionar\u00e0 a m\u00e9s velocitat.<\/span><\/p>\n<p style=\"text-align: justify;\"><img loading=\"lazy\" class=\"aligncenter wp-image-7728 \" src=\"http:\/\/bisbalpenedes.com\/web\/wp-content\/uploads\/2018\/11\/ofic_suport-300x150.jpg\" alt=\"OFICINA SUPORT INICIATIVA CULTURAL GENERALITAT\" width=\"138\" height=\"69\" srcset=\"https:\/\/bisbalpenedes.com\/web\/wp-content\/uploads\/2018\/11\/ofic_suport-300x150.jpg 300w, https:\/\/bisbalpenedes.com\/web\/wp-content\/uploads\/2018\/11\/ofic_suport.jpg 318w\" sizes=\"(max-width: 138px) 100vw, 138px\" \/><\/p>\n<p style=\"text-align: justify;\"><span style=\"color: #000000;\">Us recordem que, a partir d\u2019avui dimecres la Biblioteca P\u00fablica de la Bisbal del Pened\u00e8s ja obre en l\u2019horari habitual: de dilluns a divendres de 16.30h a 20.30h i els dissabtes de 10.00h a 14.00h. A m\u00e9s, avui comen\u00e7a un taller de 4 hores (es dur\u00e0 a terme avui i el dia 14 de novembre), adre\u00e7at a majors de 55 anys, per aprendre a descarregar i fer servir Whatsapp i altres aplicacions per al tel\u00e8fon m\u00f2bil. Es tracta d\u2019una activitat que organitza la Regidoria de Cultura amb col\u00b7laboraci\u00f3 amb la Fundaci\u00f3n Vodafone Espa\u00f1a i la Fundaci\u00f3 Pere Tarr\u00e9s.<\/span><a href=\"http:\/\/bisbalpenedes.com\/web\/wp-content\/uploads\/2018\/11\/ofic_suport.jpg\"><br \/>\n<\/a><\/p>\n<p style=\"text-align: justify;\"><a href=\"http:\/\/bisbalpenedes.com\/web\/wp-content\/uploads\/2018\/10\/cartell-WhatsApp-001.jpg\"><img loading=\"lazy\" class=\"aligncenter size-medium wp-image-7483\" src=\"http:\/\/bisbalpenedes.com\/web\/wp-content\/uploads\/2018\/10\/cartell-WhatsApp-001-212x300.jpg\" alt=\"CARTELL WHATSAPP\" width=\"212\" height=\"300\" srcset=\"https:\/\/bisbalpenedes.com\/web\/wp-content\/uploads\/2018\/10\/cartell-WhatsApp-001-212x300.jpg 212w, https:\/\/bisbalpenedes.com\/web\/wp-content\/uploads\/2018\/10\/cartell-WhatsApp-001-600x849.jpg 600w, https:\/\/bisbalpenedes.com\/web\/wp-content\/uploads\/2018\/10\/cartell-WhatsApp-001-768x1087.jpg 768w, https:\/\/bisbalpenedes.com\/web\/wp-content\/uploads\/2018\/10\/cartell-WhatsApp-001-724x1024.jpg 724w, https:\/\/bisbalpenedes.com\/web\/wp-content\/uploads\/2018\/10\/cartell-WhatsApp-001.jpg 1190w\" sizes=\"(max-width: 212px) 100vw, 212px\" \/><\/a><\/p>\n<hr \/>\n<p style=\"text-align: justify;\"><a href=\"http:\/\/bisbalpenedes.com\/web\/wp-content\/uploads\/2018\/11\/DSC02213.jpg\"><img loading=\"lazy\" class=\"aligncenter size-large wp-image-7729\" src=\"http:\/\/bisbalpenedes.com\/web\/wp-content\/uploads\/2018\/11\/DSC02213-1024x768.jpg\" alt=\"ordinadors biblioteca\" width=\"630\" height=\"473\" srcset=\"https:\/\/bisbalpenedes.com\/web\/wp-content\/uploads\/2018\/11\/DSC02213-1024x768.jpg 1024w, https:\/\/bisbalpenedes.com\/web\/wp-content\/uploads\/2018\/11\/DSC02213-600x450.jpg 600w, https:\/\/bisbalpenedes.com\/web\/wp-content\/uploads\/2018\/11\/DSC02213-300x225.jpg 300w, https:\/\/bisbalpenedes.com\/web\/wp-content\/uploads\/2018\/11\/DSC02213-768x576.jpg 768w\" sizes=\"(max-width: 630px) 100vw, 630px\" \/><\/a><\/p>\n<p style=\"text-align: justify;\"><span style=\"color: #000000;\"><strong>CASTELLANO |<\/strong> A partir de hoy mi\u00e9rcoles 7 de noviembre encontrar\u00e9is equipos inform\u00e1ticos nuevos en la Biblioteca para que los pod\u00e1is utilizar para escribir, hacer b\u00fasquedas en internet, hacer trabajos escolares, etc. Desde la Regidoria de Cultura hemos aprovechado los d\u00edas que la Biblioteca p\u00fablica ha estado cerrada por vacaciones del personal para hacer mejoras en las instalaciones con el objetivo de poder seguir ampliando los servicios y mejorando la comodidad de los usuarios.<\/span><\/p>\n<p style=\"text-align: justify;\"><span style=\"color: #000000;\">El Ayuntamiento ha adquirido nuevo equipamiento inform\u00e1tico para la Biblioteca p\u00fablica a trav\u00e9s de la Central de compras de la Associaci\u00f3 Catalana de Municipis por un total de 6.109,19\u20ac. El material que se ha adquirido es el siguiente:<\/span><\/p>\n<p style=\"padding-left: 30px; text-align: justify;\"><span style=\"color: #000000;\">-4 ordenadores de sobremesa (Intel Core 3) con pantallas m\u00e1s grandes y sistema operativo Windows 10 con conexi\u00f3n directa a internet (m\u00e1s \u00e1giles y r\u00e1pidos) y conexi\u00f3n directa a la impresora.<\/span><\/p>\n<p style=\"padding-left: 30px; text-align: justify;\"><span style=\"color: #000000;\">-2 ordenadores port\u00e1tiles de soporte para la Biblioteca<\/span><\/p>\n<p style=\"padding-left: 30px; text-align: justify;\"><span style=\"color: #000000;\">-1 nuevo PC para el bibliotecario con mejores prestaciones<\/span><\/p>\n<p style=\"padding-left: 30px; text-align: justify;\"><span style=\"color: #000000;\">-El equipamiento complementario correspondiente (teclados, ratones&#8230;)<\/span><\/p>\n<p style=\"text-align: justify;\"><span style=\"color: #000000;\">El nuevo equipamiento se ha adquirido para que lo pueda utilizar tanto la ciudadan\u00eda (realizaci\u00f3n de trabajos, b\u00fasqueda de informaci\u00f3n&#8230;) como la administraci\u00f3n, las entidades y las asociaciones.<\/span><\/p>\n<p style=\"text-align: justify;\"><a href=\"http:\/\/bisbalpenedes.com\/web\/wp-content\/uploads\/2018\/11\/DSC02208.jpg\"><img loading=\"lazy\" class=\"aligncenter wp-image-7730\" src=\"http:\/\/bisbalpenedes.com\/web\/wp-content\/uploads\/2018\/11\/DSC02208-1024x768.jpg\" alt=\"ordinadors biblioteca 2\" width=\"296\" height=\"222\" srcset=\"https:\/\/bisbalpenedes.com\/web\/wp-content\/uploads\/2018\/11\/DSC02208-1024x768.jpg 1024w, https:\/\/bisbalpenedes.com\/web\/wp-content\/uploads\/2018\/11\/DSC02208-600x450.jpg 600w, https:\/\/bisbalpenedes.com\/web\/wp-content\/uploads\/2018\/11\/DSC02208-300x225.jpg 300w, https:\/\/bisbalpenedes.com\/web\/wp-content\/uploads\/2018\/11\/DSC02208-768x576.jpg 768w\" sizes=\"(max-width: 296px) 100vw, 296px\" \/><\/a><\/p>\n<p style=\"text-align: justify;\"><span style=\"color: #000000;\">Cabe decir que el Ayuntamiento pagar\u00e1 2.534,19\u20ac con fondos propios y el resto, 3.575\u20ac, ser\u00e1n subvencionados por la Oficina de soporte a la iniciativa cultural de la Generalitat de Catalunya (Subvenci\u00f3n por la renovaci\u00f3n del mobiliario, se\u00f1alizaci\u00f3n y maquinaria de las Bibliotecas p\u00fablicas).<\/span><\/p>\n<p style=\"text-align: justify;\"><span style=\"color: #000000;\">La Biblioteca seguir\u00e1 contando con el punto wifi que, a partir de ahora, funcionar\u00e1 a m\u00e1s velocidad.<\/span><\/p>\n<p style=\"text-align: justify;\"><img loading=\"lazy\" class=\"aligncenter wp-image-7728 \" src=\"http:\/\/bisbalpenedes.com\/web\/wp-content\/uploads\/2018\/11\/ofic_suport-300x150.jpg\" alt=\"OFICINA SUPORT INICIATIVA CULTURAL GENERALITAT\" width=\"168\" height=\"84\" srcset=\"https:\/\/bisbalpenedes.com\/web\/wp-content\/uploads\/2018\/11\/ofic_suport-300x150.jpg 300w, https:\/\/bisbalpenedes.com\/web\/wp-content\/uploads\/2018\/11\/ofic_suport.jpg 318w\" sizes=\"(max-width: 168px) 100vw, 168px\" \/><\/p>\n<p style=\"text-align: justify;\"><span style=\"color: #000000;\">Os recordamos que, a partir de hoy mi\u00e9rcoles la Biblioteca P\u00fablica de la Bisbal del Pened\u00e8s ya abre con el horario habitual: de lunes a\u00a0 viernes de 16.30h a 20.30h y los s\u00e1bados de 10.00h a 14.00h. Adem\u00e1s, hoy empieza un taller de 4 horas (se llevar\u00e1 a cabo hoy y el d\u00eda 14 de noviembre), dirigido a mayores de 55 a\u00f1os, para aprender a descargar y utilizar Whatsapp y otras aplicaciones para el tel\u00e9fono m\u00f3vil. Se trata de una actividad que organiza la Regidoria de Cultura con la colaboraci\u00f3n de la Fundaci\u00f3n Vodafone Espa\u00f1a y la Fundaci\u00f3 Pere Tarr\u00e9s.<\/span><\/p>\n<p>&nbsp;<\/p>\n<p>&nbsp;<\/p>\n<p>&nbsp;<\/p>\n<p><a href=\"http:\/\/bisbalpenedes.com\/web\/wp-content\/uploads\/2018\/10\/cartell-WhatsApp-001.jpg\"><img loading=\"lazy\" class=\"aligncenter size-medium wp-image-7483\" src=\"http:\/\/bisbalpenedes.com\/web\/wp-content\/uploads\/2018\/10\/cartell-WhatsApp-001-212x300.jpg\" alt=\"CARTELL WHATSAPP\" width=\"212\" height=\"300\" srcset=\"https:\/\/bisbalpenedes.com\/web\/wp-content\/uploads\/2018\/10\/cartell-WhatsApp-001-212x300.jpg 212w, https:\/\/bisbalpenedes.com\/web\/wp-content\/uploads\/2018\/10\/cartell-WhatsApp-001-600x849.jpg 600w, https:\/\/bisbalpenedes.com\/web\/wp-content\/uploads\/2018\/10\/cartell-WhatsApp-001-768x1087.jpg 768w, https:\/\/bisbalpenedes.com\/web\/wp-content\/uploads\/2018\/10\/cartell-WhatsApp-001-724x1024.jpg 724w, https:\/\/bisbalpenedes.com\/web\/wp-content\/uploads\/2018\/10\/cartell-WhatsApp-001.jpg 1190w\" sizes=\"(max-width: 212px) 100vw, 212px\" \/><\/a><\/p>\n","protected":false},"excerpt":{"rendered":"<p>A partir d&#8217;avui dimecres 7 de novembre\u00a0trobareu nous equips inform\u00e0tics\u00a0a la Biblioteca perqu\u00e8 els pugueu fer servir per escriure, fer cerques a internet, fer treballs escolars, etc. Des de la &hellip; <a href=\"https:\/\/bisbalpenedes.com\/web\/2018\/11\/07\/la-biblioteca-publica-estrena-equipament-informatic\/\" class=\"more-link\">Read More<\/a><\/p>\n","protected":false},"author":4,"featured_media":7729,"comment_status":"closed","ping_status":"closed","sticky":false,"template":"","format":"standard","meta":[],"categories":[13],"tags":[180,2443,2541,1532,1098,2542,999],"_links":{"self":[{"href":"https:\/\/bisbalpenedes.com\/web\/wp-json\/wp\/v2\/posts\/7727"}],"collection":[{"href":"https:\/\/bisbalpenedes.com\/web\/wp-json\/wp\/v2\/posts"}],"about":[{"href":"https:\/\/bisbalpenedes.com\/web\/wp-json\/wp\/v2\/types\/post"}],"author":[{"embeddable":true,"href":"https:\/\/bisbalpenedes.com\/web\/wp-json\/wp\/v2\/users\/4"}],"replies":[{"embeddable":true,"href":"https:\/\/bisbalpenedes.com\/web\/wp-json\/wp\/v2\/comments?post=7727"}],"version-history":[{"count":2,"href":"https:\/\/bisbalpenedes.com\/web\/wp-json\/wp\/v2\/posts\/7727\/revisions"}],"predecessor-version":[{"id":7732,"href":"https:\/\/bisbalpenedes.com\/web\/wp-json\/wp\/v2\/posts\/7727\/revisions\/7732"}],"wp:featuredmedia":[{"embeddable":true,"href":"https:\/\/bisbalpenedes.com\/web\/wp-json\/wp\/v2\/media\/7729"}],"wp:attachment":[{"href":"https:\/\/bisbalpenedes.com\/web\/wp-json\/wp\/v2\/media?parent=7727"}],"wp:term":[{"taxonomy":"category","embeddable":true,"href":"https:\/\/bisbalpenedes.com\/web\/wp-json\/wp\/v2\/categories?post=7727"},{"taxonomy":"post_tag","embeddable":true,"href":"https:\/\/bisbalpenedes.com\/web\/wp-json\/wp\/v2\/tags?post=7727"}],"curies":[{"name":"wp","href":"https:\/\/api.w.org\/{rel}","templated":true}]}}