{"id":772,"date":"2014-02-14T16:35:57","date_gmt":"2014-02-14T10:35:57","guid":{"rendered":"http:\/\/bisbalpenedes.com\/web\/?p=772"},"modified":"2014-02-14T16:35:57","modified_gmt":"2014-02-14T10:35:57","slug":"sant-jordi-2014","status":"publish","type":"post","link":"https:\/\/bisbalpenedes.com\/web\/2014\/02\/14\/sant-jordi-2014\/","title":{"rendered":"Sant Jordi 2014"},"content":{"rendered":"<p>La rosa per la dona i el llibre per a l\u2019home. Aquesta \u00e9s la tradici\u00f3 al nostre pa\u00eds, a Catalunya.<\/p>\n<p>En el nostre poble, a m\u00e9s, tenim una altra tradici\u00f3: la publicaci\u00f3 d\u2019un llibre amb contingut de caire local, i com que la Bisbal \u00e9s un poble de bon menjar, de bons i bones cuiners i cuineres, per al present any, l\u2019Equip de Govern, pensem en editar un llibre de receptes.<\/p>\n<p>El llibre es titular\u00e0 \u201c<strong>Cuina tradicional de la Bisbal del Pened\u00e8s. Un recull de les receptes de les dones i homes de la Bisbal<\/strong>\u201d i els autors seran tots els bisbalencs que aportin la seva recepta particular. Aquesta \u00e9s una forma que les nostres receptes perdurin en el temps, un record per als nostres fills i n\u00e9ts.<\/p>\n<p>Els interessats, podeu portar la vostra recepta de menjar, pastisseria, beguda, etc a les oficines municipals abans del 31 de mar\u00e7.<\/p>\n<p>Les receptes es publicaran amb el nom i la foto del cuiner\/a i la foto del plat cuinat (si la aporteu)<\/p>\n<p>En cas que alg\u00fa vulgui mantenir-se en l\u2019anonimat es respectar\u00e0 la decissi\u00f3 i nom\u00e9s es publicar\u00e0 la recepta.<a href=\"http:\/\/bisbalpenedes.com\/web\/wp-content\/uploads\/2014\/02\/santjordi2014.jpg\"><img loading=\"lazy\" class=\"aligncenter size-large wp-image-773\" title=\"santjordi2014\" src=\"http:\/\/bisbalpenedes.com\/web\/wp-content\/uploads\/2014\/02\/santjordi2014-396x1024.jpg\" alt=\"\" width=\"396\" height=\"1024\" srcset=\"https:\/\/bisbalpenedes.com\/web\/wp-content\/uploads\/2014\/02\/santjordi2014-396x1024.jpg 396w, https:\/\/bisbalpenedes.com\/web\/wp-content\/uploads\/2014\/02\/santjordi2014-116x300.jpg 116w\" sizes=\"(max-width: 396px) 100vw, 396px\" \/><\/a><\/p>\n","protected":false},"excerpt":{"rendered":"<p>La rosa per la dona i el llibre per a l\u2019home. Aquesta \u00e9s la tradici\u00f3 al nostre pa\u00eds, a Catalunya. En el nostre poble, a m\u00e9s, tenim una altra tradici\u00f3: &hellip; <a href=\"https:\/\/bisbalpenedes.com\/web\/2014\/02\/14\/sant-jordi-2014\/\" class=\"more-link\">Read More<\/a><\/p>\n","protected":false},"author":1,"featured_media":773,"comment_status":"closed","ping_status":"open","sticky":false,"template":"","format":"standard","meta":[],"categories":[13],"tags":[64],"_links":{"self":[{"href":"https:\/\/bisbalpenedes.com\/web\/wp-json\/wp\/v2\/posts\/772"}],"collection":[{"href":"https:\/\/bisbalpenedes.com\/web\/wp-json\/wp\/v2\/posts"}],"about":[{"href":"https:\/\/bisbalpenedes.com\/web\/wp-json\/wp\/v2\/types\/post"}],"author":[{"embeddable":true,"href":"https:\/\/bisbalpenedes.com\/web\/wp-json\/wp\/v2\/users\/1"}],"replies":[{"embeddable":true,"href":"https:\/\/bisbalpenedes.com\/web\/wp-json\/wp\/v2\/comments?post=772"}],"version-history":[{"count":2,"href":"https:\/\/bisbalpenedes.com\/web\/wp-json\/wp\/v2\/posts\/772\/revisions"}],"predecessor-version":[{"id":775,"href":"https:\/\/bisbalpenedes.com\/web\/wp-json\/wp\/v2\/posts\/772\/revisions\/775"}],"wp:featuredmedia":[{"embeddable":true,"href":"https:\/\/bisbalpenedes.com\/web\/wp-json\/wp\/v2\/media\/773"}],"wp:attachment":[{"href":"https:\/\/bisbalpenedes.com\/web\/wp-json\/wp\/v2\/media?parent=772"}],"wp:term":[{"taxonomy":"category","embeddable":true,"href":"https:\/\/bisbalpenedes.com\/web\/wp-json\/wp\/v2\/categories?post=772"},{"taxonomy":"post_tag","embeddable":true,"href":"https:\/\/bisbalpenedes.com\/web\/wp-json\/wp\/v2\/tags?post=772"}],"curies":[{"name":"wp","href":"https:\/\/api.w.org\/{rel}","templated":true}]}}