{"id":7684,"date":"2018-11-01T10:38:59","date_gmt":"2018-11-01T09:38:59","guid":{"rendered":"http:\/\/bisbalpenedes.com\/web\/?p=7684"},"modified":"2018-11-02T19:02:58","modified_gmt":"2018-11-02T18:02:58","slug":"fins-al-22-de-novembre-es-poden-sollicitar-les-subvencions-per-a-families-en-situacions-socioeconomiques-desafavorides","status":"publish","type":"post","link":"https:\/\/bisbalpenedes.com\/web\/2018\/11\/01\/fins-al-22-de-novembre-es-poden-sollicitar-les-subvencions-per-a-families-en-situacions-socioeconomiques-desafavorides\/","title":{"rendered":"Fins al 22 de novembre es poden sol\u00b7licitar les subvencions per a fam\u00edlies en situacions socioecon\u00f2miques desafavorides"},"content":{"rendered":"<p style=\"text-align: justify;\"><span style=\"color: #000000;\">Del 2 al 22 de novembre de 2018 es poden sol\u00b7licitar les subvencions\/ajuts per a fam\u00edlies en situacions socioecon\u00f2miques desafavorides. S\u00f3n objecte d&#8217;aquesta subvenci\u00f3 el cost\/alumne per adquirir els<strong> llibres de text escolars obligatoris<\/strong> per al curs escolar 2018\/2019, des del projecte de reciclatge de llibres de cada centre escolar, per a les fam\u00edlies que compleixin els requisits establerts en les bases de subvenci\u00f3.\u00a0En el cas de l&#8217;alumnat d&#8217;ESO, adscrit en programes de formaci\u00f3 alternatius que no utilitzin llibres de text, ser\u00e0 objecte de la subvenci\u00f3 la quantitat corresponent a l&#8217;adquisici\u00f3 dels materials espec\u00edfics que es facin servir en les formacions desenvolupades. Tamb\u00e9 ser\u00e0 objecte de la subvenci\u00f3 la <strong>quota anual de l&#8217;AMPA<\/strong> perqu\u00e8 els alumnes puguin tenir els avantatges de ser socis de l&#8217;AMPA, i el <strong>transport escolar intramunicipal del Consell Comarcal,<\/strong> per evitar l&#8217;absentisme escolar.<\/span><\/p>\n<p style=\"text-align: justify;\"><span style=\"color: #000000;\">Podeu consultar les bases completes d&#8217;aquestes subvencions, aqu\u00ed:\u00a0<a style=\"color: #000000;\" href=\"http:\/\/bisbalpenedes.com\/web\/wp-content\/uploads\/2018\/11\/SUBVENCIONS-PER-A-FAMILIES-EN-SITUACIONS-SOCIOECONOMIQUES-DESAFAVORIDES.pdf\">SUBVENCIONS PER A FAMILIES EN SITUACIONS SOCIOECONOMIQUES DESAFAVORIDES<\/a><\/span><\/p>\n<hr \/>\n<p style=\"text-align: justify;\"><span style=\"color: #000000;\"><strong>CASTELLANO |<\/strong> Del 2 al 22 de noviembre de 2018 se pueden solicitar las subvenciones\/ayudas para familias en situaciones socioecon\u00f3micas desfavorecidas. Son objeto de esta subvenci\u00f3n el coste\/alumno para adquirir los <strong>libros de texto escolares obligatorios<\/strong> para el curso escolar 2018\/2019, desde el proyecto de reciclaje de libros de cada centro escolar, para familias que cumplan los requisitos establecidos en las bases de subvenci\u00f3n. En el caso del alumnado de ESO, adscrito en programas de formaci\u00f3n alternativos que no utilicen libros de texto, ser\u00e1 objeto de la subvenci\u00f3n la cantidad correspondiente a la adquisici\u00f3n de los materiales espec\u00edficos que se hagan servir en las formaciones desarrolladas. Tambi\u00e9n ser\u00e1 objeto de la subvenci\u00f3n la <strong>cuota anual del AMPA<\/strong> para qu\u00e9 los alumnos puedan tener las ventajas de ser socios del AMPA, y el <strong>transporte escolar intramunicipal del Consell Comarcal<\/strong>, para evitar el absentismo escolar.<\/span><\/p>\n<p style=\"text-align: justify;\"><span style=\"color: #000000;\">Pod\u00e9is consultar las bases completas de estas subvenciones, aqu\u00ed:\u00a0<a style=\"color: #000000;\" href=\"http:\/\/bisbalpenedes.com\/web\/wp-content\/uploads\/2018\/11\/SUBVENCIONS-PER-A-FAMILIES-EN-SITUACIONS-SOCIOECONOMIQUES-DESAFAVORIDES.pdf\">SUBVENCIONS PER A FAMILIES EN SITUACIONS SOCIOECONOMIQUES DESAFAVORIDES<\/a><\/span><\/p>\n<p>&nbsp;<\/p>\n<p>&nbsp;<\/p>\n","protected":false},"excerpt":{"rendered":"<p>Del 2 al 22 de novembre de 2018 es poden sol\u00b7licitar les subvencions\/ajuts per a fam\u00edlies en situacions socioecon\u00f2miques desafavorides. S\u00f3n objecte d&#8217;aquesta subvenci\u00f3 el cost\/alumne per adquirir els llibres &hellip; <a href=\"https:\/\/bisbalpenedes.com\/web\/2018\/11\/01\/fins-al-22-de-novembre-es-poden-sollicitar-les-subvencions-per-a-families-en-situacions-socioeconomiques-desafavorides\/\" class=\"more-link\">Read More<\/a><\/p>\n","protected":false},"author":4,"featured_media":6737,"comment_status":"closed","ping_status":"closed","sticky":false,"template":"","format":"standard","meta":[],"categories":[2397],"tags":[1017,1999,2532,102,184],"_links":{"self":[{"href":"https:\/\/bisbalpenedes.com\/web\/wp-json\/wp\/v2\/posts\/7684"}],"collection":[{"href":"https:\/\/bisbalpenedes.com\/web\/wp-json\/wp\/v2\/posts"}],"about":[{"href":"https:\/\/bisbalpenedes.com\/web\/wp-json\/wp\/v2\/types\/post"}],"author":[{"embeddable":true,"href":"https:\/\/bisbalpenedes.com\/web\/wp-json\/wp\/v2\/users\/4"}],"replies":[{"embeddable":true,"href":"https:\/\/bisbalpenedes.com\/web\/wp-json\/wp\/v2\/comments?post=7684"}],"version-history":[{"count":3,"href":"https:\/\/bisbalpenedes.com\/web\/wp-json\/wp\/v2\/posts\/7684\/revisions"}],"predecessor-version":[{"id":7688,"href":"https:\/\/bisbalpenedes.com\/web\/wp-json\/wp\/v2\/posts\/7684\/revisions\/7688"}],"wp:featuredmedia":[{"embeddable":true,"href":"https:\/\/bisbalpenedes.com\/web\/wp-json\/wp\/v2\/media\/6737"}],"wp:attachment":[{"href":"https:\/\/bisbalpenedes.com\/web\/wp-json\/wp\/v2\/media?parent=7684"}],"wp:term":[{"taxonomy":"category","embeddable":true,"href":"https:\/\/bisbalpenedes.com\/web\/wp-json\/wp\/v2\/categories?post=7684"},{"taxonomy":"post_tag","embeddable":true,"href":"https:\/\/bisbalpenedes.com\/web\/wp-json\/wp\/v2\/tags?post=7684"}],"curies":[{"name":"wp","href":"https:\/\/api.w.org\/{rel}","templated":true}]}}