{"id":7675,"date":"2018-10-31T18:48:03","date_gmt":"2018-10-31T17:48:03","guid":{"rendered":"http:\/\/bisbalpenedes.com\/web\/?p=7675"},"modified":"2018-10-31T18:48:03","modified_gmt":"2018-10-31T17:48:03","slug":"una-cinquantena-dalumnes-de-lescola-ull-de-vent-han-participat-en-una-accio-de-manteniment-als-safaretjos","status":"publish","type":"post","link":"https:\/\/bisbalpenedes.com\/web\/2018\/10\/31\/una-cinquantena-dalumnes-de-lescola-ull-de-vent-han-participat-en-una-accio-de-manteniment-als-safaretjos\/","title":{"rendered":"Una cinquantena d&#8217;alumnes de l&#8217;Escola Ull de Vent han participat en una acci\u00f3 de manteniment als safaretjos"},"content":{"rendered":"<div class=\"\" data-block=\"true\" data-editor=\"1or6d\" data-offset-key=\"6glup-0-0\">\n<div class=\"_1mf _1mj\" data-offset-key=\"6glup-0-0\">\n<div id='gallery-1' class='gallery galleryid-7675 gallery-columns-3 gallery-size-medium'><figure class='gallery-item'>\n\t\t\t<div class='gallery-icon landscape'>\n\t\t\t\t<a href='https:\/\/bisbalpenedes.com\/web\/2018\/10\/31\/una-cinquantena-dalumnes-de-lescola-ull-de-vent-han-participat-en-una-accio-de-manteniment-als-safaretjos\/nens-escola-safaretjos-1\/'><img width=\"300\" height=\"200\" src=\"https:\/\/bisbalpenedes.com\/web\/wp-content\/uploads\/2018\/10\/nens-escola-safaretjos-1-300x200.jpg\" class=\"attachment-medium size-medium\" alt=\"\" loading=\"lazy\" srcset=\"https:\/\/bisbalpenedes.com\/web\/wp-content\/uploads\/2018\/10\/nens-escola-safaretjos-1-300x200.jpg 300w, https:\/\/bisbalpenedes.com\/web\/wp-content\/uploads\/2018\/10\/nens-escola-safaretjos-1-600x400.jpg 600w, https:\/\/bisbalpenedes.com\/web\/wp-content\/uploads\/2018\/10\/nens-escola-safaretjos-1-768x512.jpg 768w, https:\/\/bisbalpenedes.com\/web\/wp-content\/uploads\/2018\/10\/nens-escola-safaretjos-1.jpg 960w\" sizes=\"(max-width: 300px) 100vw, 300px\" \/><\/a>\n\t\t\t<\/div><\/figure><figure class='gallery-item'>\n\t\t\t<div class='gallery-icon landscape'>\n\t\t\t\t<a href='https:\/\/bisbalpenedes.com\/web\/2018\/10\/31\/una-cinquantena-dalumnes-de-lescola-ull-de-vent-han-participat-en-una-accio-de-manteniment-als-safaretjos\/nens-escola-safaretjos-2\/'><img width=\"300\" height=\"200\" src=\"https:\/\/bisbalpenedes.com\/web\/wp-content\/uploads\/2018\/10\/nens-escola-safaretjos-2-300x200.jpg\" class=\"attachment-medium size-medium\" alt=\"\" loading=\"lazy\" srcset=\"https:\/\/bisbalpenedes.com\/web\/wp-content\/uploads\/2018\/10\/nens-escola-safaretjos-2-300x200.jpg 300w, https:\/\/bisbalpenedes.com\/web\/wp-content\/uploads\/2018\/10\/nens-escola-safaretjos-2-600x400.jpg 600w, https:\/\/bisbalpenedes.com\/web\/wp-content\/uploads\/2018\/10\/nens-escola-safaretjos-2-768x512.jpg 768w, https:\/\/bisbalpenedes.com\/web\/wp-content\/uploads\/2018\/10\/nens-escola-safaretjos-2-1024x683.jpg 1024w, https:\/\/bisbalpenedes.com\/web\/wp-content\/uploads\/2018\/10\/nens-escola-safaretjos-2.jpg 2048w\" sizes=\"(max-width: 300px) 100vw, 300px\" \/><\/a>\n\t\t\t<\/div><\/figure><figure class='gallery-item'>\n\t\t\t<div class='gallery-icon landscape'>\n\t\t\t\t<a href='https:\/\/bisbalpenedes.com\/web\/2018\/10\/31\/una-cinquantena-dalumnes-de-lescola-ull-de-vent-han-participat-en-una-accio-de-manteniment-als-safaretjos\/nens-escola-safaretjos-3\/'><img width=\"300\" height=\"200\" src=\"https:\/\/bisbalpenedes.com\/web\/wp-content\/uploads\/2018\/10\/nens-escola-safaretjos-3-300x200.jpg\" class=\"attachment-medium size-medium\" alt=\"\" loading=\"lazy\" srcset=\"https:\/\/bisbalpenedes.com\/web\/wp-content\/uploads\/2018\/10\/nens-escola-safaretjos-3-300x200.jpg 300w, https:\/\/bisbalpenedes.com\/web\/wp-content\/uploads\/2018\/10\/nens-escola-safaretjos-3-600x400.jpg 600w, https:\/\/bisbalpenedes.com\/web\/wp-content\/uploads\/2018\/10\/nens-escola-safaretjos-3-768x512.jpg 768w, https:\/\/bisbalpenedes.com\/web\/wp-content\/uploads\/2018\/10\/nens-escola-safaretjos-3-1024x683.jpg 1024w, https:\/\/bisbalpenedes.com\/web\/wp-content\/uploads\/2018\/10\/nens-escola-safaretjos-3.jpg 2048w\" sizes=\"(max-width: 300px) 100vw, 300px\" \/><\/a>\n\t\t\t<\/div><\/figure><figure class='gallery-item'>\n\t\t\t<div class='gallery-icon landscape'>\n\t\t\t\t<a href='https:\/\/bisbalpenedes.com\/web\/2018\/10\/31\/una-cinquantena-dalumnes-de-lescola-ull-de-vent-han-participat-en-una-accio-de-manteniment-als-safaretjos\/nens-escola-safaretjos-4\/'><img width=\"300\" height=\"200\" src=\"https:\/\/bisbalpenedes.com\/web\/wp-content\/uploads\/2018\/10\/nens-escola-safaretjos-4-300x200.jpg\" class=\"attachment-medium size-medium\" alt=\"\" loading=\"lazy\" srcset=\"https:\/\/bisbalpenedes.com\/web\/wp-content\/uploads\/2018\/10\/nens-escola-safaretjos-4-300x200.jpg 300w, https:\/\/bisbalpenedes.com\/web\/wp-content\/uploads\/2018\/10\/nens-escola-safaretjos-4-600x400.jpg 600w, https:\/\/bisbalpenedes.com\/web\/wp-content\/uploads\/2018\/10\/nens-escola-safaretjos-4-768x512.jpg 768w, https:\/\/bisbalpenedes.com\/web\/wp-content\/uploads\/2018\/10\/nens-escola-safaretjos-4-1024x683.jpg 1024w, https:\/\/bisbalpenedes.com\/web\/wp-content\/uploads\/2018\/10\/nens-escola-safaretjos-4.jpg 2048w\" sizes=\"(max-width: 300px) 100vw, 300px\" \/><\/a>\n\t\t\t<\/div><\/figure><figure class='gallery-item'>\n\t\t\t<div class='gallery-icon landscape'>\n\t\t\t\t<a href='https:\/\/bisbalpenedes.com\/web\/2018\/10\/31\/una-cinquantena-dalumnes-de-lescola-ull-de-vent-han-participat-en-una-accio-de-manteniment-als-safaretjos\/nens-escola-safaretjos-5\/'><img width=\"300\" height=\"200\" src=\"https:\/\/bisbalpenedes.com\/web\/wp-content\/uploads\/2018\/10\/nens-escola-safaretjos-5-300x200.jpg\" class=\"attachment-medium size-medium\" alt=\"\" loading=\"lazy\" srcset=\"https:\/\/bisbalpenedes.com\/web\/wp-content\/uploads\/2018\/10\/nens-escola-safaretjos-5-300x200.jpg 300w, https:\/\/bisbalpenedes.com\/web\/wp-content\/uploads\/2018\/10\/nens-escola-safaretjos-5-600x400.jpg 600w, https:\/\/bisbalpenedes.com\/web\/wp-content\/uploads\/2018\/10\/nens-escola-safaretjos-5-768x512.jpg 768w, https:\/\/bisbalpenedes.com\/web\/wp-content\/uploads\/2018\/10\/nens-escola-safaretjos-5-1024x683.jpg 1024w, https:\/\/bisbalpenedes.com\/web\/wp-content\/uploads\/2018\/10\/nens-escola-safaretjos-5.jpg 2048w\" sizes=\"(max-width: 300px) 100vw, 300px\" \/><\/a>\n\t\t\t<\/div><\/figure><figure class='gallery-item'>\n\t\t\t<div class='gallery-icon landscape'>\n\t\t\t\t<a href='https:\/\/bisbalpenedes.com\/web\/2018\/10\/31\/una-cinquantena-dalumnes-de-lescola-ull-de-vent-han-participat-en-una-accio-de-manteniment-als-safaretjos\/safaretjos-6\/'><img width=\"300\" height=\"200\" src=\"https:\/\/bisbalpenedes.com\/web\/wp-content\/uploads\/2018\/10\/safaretjos-6-300x200.jpg\" class=\"attachment-medium size-medium\" alt=\"\" loading=\"lazy\" srcset=\"https:\/\/bisbalpenedes.com\/web\/wp-content\/uploads\/2018\/10\/safaretjos-6-300x200.jpg 300w, https:\/\/bisbalpenedes.com\/web\/wp-content\/uploads\/2018\/10\/safaretjos-6-600x400.jpg 600w, https:\/\/bisbalpenedes.com\/web\/wp-content\/uploads\/2018\/10\/safaretjos-6-768x512.jpg 768w, https:\/\/bisbalpenedes.com\/web\/wp-content\/uploads\/2018\/10\/safaretjos-6-1024x683.jpg 1024w, https:\/\/bisbalpenedes.com\/web\/wp-content\/uploads\/2018\/10\/safaretjos-6.jpg 2048w\" sizes=\"(max-width: 300px) 100vw, 300px\" \/><\/a>\n\t\t\t<\/div><\/figure>\n\t\t<\/div>\n\n<\/div>\n<div class=\"_1mf _1mj\" data-offset-key=\"6glup-0-0\"><span style=\"color: #000000;\" data-offset-key=\"6glup-0-0\"><span data-text=\"true\">Una cinquantena d&#8217;alumnes de cicle inicial de l&#8217;Escola Ull de Vent han participat, aquest dimarts 30 d&#8217;octubre, d&#8217;una acci\u00f3 de manteniment a la zona dels safaretjos. La Merc\u00e8 Catal\u00e0 \u00e9s mestra de l&#8217;escola i ha explicat que &#8220;des de l&#8217;escola es treballa la sensibilitzaci\u00f3 vers la natura i el patrimoni de forma vivencial. Per aquest motiu tirem endavant aquest tipus d&#8217;activitat i venim en tres moments diferents de l&#8217;any per poder observar els canvis en la natura&#8221;. Les regidories d&#8217;Ensenyament, Medi Ambient i Territori es col\u00b7laboren en l&#8217;activitat aportant material i recursos per poder dur a terme l&#8217;activitat.<\/span><\/span><\/div>\n<\/div>\n<div class=\"\" data-block=\"true\" data-editor=\"1or6d\" data-offset-key=\"drn4j-0-0\">\n<div class=\"_1mf _1mj\" data-offset-key=\"drn4j-0-0\"><span style=\"color: #000000;\" data-offset-key=\"drn4j-0-0\">\u00a0<\/span><\/div>\n<\/div>\n<div class=\"\" data-block=\"true\" data-editor=\"1or6d\" data-offset-key=\"a8ttv-0-0\">\n<div class=\"_1mf _1mj\" data-offset-key=\"a8ttv-0-0\"><span style=\"color: #000000;\" data-offset-key=\"a8ttv-0-0\"><span data-text=\"true\">&#8212;<\/span><\/span><\/div>\n<\/div>\n<div class=\"\" data-block=\"true\" data-editor=\"1or6d\" data-offset-key=\"3t2om-0-0\">\n<div class=\"_1mf _1mj\" data-offset-key=\"3t2om-0-0\"><span style=\"color: #000000;\" data-offset-key=\"3t2om-0-0\">\u00a0<\/span><\/div>\n<\/div>\n<div class=\"\" data-block=\"true\" data-editor=\"1or6d\" data-offset-key=\"886t2-0-0\">\n<div class=\"_1mf _1mj\" data-offset-key=\"886t2-0-0\"><span style=\"color: #000000;\" data-offset-key=\"886t2-0-0\"><span data-text=\"true\">CASTELLANO | Una cincuentena de alumnos de ciclo inicial de la Escola Ull de Vent han participado, este martes 30 de octubre, en una acci\u00f3n de mantenimiento en la zona de los safaretjos. Merc\u00e8 Catal\u00e0 es maestra de la escuela y ha explicado que &#8220;desde la escuela se trabaja la sensibilizaci\u00f3n con la naturaleza y el patrimonio de forma vivencial. Por este motivo tiramos adelante este tipo de actividad y venimos en tres momentos diferentes del a\u00f1o para poder observar los cambios en la naturaleza&#8221;. Las regidories de Ensenyament, Medi Ambient y Territori colaboran en la actividad aportando material y recursos para poder llevar a cabo la actividad.<\/span><\/span><\/div>\n<\/div>\n<div class=\"\" data-block=\"true\" data-editor=\"1or6d\" data-offset-key=\"cot1r-0-0\"><\/div>\n<div class=\"\" data-block=\"true\" data-editor=\"1or6d\" data-offset-key=\"2skpo-0-0\"><\/div>\n","protected":false},"excerpt":{"rendered":"<p>Una cinquantena d&#8217;alumnes de cicle inicial de l&#8217;Escola Ull de Vent han participat, aquest dimarts 30 d&#8217;octubre, d&#8217;una acci\u00f3 de manteniment a la zona dels safaretjos. La Merc\u00e8 Catal\u00e0 \u00e9s &hellip; <a href=\"https:\/\/bisbalpenedes.com\/web\/2018\/10\/31\/una-cinquantena-dalumnes-de-lescola-ull-de-vent-han-participat-en-una-accio-de-manteniment-als-safaretjos\/\" class=\"more-link\">Read More<\/a><\/p>\n","protected":false},"author":4,"featured_media":7678,"comment_status":"closed","ping_status":"closed","sticky":false,"template":"","format":"standard","meta":[],"categories":[2397],"tags":[274,862,65,335,147,2531,990,222],"_links":{"self":[{"href":"https:\/\/bisbalpenedes.com\/web\/wp-json\/wp\/v2\/posts\/7675"}],"collection":[{"href":"https:\/\/bisbalpenedes.com\/web\/wp-json\/wp\/v2\/posts"}],"about":[{"href":"https:\/\/bisbalpenedes.com\/web\/wp-json\/wp\/v2\/types\/post"}],"author":[{"embeddable":true,"href":"https:\/\/bisbalpenedes.com\/web\/wp-json\/wp\/v2\/users\/4"}],"replies":[{"embeddable":true,"href":"https:\/\/bisbalpenedes.com\/web\/wp-json\/wp\/v2\/comments?post=7675"}],"version-history":[{"count":2,"href":"https:\/\/bisbalpenedes.com\/web\/wp-json\/wp\/v2\/posts\/7675\/revisions"}],"predecessor-version":[{"id":7683,"href":"https:\/\/bisbalpenedes.com\/web\/wp-json\/wp\/v2\/posts\/7675\/revisions\/7683"}],"wp:featuredmedia":[{"embeddable":true,"href":"https:\/\/bisbalpenedes.com\/web\/wp-json\/wp\/v2\/media\/7678"}],"wp:attachment":[{"href":"https:\/\/bisbalpenedes.com\/web\/wp-json\/wp\/v2\/media?parent=7675"}],"wp:term":[{"taxonomy":"category","embeddable":true,"href":"https:\/\/bisbalpenedes.com\/web\/wp-json\/wp\/v2\/categories?post=7675"},{"taxonomy":"post_tag","embeddable":true,"href":"https:\/\/bisbalpenedes.com\/web\/wp-json\/wp\/v2\/tags?post=7675"}],"curies":[{"name":"wp","href":"https:\/\/api.w.org\/{rel}","templated":true}]}}