{"id":7655,"date":"2018-10-30T12:56:25","date_gmt":"2018-10-30T11:56:25","guid":{"rendered":"http:\/\/bisbalpenedes.com\/web\/?p=7655"},"modified":"2018-10-30T12:56:25","modified_gmt":"2018-10-30T11:56:25","slug":"la-junta-de-govern-ha-aprovat-un-contracte-menor-per-a-ladquisicio-i-la-collocacio-de-50-contenidors-de-fraccio-organica","status":"publish","type":"post","link":"https:\/\/bisbalpenedes.com\/web\/2018\/10\/30\/la-junta-de-govern-ha-aprovat-un-contracte-menor-per-a-ladquisicio-i-la-collocacio-de-50-contenidors-de-fraccio-organica\/","title":{"rendered":"La Junta de Govern ha aprovat un contracte menor per a l&#8217;adquisici\u00f3 i la col\u00b7locaci\u00f3 de 50 contenidors de fracci\u00f3 org\u00e0nica"},"content":{"rendered":"<p style=\"text-align: justify;\"><span style=\"color: #000000;\">La Junta de Govern local del 25 d&#8217;octubre ha aprovat un contracte menor per a l&#8217;adquisici\u00f3 i la col\u00b7locaci\u00f3 de 50 contenidors de fracci\u00f3 org\u00e0nica, de 240 litres de capacitat, per un import total de 13.328\u20ac.<\/span><\/p>\n<p style=\"text-align: justify;\"><span style=\"color: #000000;\">En la darrera Junta es va aprovar la contractaci\u00f3 dels contenidors petits, les bosses i la campanya informativa per\u00f2 el lot que corresponia al subministrament i instal\u00b7laci\u00f3 de 50 contenidors de fracci\u00f3 org\u00e0nica al Priorat, la Masieta, la Miralba, Can Gordei, l&#8217;Esplai, el Papagai i l&#8217;Ortig\u00f3s, va quedar desert. Ara, amb aquesta contractaci\u00f3 aprovada per Junta de Govern ja es podr\u00e0 iniciar la implantaci\u00f3. Pr\u00f2ximament l&#8217;Ajuntament informar\u00e0 de l&#8217;inici de la campanya i dels detalls del funcionament.<\/span><\/p>\n<hr \/>\n<p style=\"text-align: justify;\"><span style=\"color: #000000;\">CASTELLANO | La Junta de Gobierno local del 25 de octubre ha aprobado un contrato menor para la adquisici\u00f3n y la colocaci\u00f3n de 50 contenedores de fracci\u00f3n org\u00e1nica, de 240 litros de capacidad, por un importe total de 13.328\u20ac.<\/span><\/p>\n<p style=\"text-align: justify;\"><span style=\"color: #000000;\">En la \u00faltima Junta se aprob\u00f3 la contrataci\u00f3n de los contenedores peque\u00f1os, las bolsas y la campa\u00f1a informativa pero el lote que correspond\u00eda al suministro e instalaci\u00f3n de 50 contenedores de fracci\u00f3n org\u00e1nica en el Priorato, la Masieta, la Miralba, Can Gordei, l&#8217;Esplai, el Papagai y l&#8217;Ortig\u00f3s, qued\u00f3 desierto. Ahora, con esta contrataci\u00f3n aprobada por Junta de Gobierno ya se podr\u00e1 iniciar la implantaci\u00f3n. Pr\u00f3ximamente el Ayuntamiento informar\u00e1 del inicio de la campa\u00f1a y de los detalles del funcionamiento de la misma.<\/span><\/p>\n","protected":false},"excerpt":{"rendered":"<p>La Junta de Govern local del 25 d&#8217;octubre ha aprovat un contracte menor per a l&#8217;adquisici\u00f3 i la col\u00b7locaci\u00f3 de 50 contenidors de fracci\u00f3 org\u00e0nica, de 240 litres de capacitat, &hellip; <a href=\"https:\/\/bisbalpenedes.com\/web\/2018\/10\/30\/la-junta-de-govern-ha-aprovat-un-contracte-menor-per-a-ladquisicio-i-la-collocacio-de-50-contenidors-de-fraccio-organica\/\" class=\"more-link\">Read More<\/a><\/p>\n","protected":false},"author":4,"featured_media":2868,"comment_status":"closed","ping_status":"closed","sticky":false,"template":"","format":"standard","meta":[],"categories":[32,8],"tags":[2528,625,1908,1907,2446],"_links":{"self":[{"href":"https:\/\/bisbalpenedes.com\/web\/wp-json\/wp\/v2\/posts\/7655"}],"collection":[{"href":"https:\/\/bisbalpenedes.com\/web\/wp-json\/wp\/v2\/posts"}],"about":[{"href":"https:\/\/bisbalpenedes.com\/web\/wp-json\/wp\/v2\/types\/post"}],"author":[{"embeddable":true,"href":"https:\/\/bisbalpenedes.com\/web\/wp-json\/wp\/v2\/users\/4"}],"replies":[{"embeddable":true,"href":"https:\/\/bisbalpenedes.com\/web\/wp-json\/wp\/v2\/comments?post=7655"}],"version-history":[{"count":2,"href":"https:\/\/bisbalpenedes.com\/web\/wp-json\/wp\/v2\/posts\/7655\/revisions"}],"predecessor-version":[{"id":7660,"href":"https:\/\/bisbalpenedes.com\/web\/wp-json\/wp\/v2\/posts\/7655\/revisions\/7660"}],"wp:featuredmedia":[{"embeddable":true,"href":"https:\/\/bisbalpenedes.com\/web\/wp-json\/wp\/v2\/media\/2868"}],"wp:attachment":[{"href":"https:\/\/bisbalpenedes.com\/web\/wp-json\/wp\/v2\/media?parent=7655"}],"wp:term":[{"taxonomy":"category","embeddable":true,"href":"https:\/\/bisbalpenedes.com\/web\/wp-json\/wp\/v2\/categories?post=7655"},{"taxonomy":"post_tag","embeddable":true,"href":"https:\/\/bisbalpenedes.com\/web\/wp-json\/wp\/v2\/tags?post=7655"}],"curies":[{"name":"wp","href":"https:\/\/api.w.org\/{rel}","templated":true}]}}