{"id":7572,"date":"2018-10-24T14:04:36","date_gmt":"2018-10-24T13:04:36","guid":{"rendered":"http:\/\/bisbalpenedes.com\/web\/?p=7572"},"modified":"2018-10-24T14:04:36","modified_gmt":"2018-10-24T13:04:36","slug":"ja-ha-comencat-la-campanya-de-vacunacio-contra-la-grip","status":"publish","type":"post","link":"https:\/\/bisbalpenedes.com\/web\/2018\/10\/24\/ja-ha-comencat-la-campanya-de-vacunacio-contra-la-grip\/","title":{"rendered":"Ja ha comen\u00e7at la campanya de vacunaci\u00f3 contra la grip"},"content":{"rendered":"<p style=\"text-align: justify;\"><a href=\"http:\/\/bisbalpenedes.com\/web\/wp-content\/uploads\/2018\/10\/115113_Cartell_vacuna_grip_VS-001.jpg\"><img loading=\"lazy\" class=\"aligncenter size-medium wp-image-7573\" src=\"http:\/\/bisbalpenedes.com\/web\/wp-content\/uploads\/2018\/10\/115113_Cartell_vacuna_grip_VS-001-212x300.jpg\" alt=\"CAMPANYA VACUNACIO GRIP 2018\" width=\"212\" height=\"300\" srcset=\"https:\/\/bisbalpenedes.com\/web\/wp-content\/uploads\/2018\/10\/115113_Cartell_vacuna_grip_VS-001-212x300.jpg 212w, https:\/\/bisbalpenedes.com\/web\/wp-content\/uploads\/2018\/10\/115113_Cartell_vacuna_grip_VS-001-600x848.jpg 600w, https:\/\/bisbalpenedes.com\/web\/wp-content\/uploads\/2018\/10\/115113_Cartell_vacuna_grip_VS-001-768x1086.jpg 768w, https:\/\/bisbalpenedes.com\/web\/wp-content\/uploads\/2018\/10\/115113_Cartell_vacuna_grip_VS-001-724x1024.jpg 724w, https:\/\/bisbalpenedes.com\/web\/wp-content\/uploads\/2018\/10\/115113_Cartell_vacuna_grip_VS-001.jpg 1684w\" sizes=\"(max-width: 212px) 100vw, 212px\" \/><\/a><\/p>\n<p style=\"text-align: justify;\"><span style=\"color: #000000;\"><strong>Ja ha comen\u00e7at la campanya de vacunaci\u00f3 contra la grip.<\/strong> El Departament de Salut ha adquirit m\u00e9s d&#8217;1.200.000 dosis de vacunes que estaran disponibles a tots els CAP i centres vacunals amb l&#8217;objectiu de prevenir la grip i evitar les complicacions i la mortalitat associada a la malaltia.<\/span><\/p>\n<p style=\"text-align: justify;\"><span style=\"color: #000000;\">El per\u00edode \u00f2ptim de vacunaci\u00f3 \u00e9s fins al 15 de desembre, uns quinze dies abans que la grip arribi al llindar epid\u00e8mic, que aquest any se situa als 110,7 casos per 100.000 habitants. Tot i aix\u00f2, les dosis estaran disponibles durant tota la temporada de grip.<\/span><\/p>\n<p style=\"text-align: justify;\"><span style=\"color: #000000;\">Segons les dades de la Generalitat, l&#8217;any passat l&#8217;activitat gripal a Catalunya va ser moderada-alta i va causar 1.306 casos greus confirmats pel virus de la grip. El 65,5% no estaven vacunats; un 79,8% presentaven algun factor de risc; i un 61,3% eren persones m\u00e9s grans de 64 anys. La malaltia va provocar un total de 175 defuncions.<\/span><\/p>\n<p style=\"text-align: justify;\"><span style=\"color: #000000;\">La vacunaci\u00f3 contra la grip estacional s&#8217;adre\u00e7a especialment a les\u00a0<strong>persones que tenen un alt risc\u00a0<\/strong><strong>de complicacions si pateixen la grip<\/strong>, com ara:<\/span><\/p>\n<ul style=\"text-align: justify;\">\n<li><span style=\"color: #000000;\">Persones de 60 anys d&#8217;edat o m\u00e9s;<\/span><\/li>\n<\/ul>\n<ul style=\"text-align: justify;\">\n<li><span style=\"color: #000000;\">Persones internades en institucions tancades: resid\u00e8ncies geri\u00e0triques, centres de malalties cr\u00f2niques i malalties mentals, etc.;<\/span><\/li>\n<\/ul>\n<ul style=\"text-align: justify;\">\n<li><span style=\"color: #000000;\">Adults i infants amb malalties pulmonars o cardiovasculars cr\u00f2niques, incloent-hi l&#8217;asma;<\/span><\/li>\n<\/ul>\n<ul style=\"text-align: justify;\">\n<li><span style=\"color: #000000;\">Adults i infants que han estat sotmesos a vigil\u00e0ncia m\u00e8dica o hospitalitzaci\u00f3 durant l&#8217;any anterior a causa de malalties cr\u00f2niques metab\u00f2liques (incloent-hi la diabetis mellitus), malalties renals o hep\u00e0tiques cr\u00f2niques, hemoglobinopaties i an\u00e8mies, aspl\u00e8nia, malalties neuromusculars greus o immunosupressi\u00f3 (incloent-hi les causades per medicaci\u00f3 o pel virus de la immunodefici\u00e8ncia humana);<\/span><\/li>\n<\/ul>\n<ul style=\"text-align: justify;\">\n<li><span style=\"color: #000000;\">Persones amb obesitat m\u00f2rbida;<\/span><\/li>\n<\/ul>\n<ul style=\"text-align: justify;\">\n<li><span style=\"color: #000000;\">Infants i adolescents (dels sis mesos als divuit anys) tractats durant un llarg temps amb \u00e0cid acetilsalic\u00edlic i que, per tant, poden desenvolupar la s\u00edndrome de Reye (dany cerebral agut i problemes hep\u00e0tics de causa desconeguda) despr\u00e9s de la grip, i<\/span><\/li>\n<\/ul>\n<ul style=\"text-align: justify;\">\n<li><span style=\"color: #000000;\">Dones embarassades.<\/span><\/li>\n<\/ul>\n<p style=\"text-align: justify;\"><span style=\"color: #000000;\">Tamb\u00e9 s&#8217;adre\u00e7a a les\u00a0<strong>persones o grups que poden transmetre la grip a persones en situaci\u00f3 d&#8217;alt risc<\/strong>, com ara:<\/span><\/p>\n<ul style=\"text-align: justify;\">\n<li><span style=\"color: #000000;\">Professionals de la salut, tant de l&#8217;atenci\u00f3 prim\u00e0ria com de l&#8217;hospital\u00e0ria;<\/span><\/li>\n<\/ul>\n<ul style=\"text-align: justify;\">\n<li><span style=\"color: #000000;\">Treballadors d&#8217;institucions com resid\u00e8ncies geri\u00e0triques o centres de malalts cr\u00f2nics, que tinguin contacte amb malalts o residents;<\/span><\/li>\n<\/ul>\n<ul style=\"text-align: justify;\">\n<li><span style=\"color: #000000;\">Professionals d&#8217;assist\u00e8ncia domicili\u00e0ria a persones d&#8217;alt risc (infermeria, voluntariat, etc.), i<\/span><\/li>\n<\/ul>\n<ul style=\"text-align: justify;\">\n<li><span style=\"color: #000000;\">Persones que conviuen amb persones d&#8217;alt risc (incloent-hi els infants).<\/span><\/li>\n<\/ul>\n<p style=\"text-align: justify;\"><span style=\"color: #000000;\">Uns\u00a0<strong>altres grups als quals es recomana la vacunaci\u00f3<\/strong>\u00a0s\u00f3n:<\/span><\/p>\n<ul style=\"text-align: justify;\">\n<li><span style=\"color: #000000;\">Persones que realitzen serveis essencials per a la comunitat, per tal de minimitzar la interrupci\u00f3 de la seva activitat durant els brots gripals: policies, bombers, personal de protecci\u00f3 civil, etc., i<\/span><\/li>\n<\/ul>\n<ul style=\"text-align: justify;\">\n<li><span style=\"color: #000000;\">Viatgers internacionals: persones dels grups de risc no vacunades durant la temporada gripal i que es dirigeixin a zones tropicals en qualsevol \u00e8poca de l&#8217;any o a l&#8217;hemisferi sud entre els mesos d&#8217;abril i setembre.<\/span><\/li>\n<\/ul>\n<p style=\"text-align: justify;\"><span style=\"color: #000000;\"><strong>Per a m\u00e9s informaci\u00f3<\/strong> podeu entrar al web del Canal Salut de la Generalitat:\u00a0<a style=\"color: #000000;\" href=\"http:\/\/canalsalut.gencat.cat\/ca\/salut-a-z\/g\/grip\/grip\/vacunacio\/\">http:\/\/canalsalut.gencat.cat\/ca\/salut-a-z\/g\/grip\/grip\/vacunacio\/\u00a0<\/a><\/span><\/p>\n<hr \/>\n<p style=\"text-align: justify;\"><a href=\"http:\/\/bisbalpenedes.com\/web\/wp-content\/uploads\/2018\/10\/115113_Cartell_vacuna_grip_VS-001.jpg\"><img loading=\"lazy\" class=\"aligncenter size-medium wp-image-7573\" src=\"http:\/\/bisbalpenedes.com\/web\/wp-content\/uploads\/2018\/10\/115113_Cartell_vacuna_grip_VS-001-212x300.jpg\" alt=\"CAMPANYA VACUNACIO GRIP 2018\" width=\"212\" height=\"300\" srcset=\"https:\/\/bisbalpenedes.com\/web\/wp-content\/uploads\/2018\/10\/115113_Cartell_vacuna_grip_VS-001-212x300.jpg 212w, https:\/\/bisbalpenedes.com\/web\/wp-content\/uploads\/2018\/10\/115113_Cartell_vacuna_grip_VS-001-600x848.jpg 600w, https:\/\/bisbalpenedes.com\/web\/wp-content\/uploads\/2018\/10\/115113_Cartell_vacuna_grip_VS-001-768x1086.jpg 768w, https:\/\/bisbalpenedes.com\/web\/wp-content\/uploads\/2018\/10\/115113_Cartell_vacuna_grip_VS-001-724x1024.jpg 724w, https:\/\/bisbalpenedes.com\/web\/wp-content\/uploads\/2018\/10\/115113_Cartell_vacuna_grip_VS-001.jpg 1684w\" sizes=\"(max-width: 212px) 100vw, 212px\" \/><\/a><\/p>\n<p style=\"text-align: justify;\"><span style=\"color: #000000;\"><strong>CASTELLANO |<\/strong> <strong>Ya ha empezado la campa\u00f1a de vacunaci\u00f3n contra la gripe.<\/strong> El Departament de Salut ha adquirido m\u00e1s de 1.200.000 dosis de vacunas que estar\u00e1n disponibles en todos los CAP y centros vacunales con el objetivo de prevenir la gripe y evitar las complicaciones y la mortalidad asociada a la enfermedad.<\/span><\/p>\n<p style=\"text-align: justify;\"><span style=\"color: #000000;\">El periodo \u00f3ptimo de vacunaci\u00f3n es hasta el 15 de diciembre, unos quince d\u00edas antes de que la gripe llegue al umbral epid\u00e9mico, que este a\u00f1o se sit\u00faa en los 110,7 casos por 100.000 habitantes. Aun as\u00ed, las dosis estar\u00e1n disponibles durante toda la temporada de gripe.<\/span><\/p>\n<p style=\"text-align: justify;\"><span style=\"color: #000000;\">Seg\u00fan los datos de la Generalitat, el a\u00f1o pasado la actividad gripal en Catalu\u00f1a fue moderada-alta y caus\u00f3 1.306 casos graves confirmados por el virus de la gripe. El 65,5% no estaban vacunados; un 79,8% presentaban alg\u00fan factor de riesgo; y un 61,3% eran personas mayores de 65 a\u00f1os. La enfermedad provoc\u00f3 un total de 175 defunciones.<\/span><\/p>\n<p style=\"text-align: justify;\"><span style=\"color: #000000;\">La vacunaci\u00f3n contra la gripe estacional se dirige especialmente a las <strong>personas que tienen un alto riesgo de complicaciones si sufren la gripe,<\/strong> como por ejemplo:<\/span><\/p>\n<ul style=\"text-align: justify;\">\n<li><span style=\"color: #000000;\">Personas de 60 a\u00f1os de edad o m\u00e1s;<\/span><\/li>\n<li><span style=\"color: #000000;\">Personas internadas en instituciones cerradas: residencias geri\u00e1tricas, centros de enfermedades cr\u00f3nicas y enfermedades mentales, etc.;<\/span><\/li>\n<li><span style=\"color: #000000;\">Adultos y ni\u00f1os con enfermedades pulmonares o cardiovasculares cr\u00f3nicas, incluyendo el asma;<\/span><\/li>\n<li><span style=\"color: #000000;\">Adultos y ni\u00f1os que han sido sometidos a vigilancia m\u00e9dica u hospitalizaci\u00f3n durante el a\u00f1o anterior a causa de enfermedades cr\u00f3nicas metab\u00f3licas (incluyendo la diabetes mellitus), enfermedades renales o hep\u00e1ticas cr\u00f3nicas, hemoglobinopat\u00edas y anemias, asplenia, enfermedades neuromusculares graves o inmunosupresoras (incluyendo las causadas por medicaci\u00f3n o por el virus de la inmunodeficiencia humana);<\/span><\/li>\n<li><span style=\"color: #000000;\">Personas con obesidad m\u00f3rbida.<\/span><\/li>\n<li><span style=\"color: #000000;\">Ni\u00f1os y adolescentes (de los seis meses a los dieciocho a\u00f1os) tratados durante un largo tiempo con \u00e1cido acetilsalic\u00edlico y que, por lo tanto, puedan desarrollar el s\u00edndrome de Reye (da\u00f1o cerebral agudo y problemas hep\u00e1ticos de causa desconocida) despu\u00e9s de la gripe, y<\/span><\/li>\n<li><span style=\"color: #000000;\">Mujeres embarazadas.<\/span><\/li>\n<\/ul>\n<p style=\"text-align: justify;\"><span style=\"color: #000000;\">Tambi\u00e9n se dirige a las <strong>personas o grupos que pueden transmitir la gripe a personas en situaci\u00f3n de riesgo,<\/strong> como por ejemplo:<\/span><\/p>\n<ul style=\"text-align: justify;\">\n<li><span style=\"color: #000000;\">Profesionales de la salud, tanto de la atenci\u00f3n primaria como de la hospitalaria;<\/span><\/li>\n<li><span style=\"color: #000000;\">Trabajadores de instituciones como residencias geri\u00e1tricas o centros de enfermos cr\u00f3nicos, que tengan contacto con enfermos o residentes;<\/span><\/li>\n<li><span style=\"color: #000000;\">Profesionales de asistencia domiciliaria a personas de alto riesgo (enfermer\u00eda, voluntariado, etc.), y<\/span><\/li>\n<li><span style=\"color: #000000;\">Personas que conviven con personas de alto riesgo (incluyendo los ni\u00f1os).<\/span><\/li>\n<\/ul>\n<p style=\"text-align: justify;\"><span style=\"color: #000000;\"><strong>Otros grupos a los que se les recomienda la vacuna<\/strong>, son:<\/span><\/p>\n<ul style=\"text-align: justify;\">\n<li><span style=\"color: #000000;\">Personas que realizan servicios esenciales para la comunidad, por tal de minimizar la interrupci\u00f3n de su actividad durante los brotes gripales: polic\u00edas, bomberos, personal de protecci\u00f3n civil, etc., y<\/span><\/li>\n<li><span style=\"color: #000000;\">Viajeros internacionales: personas de los grupos de riesgo no vacunadas durante la temporada gripal y que se dirigen a zonas tropicales en cualquier \u00e9poca del a\u00f1o o al hemisferio sur entre los meses de abril y septiembre.<\/span><\/li>\n<\/ul>\n<p style=\"text-align: justify;\"><span style=\"color: #000000;\"><strong>Para m\u00e1s informaci\u00f3n<\/strong> pod\u00e9is entrar en la p\u00e1gina web del Canal Salut de la Generalitat:\u00a0\u00a0<a style=\"color: #000000;\" href=\"http:\/\/canalsalut.gencat.cat\/ca\/salut-a-z\/g\/grip\/grip\/vacunacio\/\">http:\/\/canalsalut.gencat.cat\/ca\/salut-a-z\/g\/grip\/grip\/vacunacio\/\u00a0<\/a><\/span><\/p>\n","protected":false},"excerpt":{"rendered":"<p>Ja ha comen\u00e7at la campanya de vacunaci\u00f3 contra la grip. El Departament de Salut ha adquirit m\u00e9s d&#8217;1.200.000 dosis de vacunes que estaran disponibles a tots els CAP i centres &hellip; <a href=\"https:\/\/bisbalpenedes.com\/web\/2018\/10\/24\/ja-ha-comencat-la-campanya-de-vacunacio-contra-la-grip\/\" class=\"more-link\">Read More<\/a><\/p>\n","protected":false},"author":4,"featured_media":7573,"comment_status":"closed","ping_status":"closed","sticky":false,"template":"","format":"standard","meta":[],"categories":[8,14],"tags":[438,866,2508,2509,305,2506,2507,145,434,431],"_links":{"self":[{"href":"https:\/\/bisbalpenedes.com\/web\/wp-json\/wp\/v2\/posts\/7572"}],"collection":[{"href":"https:\/\/bisbalpenedes.com\/web\/wp-json\/wp\/v2\/posts"}],"about":[{"href":"https:\/\/bisbalpenedes.com\/web\/wp-json\/wp\/v2\/types\/post"}],"author":[{"embeddable":true,"href":"https:\/\/bisbalpenedes.com\/web\/wp-json\/wp\/v2\/users\/4"}],"replies":[{"embeddable":true,"href":"https:\/\/bisbalpenedes.com\/web\/wp-json\/wp\/v2\/comments?post=7572"}],"version-history":[{"count":2,"href":"https:\/\/bisbalpenedes.com\/web\/wp-json\/wp\/v2\/posts\/7572\/revisions"}],"predecessor-version":[{"id":7575,"href":"https:\/\/bisbalpenedes.com\/web\/wp-json\/wp\/v2\/posts\/7572\/revisions\/7575"}],"wp:featuredmedia":[{"embeddable":true,"href":"https:\/\/bisbalpenedes.com\/web\/wp-json\/wp\/v2\/media\/7573"}],"wp:attachment":[{"href":"https:\/\/bisbalpenedes.com\/web\/wp-json\/wp\/v2\/media?parent=7572"}],"wp:term":[{"taxonomy":"category","embeddable":true,"href":"https:\/\/bisbalpenedes.com\/web\/wp-json\/wp\/v2\/categories?post=7572"},{"taxonomy":"post_tag","embeddable":true,"href":"https:\/\/bisbalpenedes.com\/web\/wp-json\/wp\/v2\/tags?post=7572"}],"curies":[{"name":"wp","href":"https:\/\/api.w.org\/{rel}","templated":true}]}}