{"id":7569,"date":"2018-10-24T13:28:57","date_gmt":"2018-10-24T12:28:57","guid":{"rendered":"http:\/\/bisbalpenedes.com\/web\/?p=7569"},"modified":"2018-10-24T13:28:57","modified_gmt":"2018-10-24T12:28:57","slug":"la-regidoria-densenyament-subvenciona-els-materials-i-les-activitats-de-lescola-amb-13-200e","status":"publish","type":"post","link":"https:\/\/bisbalpenedes.com\/web\/2018\/10\/24\/la-regidoria-densenyament-subvenciona-els-materials-i-les-activitats-de-lescola-amb-13-200e\/","title":{"rendered":"La Regidoria d\u2019Ensenyament subvenciona els materials i les activitats de l\u2019escola amb 13.200\u20ac"},"content":{"rendered":"<p style=\"text-align: justify;\"><a href=\"http:\/\/bisbalpenedes.com\/web\/wp-content\/uploads\/2018\/10\/DSC02198.jpg\"><img loading=\"lazy\" class=\"aligncenter size-large wp-image-7570\" src=\"http:\/\/bisbalpenedes.com\/web\/wp-content\/uploads\/2018\/10\/DSC02198-1024x768.jpg\" alt=\"Leo i angel escola\" width=\"630\" height=\"473\" srcset=\"https:\/\/bisbalpenedes.com\/web\/wp-content\/uploads\/2018\/10\/DSC02198-1024x768.jpg 1024w, https:\/\/bisbalpenedes.com\/web\/wp-content\/uploads\/2018\/10\/DSC02198-600x450.jpg 600w, https:\/\/bisbalpenedes.com\/web\/wp-content\/uploads\/2018\/10\/DSC02198-300x225.jpg 300w, https:\/\/bisbalpenedes.com\/web\/wp-content\/uploads\/2018\/10\/DSC02198-768x576.jpg 768w\" sizes=\"(max-width: 630px) 100vw, 630px\" \/><\/a><\/p>\n<p style=\"text-align: justify;\"><span style=\"color: #000000;\">La Junta de Govern Local del 28 de setembre va aprovar el conveni de col\u00b7laboraci\u00f3 entre l\u2019Ajuntament i l\u2019Escola Ull de Vent per al curs 2018\/2019. Aquest dimarts 23 d\u2019octubre la regidora d\u2019Ensenyament, Leo Uceda, i el director de l\u2019escola, \u00c0ngel Espinosa, han signat el conveni.<\/span><\/p>\n<p style=\"text-align: justify;\"><span style=\"color: #000000;\">Es tracta d\u2019un acord que es tira endavant cada any amb la finalitat de <strong>fer front al material escolar dels alumnes de l\u2019Escola Ull de Vent<\/strong> empadronats al municipi amb la novetat que, enguany, la quantitat per alumne <strong>s\u2019ha incrementat en 10\u20ac, sent 50\u20ac la quantitat que correspondr\u00e0 a cada nen o nena.<\/strong><\/span><\/p>\n<p style=\"text-align: justify;\"><span style=\"color: #000000;\">L\u2019<strong>import total del conveni \u00e9s de 13.200\u20ac<\/strong>, ja que els alumnes bisbalencs matriculats per al curs escolar 2018-2019 s\u00f3n 264.<\/span><\/p>\n<p style=\"text-align: justify;\"><span style=\"color: #000000;\">La subvenci\u00f3 que rep l\u2019escola es destina a:\u00a0<\/span><\/p>\n<ol style=\"text-align: justify;\">\n<li><span style=\"color: #000000;\">Adquisici\u00f3 de llibres per a la biblioteca del centre escolar.<\/span><\/li>\n<li><span style=\"color: #000000;\">Adquisici\u00f3 de material fungible de papereria.<\/span><\/li>\n<li><span style=\"color: #000000;\">Adquisici\u00f3 de material did\u00e0ctic per a\u00a0treballs manuals.<\/span><\/li>\n<li><span style=\"color: #000000;\">Jocs pedag\u00f2gics i esportius.<\/span><\/li>\n<li><span style=\"color: #000000;\">Altres materials que es considerin oportuns pel funcionament de les activitats.<\/span><\/li>\n<li><span style=\"color: #000000;\">Reposici\u00f3 de materials d\u2019\u00fas did\u00e0ctic de les aules.<\/span><\/li>\n<li><span style=\"color: #000000;\">Material inform\u00e0tic.<\/span><\/li>\n<li><span style=\"color: #000000;\">Adquisici\u00f3 d\u2019aliments i altre material necessari per a la celebraci\u00f3 de \u201cla castanyada\u201d, \u201cla mona\u201d, \u201cSant Jordi\u201d, \u201cel ti\u00f3\u201d i altres festes que es puguin fer dins del curs escolar.<\/span><\/li>\n<\/ol>\n<p style=\"text-align: justify;\"><span style=\"color: #000000;\">Tamb\u00e9 s\u2019hi inclou la c<strong>ompra preferent en els comer\u00e7os del municipi.<\/strong><\/span><\/p>\n<p style=\"text-align: justify;\"><span style=\"color: #000000;\">L\u2019Escola, com les entitats culturals i esportives que reben subvenci\u00f3 amb conveni signat, ha de justificar l\u2019aplicaci\u00f3 de la subvenci\u00f3 concedida a la finalitzaci\u00f3 del curs escolar. Aquesta justificaci\u00f3 s\u2019ha de fer mitjan\u00e7ant una relaci\u00f3 detallada dels ingressos i les despeses signada pel secretari\/a de l\u2019escola i amb el vistiplau de la direcci\u00f3 del centre educatiu.<\/span><\/p>\n<hr \/>\n<p style=\"text-align: justify;\"><a href=\"http:\/\/bisbalpenedes.com\/web\/wp-content\/uploads\/2018\/10\/DSC02198.jpg\"><img loading=\"lazy\" class=\"aligncenter size-large wp-image-7570\" src=\"http:\/\/bisbalpenedes.com\/web\/wp-content\/uploads\/2018\/10\/DSC02198-1024x768.jpg\" alt=\"Leo i angel escola\" width=\"630\" height=\"473\" srcset=\"https:\/\/bisbalpenedes.com\/web\/wp-content\/uploads\/2018\/10\/DSC02198-1024x768.jpg 1024w, https:\/\/bisbalpenedes.com\/web\/wp-content\/uploads\/2018\/10\/DSC02198-600x450.jpg 600w, https:\/\/bisbalpenedes.com\/web\/wp-content\/uploads\/2018\/10\/DSC02198-300x225.jpg 300w, https:\/\/bisbalpenedes.com\/web\/wp-content\/uploads\/2018\/10\/DSC02198-768x576.jpg 768w\" sizes=\"(max-width: 630px) 100vw, 630px\" \/><\/a><\/p>\n<p style=\"text-align: justify;\"><span style=\"color: #000000;\"><strong>CASTELLANO |<\/strong> La Junta de Gobierno Local del 28 de septiembre aprob\u00f3 el convenio de colaboraci\u00f3n entre el Ayuntamiento y la Escola Ull de Vent para el curso 2018\/2019. Este martes 23 de octubre la regidora d&#8217;Ensenyament, Leo Uceda, y el director de la escuela, \u00c0ngel Espinosa, han firmado el convenio.<\/span><\/p>\n<p style=\"text-align: justify;\"><span style=\"color: #000000;\">Se trata de un acuerdo que se lleva a cabo cada a\u00f1o con la finalidad de <strong>hacer frente al material escolar de los alumnos de la Escola Ull de Vent<\/strong> empadronados en el municipio con la novedad que, este a\u00f1o, la cantidad por alumno<strong> se ha incrementado en 10\u20ac, siendo 50\u20ac la cantidad que corresponder\u00e1 a cada ni\u00f1o o ni\u00f1a.<\/strong><\/span><\/p>\n<p style=\"text-align: justify;\"><span style=\"color: #000000;\"><strong>El importe total del convenio es de 13.200\u20ac<\/strong>, ya que los alumnos bisbalencs matriculados para el curso escolar 2018-2019 son 264.<\/span><\/p>\n<p style=\"text-align: justify;\"><span style=\"color: #000000;\">La subvenci\u00f3n que recibe la escuela se destina a:<\/span><\/p>\n<ol style=\"text-align: justify;\">\n<li><span style=\"color: #000000;\">Adquisici\u00f3n de libros para la biblioteca del centro escolar.<\/span><\/li>\n<li><span style=\"color: #000000;\">Adquisici\u00f3n de material fungible de papeler\u00eda.<\/span><\/li>\n<li><span style=\"color: #000000;\">Adquisici\u00f3n de material did\u00e1ctico para manualidades.<\/span><\/li>\n<li><span style=\"color: #000000;\">Juegos pedag\u00f3gicos y deportivos<\/span><\/li>\n<li><span style=\"color: #000000;\">Otros materiales que se consideren oportunos para el funcionamiento de las actividades.<\/span><\/li>\n<li><span style=\"color: #000000;\">Reposici\u00f3n de materiales de uso did\u00e1ctico de las aulas.<\/span><\/li>\n<li><span style=\"color: #000000;\">Material inform\u00e1tico.<\/span><\/li>\n<li><span style=\"color: #000000;\">Adquisici\u00f3n de alimentos y otro material necesario para la celebraci\u00f3n de &#8220;la castanyada&#8221;, &#8220;la mona&#8221;, &#8220;Sant Jordi&#8221;, &#8220;el ti\u00f3&#8221; u otras fiestas que se puedan hacer dentro del curso escolar.<\/span><\/li>\n<\/ol>\n<p style=\"text-align: justify;\"><span style=\"color: #000000;\">Tambi\u00e9n se incluye la <strong>compra preferente en los comercios del municipio.<\/strong><\/span><\/p>\n<p style=\"text-align: justify;\"><span style=\"color: #000000;\">La escuela, como las entidades culturales y deportivas que reciben subvenci\u00f3n con el convenio firmado, deben justificar la aplicaci\u00f3n de la subvenci\u00f3n concedida en finalizar el curso escolar. Esta justificaci\u00f3n se debe hacer mediante una relaci\u00f3n detallada de los ingresos y los gastos firmada por el secretario\/a de la escuela y con el visto bueno de la direcci\u00f3n del centro educativo.<\/span><\/p>\n","protected":false},"excerpt":{"rendered":"<p>La Junta de Govern Local del 28 de setembre va aprovar el conveni de col\u00b7laboraci\u00f3 entre l\u2019Ajuntament i l\u2019Escola Ull de Vent per al curs 2018\/2019. Aquest dimarts 23 d\u2019octubre &hellip; <a href=\"https:\/\/bisbalpenedes.com\/web\/2018\/10\/24\/la-regidoria-densenyament-subvenciona-els-materials-i-les-activitats-de-lescola-amb-13-200e\/\" class=\"more-link\">Read More<\/a><\/p>\n","protected":false},"author":4,"featured_media":7570,"comment_status":"closed","ping_status":"closed","sticky":false,"template":"","format":"standard","meta":[],"categories":[2397],"tags":[230,1491,65,845,99,222],"_links":{"self":[{"href":"https:\/\/bisbalpenedes.com\/web\/wp-json\/wp\/v2\/posts\/7569"}],"collection":[{"href":"https:\/\/bisbalpenedes.com\/web\/wp-json\/wp\/v2\/posts"}],"about":[{"href":"https:\/\/bisbalpenedes.com\/web\/wp-json\/wp\/v2\/types\/post"}],"author":[{"embeddable":true,"href":"https:\/\/bisbalpenedes.com\/web\/wp-json\/wp\/v2\/users\/4"}],"replies":[{"embeddable":true,"href":"https:\/\/bisbalpenedes.com\/web\/wp-json\/wp\/v2\/comments?post=7569"}],"version-history":[{"count":1,"href":"https:\/\/bisbalpenedes.com\/web\/wp-json\/wp\/v2\/posts\/7569\/revisions"}],"predecessor-version":[{"id":7571,"href":"https:\/\/bisbalpenedes.com\/web\/wp-json\/wp\/v2\/posts\/7569\/revisions\/7571"}],"wp:featuredmedia":[{"embeddable":true,"href":"https:\/\/bisbalpenedes.com\/web\/wp-json\/wp\/v2\/media\/7570"}],"wp:attachment":[{"href":"https:\/\/bisbalpenedes.com\/web\/wp-json\/wp\/v2\/media?parent=7569"}],"wp:term":[{"taxonomy":"category","embeddable":true,"href":"https:\/\/bisbalpenedes.com\/web\/wp-json\/wp\/v2\/categories?post=7569"},{"taxonomy":"post_tag","embeddable":true,"href":"https:\/\/bisbalpenedes.com\/web\/wp-json\/wp\/v2\/tags?post=7569"}],"curies":[{"name":"wp","href":"https:\/\/api.w.org\/{rel}","templated":true}]}}