{"id":7555,"date":"2018-10-24T07:59:30","date_gmt":"2018-10-24T06:59:30","guid":{"rendered":"http:\/\/bisbalpenedes.com\/web\/?p=7555"},"modified":"2018-10-24T08:04:51","modified_gmt":"2018-10-24T07:04:51","slug":"fins-al-15-de-desembre-podeu-sollicitar-els-ajuts-economics-per-a-la-rehabilitacio-o-neteja-de-facanes-i-tancament-de-solars","status":"publish","type":"post","link":"https:\/\/bisbalpenedes.com\/web\/2018\/10\/24\/fins-al-15-de-desembre-podeu-sollicitar-els-ajuts-economics-per-a-la-rehabilitacio-o-neteja-de-facanes-i-tancament-de-solars\/","title":{"rendered":"Fins al 15 de desembre podeu sol\u00b7licitar els ajuts econ\u00f2mics per a la rehabilitaci\u00f3 o neteja de fa\u00e7anes i tancament de solars"},"content":{"rendered":"<p><a href=\"http:\/\/bisbalpenedes.com\/web\/wp-content\/uploads\/2018\/10\/subv_facanes_def.jpg\"><img loading=\"lazy\" class=\"aligncenter size-medium wp-image-7556\" src=\"http:\/\/bisbalpenedes.com\/web\/wp-content\/uploads\/2018\/10\/subv_facanes_def-214x300.jpg\" alt=\"subv_facanes_def\" width=\"214\" height=\"300\" srcset=\"https:\/\/bisbalpenedes.com\/web\/wp-content\/uploads\/2018\/10\/subv_facanes_def-214x300.jpg 214w, https:\/\/bisbalpenedes.com\/web\/wp-content\/uploads\/2018\/10\/subv_facanes_def-600x842.jpg 600w, https:\/\/bisbalpenedes.com\/web\/wp-content\/uploads\/2018\/10\/subv_facanes_def-768x1078.jpg 768w, https:\/\/bisbalpenedes.com\/web\/wp-content\/uploads\/2018\/10\/subv_facanes_def-730x1024.jpg 730w, https:\/\/bisbalpenedes.com\/web\/wp-content\/uploads\/2018\/10\/subv_facanes_def.jpg 851w\" sizes=\"(max-width: 214px) 100vw, 214px\" \/><\/a><\/p>\n<p><span style=\"color: #000000;\">L&#8217;Ajuntament de la Bisbal del Pened\u00e8s informa que fins al 15 de desembre de 2018 es poden sol\u00b7licitar els ajuts econ\u00f2mics, de car\u00e0cter individual, per a la rehabilitaci\u00f3 i neteja de fa\u00e7anes i el tancament de solars (exercici 2018).<\/span><\/p>\n<p><span style=\"color: #000000;\">Les activitats que se subvencionen, s\u00f3n:<\/span><\/p>\n<p style=\"padding-left: 30px;\"><span style=\"color: #000000;\">-Rehabilitaci\u00f3 i neteja de fa\u00e7anes: actuacions que millorin l&#8217;est\u00e8tica i la seguretat dels elements estructurals i ornamentals que conformen les fa\u00e7anes. S&#8217;ent\u00e9n per fa\u00e7ana el parament exterior d&#8217;un edifici visible des de la via p\u00fablica, incloses les parets mitgeres que, de forma for\u00e7osa i permanent, hagin de quedar al descobert.<\/span><\/p>\n<p style=\"padding-left: 30px;\"><span style=\"color: #000000;\">-Tancament de solars: tancament de solars urbans, entenent com a solar urb\u00e0 aquell terreny situat dins del teixit urb\u00e0 que compleixi els requisits establerts a l&#8217;article 29 del Decret Legislatiu 1-2010, de 3 d&#8217;agost, pel qual s&#8217;aprova el Text Ref\u00f3s de la Llei d&#8217;Urbanisme.<\/span><\/p>\n<p><span style=\"color: #000000;\">La quantitat de l&#8217;ajut ser\u00e0 del 25% del cost total de l&#8217;obra a realitzar amb un m\u00e0xim de 500\u20ac per obra o activitat. La partida total que el Pressupost 2018 de l&#8217;Ajuntament de la Bisbal del Pened\u00e8s contempla per a aquesta subvenci\u00f3 ascendeix\u00a0 a 10.000\u20ac.<\/span><\/p>\n<p><span style=\"color: #000000;\"><strong>Requisits de la persona sol\u00b7licitant:<\/strong><\/span><\/p>\n<ul>\n<li><span style=\"color: #000000;\">que tinguin la consideraci\u00f3 de subjecte passiu contribuent, segons les ordenances fiscals vigents que regulen l\u2019Impost sobre Construccions, Instal\u00b7lacions i Obres i la taxa per tramitaci\u00f3 de llic\u00e8ncies urban\u00edstiques o altres actes d\u2019intervenci\u00f3 municipal en l\u2019edificaci\u00f3 i \u00fas del s\u00f2l<\/span><\/li>\n<li><span style=\"color: #000000;\">que estiguin al corrent de pagament de les obligacions tribut\u00e0ries municipals<\/span><\/li>\n<\/ul>\n<p><span style=\"color: #000000;\">Bases de la convocat\u00f2ria:\u00a0<a style=\"color: #000000;\" href=\"http:\/\/bisbalpenedes.com\/web\/wp-content\/uploads\/2018\/07\/BASES-SUBVENCIONS-FAcANES-i-TANQUES-SOLARS.pdf\">BASES SUBVENCIONS FAcANES i TANQUES SOLARS<\/a><\/span><\/p>\n<p><span style=\"color: #000000;\">Model de sol\u00b7licitud:\u00a0<a style=\"color: #000000;\" href=\"http:\/\/bisbalpenedes.com\/web\/wp-content\/uploads\/2018\/07\/MODEL-SOL_LICITUD-AJUTS-ECONOMICS-PER-A-LA-REHABILITACIO-DE-FAcANES-I-EL-TANCAMENT-DE-SOLARS.pdf\">MODEL SOL_LICITUD AJUTS ECONOMICS PER A LA REHABILITACIO DE FAcANES I EL TANCAMENT DE SOLARS<\/a><\/span><\/p>\n<hr \/>\n<p><span style=\"color: #000000;\">El Ayuntamiento de la Bisbal del Pened\u00e8s informa que hasta el 15 de diciembre del 2018 se pueden solicitar las ayudas econ\u00f3micas, de car\u00e1cter individual, para la rehabilitaci\u00f3n y la limpieza de fachadas y el cierre de solares (ejercicio 2018).<\/span><\/p>\n<p><span style=\"color: #000000;\">Las actividades que se subvencionan, son:<\/span><\/p>\n<p style=\"padding-left: 30px;\"><span style=\"color: #000000;\">-Rehabilitaci\u00f3n y limpieza de fachadas: actuaciones que mejoren la est\u00e9tica y la seguridad de los elementos estructurales y ornamentales que conforman las fachadas. Se entiende por fachada el paramento exterior de un edificio visible desde la v\u00eda p\u00fablica, incluidas las paredes medianeras que, de forma forzosa y permanente, hayan de quedar al descubierto.<\/span><\/p>\n<p style=\"padding-left: 30px;\"><span style=\"color: #000000;\">-Cierre de solares: cierre de solares urbanos, entendiendo como solar urbano aquel terreno situado dentro del tejido urbano que cumpla los requisitos establecidos en el art\u00edculo 29 del Decreto Legislativo 1-2010, de 3 de agosto, por el cual se aprueba el Texto Refundido de la Ley de Urbanismo.<\/span><\/p>\n<p><span style=\"color: #000000;\">La cantidad de la ayuda ser\u00e1 del 25% del coste total de la obra a realizar con un m\u00e1simo de 500\u20ac por obra o actividad. La partida total que el Presupuesto 2018 del Ayuntamiento de la Bisbal del Pened\u00e8s contempla para esta subvenci\u00f3n asciende a 10.000\u20ac<\/span><\/p>\n<p><span style=\"color: #000000;\"><strong>Requisitos de la persona solicitante:<\/strong><\/span><\/p>\n<ul>\n<li><span style=\"color: #000000;\">que tengan la consideraci\u00f3n de sujeto pasivo contribuyente, seg\u00fan las ordenanzas fiscales vigentes que regulan el Impuesto sobre Construcciones, Instalaciones y Obras y la tasa para la tramitaci\u00f3n de licencias urban\u00edsticas u otros actos de intervenci\u00f3n municipal en la edificaci\u00f3n y uso del suelo<\/span><\/li>\n<li><span style=\"color: #000000;\">que est\u00e9n al corriente de pago de las obligaciones tributarias municipales<\/span><\/li>\n<\/ul>\n<p><span style=\"color: #000000;\">Bases de la convocatoria:\u00a0<a style=\"color: #000000;\" href=\"http:\/\/bisbalpenedes.com\/web\/wp-content\/uploads\/2018\/07\/BASES-SUBVENCIONS-FAcANES-i-TANQUES-SOLARS.pdf\">BASES SUBVENCIONS FAcANES i TANQUES SOLARS<\/a><\/span><\/p>\n<p><span style=\"color: #000000;\">Modelo de solicitud:\u00a0<a style=\"color: #000000;\" href=\"http:\/\/bisbalpenedes.com\/web\/wp-content\/uploads\/2018\/07\/MODEL-SOL_LICITUD-AJUTS-ECONOMICS-PER-A-LA-REHABILITACIO-DE-FAcANES-I-EL-TANCAMENT-DE-SOLARS.pdf\">MODEL SOL_LICITUD AJUTS ECONOMICS PER A LA REHABILITACIO DE FAcANES I EL TANCAMENT DE SOLARS<\/a><\/span><\/p>\n","protected":false},"excerpt":{"rendered":"<p>L&#8217;Ajuntament de la Bisbal del Pened\u00e8s informa que fins al 15 de desembre de 2018 es poden sol\u00b7licitar els ajuts econ\u00f2mics, de car\u00e0cter individual, per a la rehabilitaci\u00f3 i neteja &hellip; <a href=\"https:\/\/bisbalpenedes.com\/web\/2018\/10\/24\/fins-al-15-de-desembre-podeu-sollicitar-els-ajuts-economics-per-a-la-rehabilitacio-o-neteja-de-facanes-i-tancament-de-solars\/\" class=\"more-link\">Read More<\/a><\/p>\n","protected":false},"author":4,"featured_media":7556,"comment_status":"closed","ping_status":"closed","sticky":false,"template":"","format":"standard","meta":[],"categories":[15],"tags":[2501,2503,1054,361,2502,394,102,1224,2090],"_links":{"self":[{"href":"https:\/\/bisbalpenedes.com\/web\/wp-json\/wp\/v2\/posts\/7555"}],"collection":[{"href":"https:\/\/bisbalpenedes.com\/web\/wp-json\/wp\/v2\/posts"}],"about":[{"href":"https:\/\/bisbalpenedes.com\/web\/wp-json\/wp\/v2\/types\/post"}],"author":[{"embeddable":true,"href":"https:\/\/bisbalpenedes.com\/web\/wp-json\/wp\/v2\/users\/4"}],"replies":[{"embeddable":true,"href":"https:\/\/bisbalpenedes.com\/web\/wp-json\/wp\/v2\/comments?post=7555"}],"version-history":[{"count":1,"href":"https:\/\/bisbalpenedes.com\/web\/wp-json\/wp\/v2\/posts\/7555\/revisions"}],"predecessor-version":[{"id":7557,"href":"https:\/\/bisbalpenedes.com\/web\/wp-json\/wp\/v2\/posts\/7555\/revisions\/7557"}],"wp:featuredmedia":[{"embeddable":true,"href":"https:\/\/bisbalpenedes.com\/web\/wp-json\/wp\/v2\/media\/7556"}],"wp:attachment":[{"href":"https:\/\/bisbalpenedes.com\/web\/wp-json\/wp\/v2\/media?parent=7555"}],"wp:term":[{"taxonomy":"category","embeddable":true,"href":"https:\/\/bisbalpenedes.com\/web\/wp-json\/wp\/v2\/categories?post=7555"},{"taxonomy":"post_tag","embeddable":true,"href":"https:\/\/bisbalpenedes.com\/web\/wp-json\/wp\/v2\/tags?post=7555"}],"curies":[{"name":"wp","href":"https:\/\/api.w.org\/{rel}","templated":true}]}}