{"id":7543,"date":"2018-10-23T10:34:17","date_gmt":"2018-10-23T09:34:17","guid":{"rendered":"http:\/\/bisbalpenedes.com\/web\/?p=7543"},"modified":"2018-10-23T10:34:17","modified_gmt":"2018-10-23T09:34:17","slug":"la-comissio-de-festes-de-can-gordei-ha-organitzat-un-passatge-del-terror-per-al-dissabte-3-de-novembre","status":"publish","type":"post","link":"https:\/\/bisbalpenedes.com\/web\/2018\/10\/23\/la-comissio-de-festes-de-can-gordei-ha-organitzat-un-passatge-del-terror-per-al-dissabte-3-de-novembre\/","title":{"rendered":"La Comissi\u00f3 de Festes de Can Gordei ha organitzat un passatge del terror per al dissabte 3 de novembre"},"content":{"rendered":"<p><span style=\"color: #000000;\">La Comissi\u00f3 de Festes de Can Gordei ha organitzat un passatge del terror per al dissabte 3 de novembre a partir de les 20.30h. L&#8217;activitat tindr\u00e0 lloc al bar del Poliesportiu de Can Gordei i l&#8217;entrada t\u00e9 un preu de 2\u20ac.<\/span><\/p>\n<hr \/>\n<p><span style=\"color: #000000;\"><strong>CASTELLANO |<\/strong> La Comisi\u00f3n de Fiestas de Can Gordei ha organizado un pasaje del terror para el s\u00e1bado 3 de noviembre a partir de las 20.30h. La actividad se llevar\u00e1 a cabo en el bar del Polideportivo de Can Gordei y la entrada tiene un precio de 2\u20ac.<\/span><\/p>\n<p><a href=\"http:\/\/bisbalpenedes.com\/web\/wp-content\/uploads\/2018\/10\/noche-de-halloween-can-gordei.jpg\"><img loading=\"lazy\" class=\"aligncenter size-full wp-image-7544\" src=\"http:\/\/bisbalpenedes.com\/web\/wp-content\/uploads\/2018\/10\/noche-de-halloween-can-gordei.jpg\" alt=\"noche de halloween can gordei\" width=\"681\" height=\"960\" srcset=\"https:\/\/bisbalpenedes.com\/web\/wp-content\/uploads\/2018\/10\/noche-de-halloween-can-gordei.jpg 681w, https:\/\/bisbalpenedes.com\/web\/wp-content\/uploads\/2018\/10\/noche-de-halloween-can-gordei-600x846.jpg 600w, https:\/\/bisbalpenedes.com\/web\/wp-content\/uploads\/2018\/10\/noche-de-halloween-can-gordei-213x300.jpg 213w\" sizes=\"(max-width: 681px) 100vw, 681px\" \/><\/a><\/p>\n","protected":false},"excerpt":{"rendered":"<p>La Comissi\u00f3 de Festes de Can Gordei ha organitzat un passatge del terror per al dissabte 3 de novembre a partir de les 20.30h. L&#8217;activitat tindr\u00e0 lloc al bar del &hellip; <a href=\"https:\/\/bisbalpenedes.com\/web\/2018\/10\/23\/la-comissio-de-festes-de-can-gordei-ha-organitzat-un-passatge-del-terror-per-al-dissabte-3-de-novembre\/\" class=\"more-link\">Read More<\/a><\/p>\n","protected":false},"author":4,"featured_media":0,"comment_status":"closed","ping_status":"closed","sticky":false,"template":"","format":"standard","meta":[],"categories":[20],"tags":[198,1362,123,2499,2500],"_links":{"self":[{"href":"https:\/\/bisbalpenedes.com\/web\/wp-json\/wp\/v2\/posts\/7543"}],"collection":[{"href":"https:\/\/bisbalpenedes.com\/web\/wp-json\/wp\/v2\/posts"}],"about":[{"href":"https:\/\/bisbalpenedes.com\/web\/wp-json\/wp\/v2\/types\/post"}],"author":[{"embeddable":true,"href":"https:\/\/bisbalpenedes.com\/web\/wp-json\/wp\/v2\/users\/4"}],"replies":[{"embeddable":true,"href":"https:\/\/bisbalpenedes.com\/web\/wp-json\/wp\/v2\/comments?post=7543"}],"version-history":[{"count":1,"href":"https:\/\/bisbalpenedes.com\/web\/wp-json\/wp\/v2\/posts\/7543\/revisions"}],"predecessor-version":[{"id":7545,"href":"https:\/\/bisbalpenedes.com\/web\/wp-json\/wp\/v2\/posts\/7543\/revisions\/7545"}],"wp:attachment":[{"href":"https:\/\/bisbalpenedes.com\/web\/wp-json\/wp\/v2\/media?parent=7543"}],"wp:term":[{"taxonomy":"category","embeddable":true,"href":"https:\/\/bisbalpenedes.com\/web\/wp-json\/wp\/v2\/categories?post=7543"},{"taxonomy":"post_tag","embeddable":true,"href":"https:\/\/bisbalpenedes.com\/web\/wp-json\/wp\/v2\/tags?post=7543"}],"curies":[{"name":"wp","href":"https:\/\/api.w.org\/{rel}","templated":true}]}}