{"id":7533,"date":"2018-10-23T09:59:00","date_gmt":"2018-10-23T08:59:00","guid":{"rendered":"http:\/\/bisbalpenedes.com\/web\/?p=7533"},"modified":"2018-10-23T09:59:18","modified_gmt":"2018-10-23T08:59:18","slug":"el-divendres-9-de-novembre-no-et-perdis-el-taller-infantil-pinta-la-tardor-que-farem-a-la-biblioteca","status":"publish","type":"post","link":"https:\/\/bisbalpenedes.com\/web\/2018\/10\/23\/el-divendres-9-de-novembre-no-et-perdis-el-taller-infantil-pinta-la-tardor-que-farem-a-la-biblioteca\/","title":{"rendered":"El divendres 9 de novembre no et perdis el taller infantil &#8216;Pinta la tardor!&#8217; que farem a la Biblioteca"},"content":{"rendered":"<p><span style=\"color: #000000;\">Nens i nenes, pares i mares, avis i \u00e0vies, amics i amigues&#8230; traieu l&#8217;artista que porteu a dins!\u00a0El pr\u00f2xim divendres 9 de novembre, a les 17.30h, us esperem a la Biblioteca!<\/span><\/p>\n<p><span style=\"color: #000000;\">Farem un taller gratu\u00eft, obert a tots els p\u00fablics. Pintarem castanyes, fulles i carabasses per decorar la secci\u00f3 infantil de la Biblioteca.<\/span><\/p>\n<p><span style=\"color: #000000;\">A m\u00e9s, a la Biblioteca hi trobareu l&#8217;expositor &#8220;Castaween&#8221; amb llibres infantils dedicats a la tardor.<\/span><\/p>\n<p><span style=\"color: #000000;\">Sigueu petits i grans, esteu convidats a passar una bona estona fent treballs manuals amb elements de la natura. Us hi esperem!<\/span><\/p>\n<hr \/>\n<p><span style=\"color: #000000;\">CASTELLANO | Ni\u00f1os y ni\u00f1as, padres y madres, abuelos y abuelas, amigos y amigas&#8230; \u00a1sacad al artista que llev\u00e1is dentro! El pr\u00f3ximo viernes 9 de noviembre, a las 17.30h, \u00a1os esperamos en la Biblioteca!<\/span><\/p>\n<p><span style=\"color: #000000;\">Haremos un taller gratuito, abierto a todos los p\u00fablicos. Pintaremos casta\u00f1as, hojas y calabazas para decorar la secci\u00f3n infantil de la Biblioteca.<\/span><\/p>\n<p><span style=\"color: #000000;\">Adem\u00e1s, en la Biblioteca encontrar\u00e9is el expositor &#8220;Castaween&#8221; con libros infantiles dedicados al oto\u00f1o.<\/span><\/p>\n<p><span style=\"color: #000000;\">Se\u00e1is peque\u00f1os o mayores, est\u00e1is invitados a pasar un buen rato haciendo manualidades con elementos de la naturaleza. \u00a1Os esperamos!<\/span><\/p>\n<p><a href=\"http:\/\/bisbalpenedes.com\/web\/wp-content\/uploads\/2018\/10\/Taller-castanyera-halloween.jpg\"><img loading=\"lazy\" class=\"aligncenter size-large wp-image-7534\" src=\"http:\/\/bisbalpenedes.com\/web\/wp-content\/uploads\/2018\/10\/Taller-castanyera-halloween-1024x1024.jpg\" alt=\"Taller-castanyera-halloween\" width=\"630\" height=\"630\" srcset=\"https:\/\/bisbalpenedes.com\/web\/wp-content\/uploads\/2018\/10\/Taller-castanyera-halloween-1024x1024.jpg 1024w, https:\/\/bisbalpenedes.com\/web\/wp-content\/uploads\/2018\/10\/Taller-castanyera-halloween-300x300.jpg 300w, https:\/\/bisbalpenedes.com\/web\/wp-content\/uploads\/2018\/10\/Taller-castanyera-halloween-100x100.jpg 100w, https:\/\/bisbalpenedes.com\/web\/wp-content\/uploads\/2018\/10\/Taller-castanyera-halloween-600x600.jpg 600w, https:\/\/bisbalpenedes.com\/web\/wp-content\/uploads\/2018\/10\/Taller-castanyera-halloween-150x150.jpg 150w, https:\/\/bisbalpenedes.com\/web\/wp-content\/uploads\/2018\/10\/Taller-castanyera-halloween-768x768.jpg 768w, https:\/\/bisbalpenedes.com\/web\/wp-content\/uploads\/2018\/10\/Taller-castanyera-halloween.jpg 2000w\" sizes=\"(max-width: 630px) 100vw, 630px\" \/><\/a><\/p>\n","protected":false},"excerpt":{"rendered":"<p>Nens i nenes, pares i mares, avis i \u00e0vies, amics i amigues&#8230; traieu l&#8217;artista que porteu a dins!\u00a0El pr\u00f2xim divendres 9 de novembre, a les 17.30h, us esperem a la &hellip; <a href=\"https:\/\/bisbalpenedes.com\/web\/2018\/10\/23\/el-divendres-9-de-novembre-no-et-perdis-el-taller-infantil-pinta-la-tardor-que-farem-a-la-biblioteca\/\" class=\"more-link\">Read More<\/a><\/p>\n","protected":false},"author":4,"featured_media":7534,"comment_status":"closed","ping_status":"closed","sticky":false,"template":"","format":"standard","meta":[],"categories":[2478,13],"tags":[230,180,2495,2488,2494,2493,2497,2348,2496],"_links":{"self":[{"href":"https:\/\/bisbalpenedes.com\/web\/wp-json\/wp\/v2\/posts\/7533"}],"collection":[{"href":"https:\/\/bisbalpenedes.com\/web\/wp-json\/wp\/v2\/posts"}],"about":[{"href":"https:\/\/bisbalpenedes.com\/web\/wp-json\/wp\/v2\/types\/post"}],"author":[{"embeddable":true,"href":"https:\/\/bisbalpenedes.com\/web\/wp-json\/wp\/v2\/users\/4"}],"replies":[{"embeddable":true,"href":"https:\/\/bisbalpenedes.com\/web\/wp-json\/wp\/v2\/comments?post=7533"}],"version-history":[{"count":2,"href":"https:\/\/bisbalpenedes.com\/web\/wp-json\/wp\/v2\/posts\/7533\/revisions"}],"predecessor-version":[{"id":7536,"href":"https:\/\/bisbalpenedes.com\/web\/wp-json\/wp\/v2\/posts\/7533\/revisions\/7536"}],"wp:featuredmedia":[{"embeddable":true,"href":"https:\/\/bisbalpenedes.com\/web\/wp-json\/wp\/v2\/media\/7534"}],"wp:attachment":[{"href":"https:\/\/bisbalpenedes.com\/web\/wp-json\/wp\/v2\/media?parent=7533"}],"wp:term":[{"taxonomy":"category","embeddable":true,"href":"https:\/\/bisbalpenedes.com\/web\/wp-json\/wp\/v2\/categories?post=7533"},{"taxonomy":"post_tag","embeddable":true,"href":"https:\/\/bisbalpenedes.com\/web\/wp-json\/wp\/v2\/tags?post=7533"}],"curies":[{"name":"wp","href":"https:\/\/api.w.org\/{rel}","templated":true}]}}